{"id":5732,"date":"2025-03-24T06:00:00","date_gmt":"2025-03-24T05:00:00","guid":{"rendered":"https:\/\/invest-in-niederrhein.de\/?p=5732"},"modified":"2025-03-20T11:08:43","modified_gmt":"2025-03-20T10:08:43","slug":"landrat-ingo-brohl-besucht-das-unternehmen-degiv-gmbh-in-kamp-lintfort","status":"publish","type":"post","link":"https:\/\/standort-niederrhein.de\/en\/2025\/03\/24\/landrat-ingo-brohl-besucht-das-unternehmen-degiv-gmbh-in-kamp-lintfort\/","title":{"rendered":"Landrat Ingo Brohl besucht das Unternehmen DeGIV GmbH in Kamp-Lintfort"},"content":{"rendered":"\n<p><strong>Kreis Wesel\/ Kamp-Lintfort. <\/strong>Im Rahmen der Unternehmensreihe \u201eDigitalstandort Kreis Wesel\u201c der kreiseigenen Entwicklungsagentur Wirtschaft (EAW) hat Landrat Ingo Brohl die DeGIV GmbH in Kamp-Lintfort besucht. Die von Dieter Rittinger im Jahr 2013 gegr\u00fcndete Firma startete mit der Idee eine anwenderorientierte, im Gegensatz zu PC und Smartphone sozialdatensichere Interaktionsplattform f\u00fcr alle Menschen anzubieten. Niedrigschwelliger, diskriminierungsfreier Zugang f\u00fcr alle Bev\u00f6lkerungsgruppen, die Wahrung der Privatsph\u00e4re sowie eine neutrale, sektoren\u00fcbergreifende, multifunktionale und dadurch h\u00f6chst kosteneffiziente Servicestruktur f\u00fcr Institutionen und Dienstleister. Mehr als 300 standortindividuelle Digitale Servicepunkte bilden seit 2014 als Patiententerminal, B\u00fcrgerterminal oder Gesundheitsterminal in einem die Grundlage f\u00fcr mehr digitalen Sozialdatenservice.\u00a0<\/p>\n\n\n\n<p>Gr\u00fcnder und Gesch\u00e4ftsf\u00fchrer Dieter Rittinger, Vertriebsleiter Roman Markus Wygas und IT-Leiter Julian Schultz stellten Landrat Ingo Brohl und EAW Leiter Lukas H\u00e4hnel ihr Terminal-System vor und demonstrierten dessen Nutzung. \u201eDer steigende Kostendruck bei demografischem Verlust von Personal in Kommune und bei gesetzlichen Krankenversicherung f\u00fchrt zu Serviceeinschr\u00e4nkungen wie k\u00fcrzeren Gesch\u00e4ftszeiten, Zentralisierung und Schlie\u00dfungen von Gesch\u00e4ftsstellen. Es braucht eine gemeinsam genutzte, gemeinsam finanzierte und zukunftsf\u00e4hige, sichere Interaktionsplattform, welche allen Bev\u00f6lkerungsgruppen die informationelle Teilhabe einer modernen Versorgung und Transformation von Servicestrukturen erm\u00f6glichen. Daf\u00fcr haben wir eine einzigartige L\u00f6sung entwickelt.\u201c&nbsp;so Dieter Rittinger, Gesch\u00e4ftsf\u00fchrender Gesellschafter<\/p>\n\n\n\n<p>Mit diesem System k\u00f6nnen B\u00fcrgerinnen und B\u00fcrger von jedem Terminal-Standort aus unter Zuhilfenahme ihres Personalausweises oder ihrer Gesundheitskarte direkt Vorg\u00e4nge mit ihrer Kommune oder ihrer Krankenversicherung abwickeln. Das Prinzip: Der Vorgang muss dabei f\u00fcr Jeden so einfach sein, wie Geld abzuheben. Landrat Ingo Brohl:&nbsp;&#8220;Die DeGIV GmbH zeigt eindrucksvoll, wie digitale Innovationen dazu beitragen k\u00f6nnen, den Zugang zu wichtigen Dienstleistungen f\u00fcr alle B\u00fcrgerinnen und B\u00fcrger zu erleichtern. Besonders beeindruckend ist, wie hier ein sicherer und barrierefreier Zugang zu Verwaltungs- und Gesundheitsleistungen geschaffen wird. Solche praxisnahen L\u00f6sungen st\u00e4rken nicht nur die digitale Infrastruktur, sondern auch den gesamten Digitalstandort Kreis Wesel.&#8221;<\/p>\n\n\n\n<p>Mit der Unternehmensreihe \u201eDigitalstandort Kreis Wesel\u201c m\u00f6chte die EAW die Vielfalt und Bedeutung der Softwarebranche am Niederrhein sichtbar machen, Einblicke in die Arbeitsweise der Unternehmen gewinnen und den Dialog \u00fcber Chancen und Herausforderungen st\u00e4rken.\u00a0<\/p>\n\n\n\n<p>Quelle: <a href=\"https:\/\/www.kreis-wesel.de\/aktuelles\/presse\/landrat-ingo-brohl-besucht-das-unternehmen-degiv-gmbh-kamp-lintfort\">Kreis Wesel<\/a><\/p>\n\n\n<figure class=\"wp-block-post-featured-image\"><img loading=\"lazy\" decoding=\"async\" width=\"1536\" height=\"1416\" src=\"https:\/\/standort-niederrhein.de\/wp-content\/uploads\/2025\/03\/p07703_unternehmensbesuch_degiv.jpg\" class=\"attachment-post-thumbnail size-post-thumbnail wp-post-image\" alt=\"\" style=\"object-fit:cover;\" srcset=\"https:\/\/standort-niederrhein.de\/wp-content\/uploads\/2025\/03\/p07703_unternehmensbesuch_degiv.jpg 1536w, https:\/\/standort-niederrhein.de\/wp-content\/uploads\/2025\/03\/p07703_unternehmensbesuch_degiv-1280x1180.jpg 1280w, https:\/\/standort-niederrhein.de\/wp-content\/uploads\/2025\/03\/p07703_unternehmensbesuch_degiv-980x903.jpg 980w, https:\/\/standort-niederrhein.de\/wp-content\/uploads\/2025\/03\/p07703_unternehmensbesuch_degiv-480x443.jpg 480w\" sizes=\"(min-width: 0px) and (max-width: 480px) 480px, (min-width: 481px) and (max-width: 980px) 980px, (min-width: 981px) and (max-width: 1280px) 1280px, (min-width: 1281px) 1536px, 100vw\" \/><\/figure>\n\n\n<p>Von links: Dieter Rittinger (Gesch\u00e4ftsf\u00fchrer und Gr\u00fcnder), Roman Markus Wygas (Vertriebsleiter), Landrat Ingo Brohl, und EAW-Leiter Lukas H\u00e4hnel | Foto: Kreis Wesel<\/p>\n","protected":false},"excerpt":{"rendered":"<p>Kreis Wesel\/ Kamp-Lintfort. Im Rahmen der Unternehmensreihe \u201eDigitalstandort Kreis Wesel\u201c der kreiseigenen Entwicklungsagentur Wirtschaft (EAW) hat Landrat Ingo Brohl die DeGIV GmbH in Kamp-Lintfort besucht. Die von Dieter Rittinger im Jahr 2013 gegr\u00fcndete Firma startete mit der Idee eine anwenderorientierte, im Gegensatz zu PC und Smartphone sozialdatensichere Interaktionsplattform f\u00fcr alle Menschen anzubieten. Niedrigschwelliger, diskriminierungsfreier Zugang [&hellip;]<\/p>\n","protected":false},"author":3,"featured_media":5733,"comment_status":"closed","ping_status":"closed","sticky":false,"template":"","format":"standard","meta":{"_et_pb_use_builder":"","_et_pb_old_content":"","_et_gb_content_width":"","footnotes":""},"categories":[1],"tags":[],"class_list":["post-5732","post","type-post","status-publish","format-standard","has-post-thumbnail","hentry","category-allgemein"],"_links":{"self":[{"href":"https:\/\/standort-niederrhein.de\/en\/wp-json\/wp\/v2\/posts\/5732","targetHints":{"allow":["GET"]}}],"collection":[{"href":"https:\/\/standort-niederrhein.de\/en\/wp-json\/wp\/v2\/posts"}],"about":[{"href":"https:\/\/standort-niederrhein.de\/en\/wp-json\/wp\/v2\/types\/post"}],"author":[{"embeddable":true,"href":"https:\/\/standort-niederrhein.de\/en\/wp-json\/wp\/v2\/users\/3"}],"replies":[{"embeddable":true,"href":"https:\/\/standort-niederrhein.de\/en\/wp-json\/wp\/v2\/comments?post=5732"}],"version-history":[{"count":1,"href":"https:\/\/standort-niederrhein.de\/en\/wp-json\/wp\/v2\/posts\/5732\/revisions"}],"predecessor-version":[{"id":5734,"href":"https:\/\/standort-niederrhein.de\/en\/wp-json\/wp\/v2\/posts\/5732\/revisions\/5734"}],"wp:featuredmedia":[{"embeddable":true,"href":"https:\/\/standort-niederrhein.de\/en\/wp-json\/wp\/v2\/media\/5733"}],"wp:attachment":[{"href":"https:\/\/standort-niederrhein.de\/en\/wp-json\/wp\/v2\/media?parent=5732"}],"wp:term":[{"taxonomy":"category","embeddable":true,"href":"https:\/\/standort-niederrhein.de\/en\/wp-json\/wp\/v2\/categories?post=5732"},{"taxonomy":"post_tag","embeddable":true,"href":"https:\/\/standort-niederrhein.de\/en\/wp-json\/wp\/v2\/tags?post=5732"}],"curies":[{"name":"wp","href":"https:\/\/api.w.org\/{rel}","templated":true}]}}