{"id":5729,"date":"2025-03-21T06:00:00","date_gmt":"2025-03-21T05:00:00","guid":{"rendered":"https:\/\/invest-in-niederrhein.de\/?p=5729"},"modified":"2025-03-20T11:04:41","modified_gmt":"2025-03-20T10:04:41","slug":"kommunikation-ist-der-schluessel-fuer-die-gewinnung-und-bindung-von-fachkraeften","status":"publish","type":"post","link":"https:\/\/standort-niederrhein.de\/en\/2025\/03\/21\/kommunikation-ist-der-schluessel-fuer-die-gewinnung-und-bindung-von-fachkraeften\/","title":{"rendered":"Kommunikation ist der Schl\u00fcssel f\u00fcr die Gewinnung und Bindung von Fachkr\u00e4ften"},"content":{"rendered":"\n<p><strong>Kreis Kleve\/ Geldern.<\/strong> Die historischen R\u00e4umlichkeiten von Haus Ingenray in Pont boten die Kulisse f\u00fcr das j\u00fcngste Unternehmerfr\u00fchst\u00fcck der Wirtschaftsf\u00f6rderung Kreis Kleve in Kooperation mit der Stadt Geldern. \u00a0<strong>\u00a0<\/strong>Die Veranstaltung stand unter dem Motto: \u201eFachkr\u00e4ftemangel: Herausforderungen und zukunftsweisende L\u00f6sungsans\u00e4tze\u201c. Auch dieses Mal gab es f\u00fcr die Unternehmerinnen und Unternehmer wieder zahlreiche Tipps f\u00fcr die Personalrekrutierung und -bindung. \u00a0<\/p>\n\n\n\n<p>Er\u00f6ffnet wurde das Unternehmerfr\u00fchst\u00fcck durch B\u00fcrgermeister Sven Kaiser, der den Teilnehmenden aktuelle lokale Themen vorstellte. Erfreut zeigte sich Kaiser \u00fcber die erfolgreiche Vermarktung von Grundst\u00fccken im Gewerbegebiet Pannofen, \u201ees sind nur noch wenige Parzellen frei\u201c, sagte der B\u00fcrgermeister. Auf die ausgeschriebene Stelle der Wirtschaftsf\u00f6rderung habe sich ein \u201eguter Bewerberpool\u201c gemeldet. Herausfordernd bleibe f\u00fcr die St\u00e4dte auch in n\u00e4herer Zukunft die kommunale Finanzlage, aber auch die schlecht funktionierende Bahnverbindung RE 10 (\u201eNiersexpress\u201c). Hier haben bereits Gespr\u00e4che mit der Transdev Rhein-Ruhr, dem Betreiber der Bahnstrecke, stattgefunden.<\/p>\n\n\n\n<p>Anschlie\u00dfend stellte Gesch\u00e4ftsf\u00fchrerin Brigitte Jansen den G\u00e4sten die vielf\u00e4ltigen Aktivit\u00e4ten der Kreis-Wirtschaftsf\u00f6rderung vor und lud sie ein, den Kontakt dorthin zu suchen, wenn Bedarf an Beratung, Unterst\u00fctzung und Information besteht oder der Kontakt zur Hochschule Rhein-Waal gesucht wird. &nbsp;<\/p>\n\n\n\n<p>Barbara Ossyra, Vorsitzende der Gesch\u00e4ftsf\u00fchrung der auch f\u00fcr den Kreis Kleve zust\u00e4ndigen Agentur f\u00fcr Arbeit Wesel, und Andrea Schwan, Fachbereichsleiterin Jugend, Soziales und Jobcenter Kreis Kleve, pr\u00e4sentierten verschiedene Angebote f\u00fcr Unternehmerinnen und Unternehmer. Sascha Bongertmann sowie Nils Heuer von der Agentur f\u00fcr Arbeit und Max J\u00fcrgens vom Jobcenter Kreis Kleve stellten den Unternehmerinnen und Unternehmern hilfreiche Unterst\u00fctzungsm\u00f6glichkeiten vor &#8211; von der Besch\u00e4ftigtenqualifizierung \u00fcber den Job-Turbo bis zur Fachkr\u00e4fte-Gewinnung aus dem Ausland.<\/p>\n\n\n\n<p>In einer Gespr\u00e4chsrunde, moderiert durch Andrea Franken, ging es anschlie\u00dfend um Erfolg bringende Ma\u00dfnahmen beim Recruiting. Bei der \u201eAm See Park Janssen Gmbh\u201c sind an drei Standorten in Geldern insgesamt 180 Mitarbeitende besch\u00e4ftigt, darunter Hotelfachkr\u00e4fte, K\u00f6chinnen und K\u00f6che, Fitnesstrainerinnen und<br>-trainer, Restaurantfachleute sowie 16 Auszubildende. \u201eWir schreiben dauerhaft Stellen aus, auch wenn diese aktuell noch besetzt sind. Das geschieht ausschlie\u00dflich digital\u201c, erl\u00e4uterte Gesch\u00e4ftsf\u00fchrer Marc Janssen. Bei der Gewinnung aber auch der Bindung von Mitarbeitenden, sei eine gute Kommunikation der Schl\u00fcssel zum Erfolg. Janssen: \u201eWir versuchen, fr\u00fchzeitig zu erfahren, wo der Schuh dr\u00fcckt.\u201c &nbsp;Prokuristin Annika Hartmann vertrat die L.N. Schaffrath GmbH &amp; Co. KG DruckMedien, die aktuell 235 Besch\u00e4ftigte z\u00e4hlt und auf 280 Jahre Firmengeschichte zur\u00fcckblicken kann. Um die offenen Stellen zu besetzen, ist das Unternehmen oft auf Jobb\u00f6rsen vertreten, bedient aber auch mehrere Social-Media-Kan\u00e4le. \u201eWir arbeiten zudem eng mit der Agentur f\u00fcr Arbeit zusammen, die uns sehr gut ber\u00e4t\u201c, betonte Hartmann. Die zahlreichen Gesundheits- bzw. Pr\u00e4ventionsangebote und eine Duz-Kultur im Unternehmen k\u00e4men bei den Mitarbeitenden gut an. B\u00fcrgermeister Sven Kaiser leitet eine Verwaltung mit mehr als 500 Besch\u00e4ftigten. Auch dort sei das \u201eDu\u201c inzwischen Standard. \u201eWir versuchen, Hierarchien und Formalismus abzubauen\u201c, sagte der B\u00fcrgermeister. Interne Veranstaltungen wie ein gemeinsames Grillen oder ein Weckmannfr\u00fchst\u00fcck in der Weihnachtszeit, die es bei der Stadt Geldern beispielsweise seit einiger Zeit gibt, seien hilfreich, um das Gemeinschaftsgef\u00fchl zu f\u00f6rdern, so Kaisers abschlie\u00dfende Empfehlung.<\/p>\n\n\n\n<p>Anmeldungen f\u00fcr die n\u00e4chsten Unternehmerfr\u00fchst\u00fccke nimmt die Wirtschaftsf\u00f6rderung Kreis Kleve gerne im Veranstaltungskalender online unter www.wfg-kreis-kleve.de entgegen.<\/p>\n\n\n\n<p>Quelle: <a href=\"http:\/\/www.wfg-kreis-kleve.de\">WFG Kreis Kleve<\/a><\/p>\n\n\n<figure class=\"wp-block-post-featured-image\"><img loading=\"lazy\" decoding=\"async\" width=\"2560\" height=\"1707\" src=\"https:\/\/standort-niederrhein.de\/wp-content\/uploads\/2025\/03\/UF-Geldern-3-scaled.jpg\" class=\"attachment-post-thumbnail size-post-thumbnail wp-post-image\" alt=\"\" style=\"object-fit:cover;\" srcset=\"https:\/\/standort-niederrhein.de\/wp-content\/uploads\/2025\/03\/UF-Geldern-3-scaled.jpg 2560w, https:\/\/standort-niederrhein.de\/wp-content\/uploads\/2025\/03\/UF-Geldern-3-1280x854.jpg 1280w, https:\/\/standort-niederrhein.de\/wp-content\/uploads\/2025\/03\/UF-Geldern-3-980x653.jpg 980w, https:\/\/standort-niederrhein.de\/wp-content\/uploads\/2025\/03\/UF-Geldern-3-480x320.jpg 480w\" sizes=\"(min-width: 0px) and (max-width: 480px) 480px, (min-width: 481px) and (max-width: 980px) 980px, (min-width: 981px) and (max-width: 1280px) 1280px, (min-width: 1281px) 2560px, 100vw\" \/><\/figure>\n\n\n<p>Die Protagonisten des Unternehmerfr\u00fchst\u00fccks in Geldern: Vorne: Sven Kaiser (B\u00fcrgermeister Stadt Geldern) und Brigitte Jansen (Gesch\u00e4ftsf\u00fchrerin WFG Kreis Kleve). Hinten, von links: Marc Janssen (Gesch\u00e4ftsf\u00fchrer Am See Park Janssen GmbH), Nils K\u00f6ster (WFG Kreis Kleve), Barbara Ossyra (Gesch\u00e4ftsf\u00fchrerin Agentur f\u00fcr Arbeit Wesel), Andrea Schwan (Fachbereichsleiterin Jugend, Soziales und Jobcenter Kreis Kleve), Marc Cattelaens (WFG Kreis Kleve), \u00a0Annika Hartmann ( L.N. Schaffrath GmbH &amp; Co. KG DruckMedien), Nils Heuer (Bundesagentur f\u00fcr Arbeit), Kevin Hebink (Agentur f\u00fcr Arbeit), Andrea Franken (Moderatorin), Max J\u00fcrgens (Jobcenter Kreis Kleve), Guido Ingenbleek (Stadt Geldern) und Sascha Bongertmann (Bundesagentur f\u00fcr Arbeit). | Foto: WFG Kreis Kleve<\/p>\n","protected":false},"excerpt":{"rendered":"<p>Kreis Kleve\/ Geldern. Die historischen R\u00e4umlichkeiten von Haus Ingenray in Pont boten die Kulisse f\u00fcr das j\u00fcngste Unternehmerfr\u00fchst\u00fcck der Wirtschaftsf\u00f6rderung Kreis Kleve in Kooperation mit der Stadt Geldern. \u00a0\u00a0Die Veranstaltung stand unter dem Motto: \u201eFachkr\u00e4ftemangel: Herausforderungen und zukunftsweisende L\u00f6sungsans\u00e4tze\u201c. Auch dieses Mal gab es f\u00fcr die Unternehmerinnen und Unternehmer wieder zahlreiche Tipps f\u00fcr die Personalrekrutierung [&hellip;]<\/p>\n","protected":false},"author":3,"featured_media":5730,"comment_status":"closed","ping_status":"closed","sticky":false,"template":"","format":"standard","meta":{"_et_pb_use_builder":"","_et_pb_old_content":"","_et_gb_content_width":"","footnotes":""},"categories":[1],"tags":[],"class_list":["post-5729","post","type-post","status-publish","format-standard","has-post-thumbnail","hentry","category-allgemein"],"_links":{"self":[{"href":"https:\/\/standort-niederrhein.de\/en\/wp-json\/wp\/v2\/posts\/5729","targetHints":{"allow":["GET"]}}],"collection":[{"href":"https:\/\/standort-niederrhein.de\/en\/wp-json\/wp\/v2\/posts"}],"about":[{"href":"https:\/\/standort-niederrhein.de\/en\/wp-json\/wp\/v2\/types\/post"}],"author":[{"embeddable":true,"href":"https:\/\/standort-niederrhein.de\/en\/wp-json\/wp\/v2\/users\/3"}],"replies":[{"embeddable":true,"href":"https:\/\/standort-niederrhein.de\/en\/wp-json\/wp\/v2\/comments?post=5729"}],"version-history":[{"count":1,"href":"https:\/\/standort-niederrhein.de\/en\/wp-json\/wp\/v2\/posts\/5729\/revisions"}],"predecessor-version":[{"id":5731,"href":"https:\/\/standort-niederrhein.de\/en\/wp-json\/wp\/v2\/posts\/5729\/revisions\/5731"}],"wp:featuredmedia":[{"embeddable":true,"href":"https:\/\/standort-niederrhein.de\/en\/wp-json\/wp\/v2\/media\/5730"}],"wp:attachment":[{"href":"https:\/\/standort-niederrhein.de\/en\/wp-json\/wp\/v2\/media?parent=5729"}],"wp:term":[{"taxonomy":"category","embeddable":true,"href":"https:\/\/standort-niederrhein.de\/en\/wp-json\/wp\/v2\/categories?post=5729"},{"taxonomy":"post_tag","embeddable":true,"href":"https:\/\/standort-niederrhein.de\/en\/wp-json\/wp\/v2\/tags?post=5729"}],"curies":[{"name":"wp","href":"https:\/\/api.w.org\/{rel}","templated":true}]}}