{"id":5715,"date":"2025-03-18T06:00:00","date_gmt":"2025-03-18T05:00:00","guid":{"rendered":"https:\/\/invest-in-niederrhein.de\/?p=5715"},"modified":"2025-03-14T09:15:07","modified_gmt":"2025-03-14T08:15:07","slug":"landrat-begruesst-vorsitzenden-der-geschaeftsfuehrung-der-agentur-fuer-arbeit","status":"publish","type":"post","link":"https:\/\/standort-niederrhein.de\/en\/2025\/03\/18\/landrat-begruesst-vorsitzenden-der-geschaeftsfuehrung-der-agentur-fuer-arbeit\/","title":{"rendered":"Landrat begr\u00fc\u00dft Vorsitzenden der Gesch\u00e4ftsf\u00fchrung der Agentur f\u00fcr Arbeit"},"content":{"rendered":"\n<p><strong>Kreis Viersen.<\/strong> Landrat Dr. Andreas Coenen hat k\u00fcrzlich Hasan Klauser als neuen Vorsitzenden der Gesch\u00e4ftsf\u00fchrung der Agentur f\u00fcr Arbeit Krefeld\/ Kreis Viersen begr\u00fc\u00dft.<\/p>\n\n\n\n<p>&#8220;Ich w\u00fcnsche Herrn Klauser f\u00fcr seine neue T\u00e4tigkeit als Vorsitzender in der Gesch\u00e4ftsf\u00fchrung viel Erfolg. Den Kreis Viersen und die Agentur f\u00fcr Arbeit verbinden viele gemeinsame Projekte f\u00fcr Menschen, die ohne Arbeit sind. Ich freue mich, diese auch weiterhin in guter Zusammenarbeit fortf\u00fchren zu k\u00f6nnen&#8221;, sagt Landrat Dr. Andreas Coenen.<\/p>\n\n\n\n<p>Hasan Klauser leitet die Agentur f\u00fcr Arbeit Krefeld \/ Kreis Viersen seit Anfang Februar. Er folgt damit Dr. Sarah Borgloh, die nach D\u00fcsseldorf gewechselt hat.<\/p>\n\n\n\n<p>Klausers berufliche Karriere hat 2006 als Arbeitsvermittler und Berufsberater in Leverkusen begonnen. Danach ist er in die Regionaldirektion Nordrhein-Westfalen gewechselt, bei der er unter anderem f\u00fcr die Einf\u00fchrung von &#8220;Kein Abschluss ohne Anschluss&#8221; verantwortlich war und den Aufbau der Integration Point Strukturen in der Fl\u00fcchtlingskrise 2015 begleitete. Von 2019 bis 2022 ist Klauser als pers\u00f6nlicher Referent und B\u00fcroleiter in der Zentrale der Bundesagentur f\u00fcr Arbeit in N\u00fcrnberg t\u00e4tig gewesen. Zuletzt hat er als Gesch\u00e4ftsf\u00fchrer operativ in der Agentur f\u00fcr Arbeit Essen gearbeitet.<\/p>\n\n\n\n<p>Quelle: <a href=\"http:\/\/www.kreis-viersen.de\">Kreis Viersen<\/a><\/p>\n\n\n<figure class=\"wp-block-post-featured-image\"><img loading=\"lazy\" decoding=\"async\" width=\"2362\" height=\"2241\" src=\"https:\/\/standort-niederrhein.de\/wp-content\/uploads\/2025\/03\/295069P.jpg\" class=\"attachment-post-thumbnail size-post-thumbnail wp-post-image\" alt=\"\" style=\"object-fit:cover;\" srcset=\"https:\/\/standort-niederrhein.de\/wp-content\/uploads\/2025\/03\/295069P.jpg 2362w, https:\/\/standort-niederrhein.de\/wp-content\/uploads\/2025\/03\/295069P-1280x1214.jpg 1280w, https:\/\/standort-niederrhein.de\/wp-content\/uploads\/2025\/03\/295069P-980x930.jpg 980w, https:\/\/standort-niederrhein.de\/wp-content\/uploads\/2025\/03\/295069P-480x455.jpg 480w\" sizes=\"(min-width: 0px) and (max-width: 480px) 480px, (min-width: 481px) and (max-width: 980px) 980px, (min-width: 981px) and (max-width: 1280px) 1280px, (min-width: 1281px) 2362px, 100vw\" \/><\/figure>\n\n\n<p>Landrat Dr. Andreas Coenen (r.) hat Hasan Klauser (l.) als neuen Vorsitzenden der Gesch\u00e4ftsf\u00fchrung der Agentur f\u00fcr Arbeit Krefeld\/ Kreis Viersen begr\u00fc\u00dft. | Foto: Kreis Viersen<br><\/p>\n","protected":false},"excerpt":{"rendered":"<p>Kreis Viersen. Landrat Dr. Andreas Coenen hat k\u00fcrzlich Hasan Klauser als neuen Vorsitzenden der Gesch\u00e4ftsf\u00fchrung der Agentur f\u00fcr Arbeit Krefeld\/ Kreis Viersen begr\u00fc\u00dft. &#8220;Ich w\u00fcnsche Herrn Klauser f\u00fcr seine neue T\u00e4tigkeit als Vorsitzender in der Gesch\u00e4ftsf\u00fchrung viel Erfolg. Den Kreis Viersen und die Agentur f\u00fcr Arbeit verbinden viele gemeinsame Projekte f\u00fcr Menschen, die ohne Arbeit [&hellip;]<\/p>\n","protected":false},"author":3,"featured_media":5716,"comment_status":"closed","ping_status":"closed","sticky":false,"template":"","format":"standard","meta":{"_et_pb_use_builder":"","_et_pb_old_content":"","_et_gb_content_width":"","footnotes":""},"categories":[1],"tags":[],"class_list":["post-5715","post","type-post","status-publish","format-standard","has-post-thumbnail","hentry","category-allgemein"],"_links":{"self":[{"href":"https:\/\/standort-niederrhein.de\/en\/wp-json\/wp\/v2\/posts\/5715","targetHints":{"allow":["GET"]}}],"collection":[{"href":"https:\/\/standort-niederrhein.de\/en\/wp-json\/wp\/v2\/posts"}],"about":[{"href":"https:\/\/standort-niederrhein.de\/en\/wp-json\/wp\/v2\/types\/post"}],"author":[{"embeddable":true,"href":"https:\/\/standort-niederrhein.de\/en\/wp-json\/wp\/v2\/users\/3"}],"replies":[{"embeddable":true,"href":"https:\/\/standort-niederrhein.de\/en\/wp-json\/wp\/v2\/comments?post=5715"}],"version-history":[{"count":1,"href":"https:\/\/standort-niederrhein.de\/en\/wp-json\/wp\/v2\/posts\/5715\/revisions"}],"predecessor-version":[{"id":5717,"href":"https:\/\/standort-niederrhein.de\/en\/wp-json\/wp\/v2\/posts\/5715\/revisions\/5717"}],"wp:featuredmedia":[{"embeddable":true,"href":"https:\/\/standort-niederrhein.de\/en\/wp-json\/wp\/v2\/media\/5716"}],"wp:attachment":[{"href":"https:\/\/standort-niederrhein.de\/en\/wp-json\/wp\/v2\/media?parent=5715"}],"wp:term":[{"taxonomy":"category","embeddable":true,"href":"https:\/\/standort-niederrhein.de\/en\/wp-json\/wp\/v2\/categories?post=5715"},{"taxonomy":"post_tag","embeddable":true,"href":"https:\/\/standort-niederrhein.de\/en\/wp-json\/wp\/v2\/tags?post=5715"}],"curies":[{"name":"wp","href":"https:\/\/api.w.org\/{rel}","templated":true}]}}