{"id":5709,"date":"2025-03-17T06:00:00","date_gmt":"2025-03-17T05:00:00","guid":{"rendered":"https:\/\/invest-in-niederrhein.de\/?p=5709"},"modified":"2025-03-13T13:29:16","modified_gmt":"2025-03-13T12:29:16","slug":"fortschritte-beim-bau-von-bezahlbarem-wohnraum","status":"publish","type":"post","link":"https:\/\/standort-niederrhein.de\/en\/2025\/03\/17\/fortschritte-beim-bau-von-bezahlbarem-wohnraum\/","title":{"rendered":"Fortschritte beim Bau von bezahlbarem Wohnraum"},"content":{"rendered":"\n<p>Kaarst. Die Genossenschaft f\u00fcr kommunale Wohnraumversorgung Kaarst (KWK) meldet wichtige Fortschritte bei der Schaffung bezahlbaren Wohnraums. An drei Standorten in Kaarst sind Bauprojekte geplant: an der Glehner Stra\u00dfe in B\u00fcttgen sowie an der Humboldstra\u00dfe und am Hoverkamp in Kaarst. F\u00fcr das Geb\u00e4ude an der Humboldstra\u00dfe wird voraussichtlich in der kommenden Woche die Baugenehmigung erteilt. Die KWK ist eine gemeinsame Initiative der Stadt Kaarst, des Rhein-Kreis Neuss und der Pyramis Immobilien Entwicklungs&nbsp;GmbH&nbsp;nach dem Vorbild des Detmolder Modells.<\/p>\n\n\n\n<p>An der Humboldstra\u00dfe unweit des Kaarster Bahnhofs werden 21 \u00f6ffentlich gef\u00f6rderte Wohnungen entstehen. Sobald die F\u00f6rdermittel bewilligt sind und die Baugenehmigung vorliegt, kann mit dem Bau begonnen werden. Der Baustart soll in den kommenden Wochen erfolgen, um den Wohnungsmarkt schnellstm\u00f6glich entlasten zu k\u00f6nnen. Denn die Wohnungssituation in Kaarst spiegelt die Herausforderungen wider, die viele St\u00e4dte im Rheinland derzeit erleben. Die Bev\u00f6lkerung w\u00e4chst kontinuierlich. Experten prognostizieren, dass die Einwohnerzahl in Kaarst bis 2030 auf 46.000 steigen wird. Die attraktive Lage in der N\u00e4he der rheinischen Metropolen, die moderne Infrastruktur und die hohe Lebensqualit\u00e4t vor Ort sind nur ein paar Faktoren, die das Wachstum beg\u00fcnstigen. Dementsprechend angespannt ist der Kaarster Wohnungsmarkt.<\/p>\n\n\n\n<p>Zudem m\u00fcssen mehr Wohnungen f\u00fcr Schutzsuchende entstehen. Zwar hat die Stadt schon erfolgreich mehrere hundert Gefl\u00fcchtete in angemieteten oder stadteigenen Wohnungen untergebracht, doch es bedarf noch mehr Einheiten, um gen\u00fcgend Kapazit\u00e4ten bereitzustellen. Um diese Herausforderungen zu meistern, hat die Stadt Kaarst ihre eigene Wohnungsgenossenschaft gegr\u00fcndet, die mit dem Baustart an der Humboldstra\u00dfe und der Glehnerstra\u00dfe die ersten 52 neuen Wohneinheiten realisieren m\u00f6chte.<\/p>\n\n\n\n<p>Im Ortsteil B\u00fcttgen an der Glehner Stra\u00dfe wird die Genossenschaft zwei Wohnh\u00e4user mit 15 und 16 Wohneinheiten f\u00fcr Schutzsuchende bauen. F\u00fcr dieses Vorhaben hat die Bauherrin F\u00f6rdermittel in der H\u00f6he von fast sieben Millionen Euro erhalten. Die Baugenehmigung befindet sich derzeit in der Abstimmung. In B\u00fcttgen wird zudem ein Haus mit 12 Wohnungen f\u00fcr Familien entstehen. Dieses Haus wird zu einem sp\u00e4teren Zeitpunkt nach Sicherung der Finanzierung und Erteilung der Baugenehmigung gebaut.<\/p>\n\n\n\n<p>Am Hoverkamp im Nordosten der Stadt will die Genossenschaft zwei H\u00e4user mit 30 Wohnungen f\u00fcr Schutzsuchende bauen. Im Dezember 2024 wurde daf\u00fcr ein F\u00f6rderdarlehen in H\u00f6he von \u00fcber acht Millionen Euro beantragt. Die KWK will den Zeitpunkt des Baustarts bald bekanntgeben.<\/p>\n\n\n\n<p>B\u00fcrgermeisterin Ursula Baum, die gleichzeitig den Vorsitz des Aufsichtsrates der Genossenschaft innehat, freut sich auf den Baustart f\u00fcr die ersten beiden Projekte: \u201eDamit setzen wir ein deutliches Zeichen f\u00fcr die Zukunft unserer Stadt. Es ist mir ein zentrales Anliegen, bezahlbaren Wohnraum zu schaffen und den sozialen Zusammenhalt in Kaarst zu f\u00f6rdern. Der Bau von angemessenem Wohnraum ist hierf\u00fcr ein elementarer Bestandteil.\u201c<\/p>\n\n\n\n<p>Stefan Meuser, K\u00e4mmerer der Stadt und gemeinsam mit Michael Kirchner Vorstand der Genossenschaft, erg\u00e4nzt: \u201eDie Genossenschaft wird insgesamt 21 Millionen Euro in den Bau der neuen Wohneinheiten investieren. Damit schaffen wir nicht nur den dringend ben\u00f6tigten Wohnraum, sondern setzen auch ein starkes Signal f\u00fcr soziale Gerechtigkeit und Zusammenhalt in Kaarst.\u201c<\/p>\n\n\n\n<p>\u201eDurch den Bau der neuen Wohneinheiten sorgen wir nicht nur f\u00fcr eine angemessene Wohnraumversorgung, sondern auch f\u00fcr eine dezentrale Unterbringung in der Stadt Kaarst\u201c, schlie\u00dft Michael Kirchner, gesch\u00e4ftsf\u00fchrender Gesellschafter der Pyramis, ab.<\/p>\n\n\n\n<p>Quelle: <a href=\"http:\/\/www.kaarst.de\">Stadt Kaarst<\/a><\/p>\n\n\n<figure class=\"wp-block-post-featured-image\"><img loading=\"lazy\" decoding=\"async\" width=\"1987\" height=\"1324\" src=\"https:\/\/standort-niederrhein.de\/wp-content\/uploads\/2025\/03\/Visualisierung_Genossenschaft_Gebaeude_Humboldstrasse.jpg\" class=\"attachment-post-thumbnail size-post-thumbnail wp-post-image\" alt=\"\" style=\"object-fit:cover;\" srcset=\"https:\/\/standort-niederrhein.de\/wp-content\/uploads\/2025\/03\/Visualisierung_Genossenschaft_Gebaeude_Humboldstrasse.jpg 1987w, https:\/\/standort-niederrhein.de\/wp-content\/uploads\/2025\/03\/Visualisierung_Genossenschaft_Gebaeude_Humboldstrasse-1280x853.jpg 1280w, https:\/\/standort-niederrhein.de\/wp-content\/uploads\/2025\/03\/Visualisierung_Genossenschaft_Gebaeude_Humboldstrasse-980x653.jpg 980w, https:\/\/standort-niederrhein.de\/wp-content\/uploads\/2025\/03\/Visualisierung_Genossenschaft_Gebaeude_Humboldstrasse-480x320.jpg 480w\" sizes=\"(min-width: 0px) and (max-width: 480px) 480px, (min-width: 481px) and (max-width: 980px) 980px, (min-width: 981px) and (max-width: 1280px) 1280px, (min-width: 1281px) 1987px, 100vw\" \/><\/figure>","protected":false},"excerpt":{"rendered":"<p>Kaarst. Die Genossenschaft f\u00fcr kommunale Wohnraumversorgung Kaarst (KWK) meldet wichtige Fortschritte bei der Schaffung bezahlbaren Wohnraums. An drei Standorten in Kaarst sind Bauprojekte geplant: an der Glehner Stra\u00dfe in B\u00fcttgen sowie an der Humboldstra\u00dfe und am Hoverkamp in Kaarst. F\u00fcr das Geb\u00e4ude an der Humboldstra\u00dfe wird voraussichtlich in der kommenden Woche die Baugenehmigung erteilt. Die [&hellip;]<\/p>\n","protected":false},"author":3,"featured_media":5710,"comment_status":"closed","ping_status":"closed","sticky":false,"template":"","format":"standard","meta":{"_et_pb_use_builder":"","_et_pb_old_content":"","_et_gb_content_width":"","footnotes":""},"categories":[1],"tags":[],"class_list":["post-5709","post","type-post","status-publish","format-standard","has-post-thumbnail","hentry","category-allgemein"],"_links":{"self":[{"href":"https:\/\/standort-niederrhein.de\/en\/wp-json\/wp\/v2\/posts\/5709","targetHints":{"allow":["GET"]}}],"collection":[{"href":"https:\/\/standort-niederrhein.de\/en\/wp-json\/wp\/v2\/posts"}],"about":[{"href":"https:\/\/standort-niederrhein.de\/en\/wp-json\/wp\/v2\/types\/post"}],"author":[{"embeddable":true,"href":"https:\/\/standort-niederrhein.de\/en\/wp-json\/wp\/v2\/users\/3"}],"replies":[{"embeddable":true,"href":"https:\/\/standort-niederrhein.de\/en\/wp-json\/wp\/v2\/comments?post=5709"}],"version-history":[{"count":1,"href":"https:\/\/standort-niederrhein.de\/en\/wp-json\/wp\/v2\/posts\/5709\/revisions"}],"predecessor-version":[{"id":5711,"href":"https:\/\/standort-niederrhein.de\/en\/wp-json\/wp\/v2\/posts\/5709\/revisions\/5711"}],"wp:featuredmedia":[{"embeddable":true,"href":"https:\/\/standort-niederrhein.de\/en\/wp-json\/wp\/v2\/media\/5710"}],"wp:attachment":[{"href":"https:\/\/standort-niederrhein.de\/en\/wp-json\/wp\/v2\/media?parent=5709"}],"wp:term":[{"taxonomy":"category","embeddable":true,"href":"https:\/\/standort-niederrhein.de\/en\/wp-json\/wp\/v2\/categories?post=5709"},{"taxonomy":"post_tag","embeddable":true,"href":"https:\/\/standort-niederrhein.de\/en\/wp-json\/wp\/v2\/tags?post=5709"}],"curies":[{"name":"wp","href":"https:\/\/api.w.org\/{rel}","templated":true}]}}