{"id":5690,"date":"2025-03-08T07:00:00","date_gmt":"2025-03-08T06:00:00","guid":{"rendered":"https:\/\/invest-in-niederrhein.de\/?p=5690"},"modified":"2025-03-07T14:15:59","modified_gmt":"2025-03-07T13:15:59","slug":"staerkungspaket-2-0-sorgt-fuer-weitere-aufwertung-der-innenstadt","status":"publish","type":"post","link":"https:\/\/standort-niederrhein.de\/en\/2025\/03\/08\/staerkungspaket-2-0-sorgt-fuer-weitere-aufwertung-der-innenstadt\/","title":{"rendered":"St\u00e4rkungspaket 2.0 sorgt f\u00fcr weitere Aufwertung der Innenstadt"},"content":{"rendered":"\n<p><strong>Krefeld.<\/strong> Mit dem in gro\u00dfer Mehrheit im Stadtrat verabschiedeten St\u00e4rkungspaket Innenstadt 2.0 k\u00f6nnen nun zahlreiche zus\u00e4tzliche Ma\u00dfnahmen f\u00fcr mehr Sicherheit, Sauberkeit und Stadtgestaltung in der Krefelder City umgesetzt werden. 35 Punkte f\u00fcr eine starke Krefelder Innenstadt sind Teil dieses neuen St\u00e4rkungspakets. Abgestimmt seien diese auch mit dem Krefelder Handel sowie den Innenstadtakteuren, betont Krefelds Oberb\u00fcrgermeister Frank Meyer: \u201eDas neue St\u00e4rkungspaket Innenstadt 2.0 hat eine ganz starke Kernbotschaft: Wir arbeiten mit Hochdruck weiter an einer attraktiven Krefelder Innenstadt, sauber und sicher, als Anziehungspunkt f\u00fcr Krefelder B\u00fcrgerinnen und B\u00fcrger sowie Kunden und Kundinnen von ausw\u00e4rts. Die mit dem St\u00e4rkungspaket Innenstadt 1.0 erreichten Fortschritte sind auf jeden Fall eine positive Entwicklung. Diesen Schwung behalten wir mit dem neuen 35-Punkte-Programm bei.\u201c<\/p>\n\n\n\n<p>Das erste St\u00e4rkungspaket Innenstadt war Ende 2022 beschlossen worden und hat unter anderem die personelle Aufstockung des KOD, die Einrichtung des Drogenhilfezentrums sowie die R\u00e4umung des Theaterplatzes bewirkt. Mit dem St\u00e4rkungspaket Innenstadt 2.0 kommen nun neue Ans\u00e4tze in den Handlungsfeldern Ordnung, Soziales und Innenstadtentwicklung hinzu. Einige der Ma\u00dfnahmen aus dem Programm sind bereits etatisiert und k\u00f6nnen sofort umgesetzt werden. F\u00fcr andere sind noch Einzelbeschl\u00fcsse in den entsprechenden Aussch\u00fcssen notwendig oder eine Detailpr\u00fcfung zur Umsetzung steht noch aus.<\/p>\n\n\n\n<p>Zahlreiche gestalterische Ma\u00dfnahmen f\u00fcr die City sind vorgesehen. So wird unter anderem die Friedrichstra\u00dfe als n\u00f6rdliches Tor zur Innenstadt hergerichtet. Gestaltet werden soll auch der Bereich Evangelischer Kirchplatz\/Schwanenmarkt. Auf dem Platz an der Alten Kirche werden f\u00fcr Veranstaltungen Tresen-Elemente aufgestellt. Der Anne-Frank-Platz soll weiter begr\u00fcnt werden. An vielen Stellen in der City sollen mobile Stadtb\u00e4ume aufgestellt werden. Der Brunnen am Hansazentrum sowie der Puppenbrunnen am S\u00fcdwall sollen wieder in Betrieb genommen werden. Teil des Paketes sind auch Illuminationsma\u00dfnahmen: Das Pilotprojekt \u201eKrefelder Leuchten\u201c wird nach Pl\u00e4nen des St\u00e4rkungspakets Innenstadt 2.0 fortgef\u00fchrt, die Ganzjahresbeleuchtung soll um weitere stimmungsvolle Weihnachtsbeleuchtung erg\u00e4nzt werden. Zum St\u00e4rkungspaket 2.0 geh\u00f6ren ferner die Anbringung von Beschilderungen zur touristischen Wegef\u00fchrung sowie die W\u00fcrdigung prominenter Krefelder auf entsprechenden Tafeln.<\/p>\n\n\n\n<p>Um die Sicherheit weiter zu erh\u00f6hen, wird der Kommunale Ordnungsdienst (KOD) weiter gest\u00e4rkt: An der Friedrichstra\u00dfe wird eine KOD-Einsatzzentrale mit einer Eingabestelle f\u00fcr B\u00fcrgerinnen und B\u00fcrger eingerichtet. Das KOD-Team wird mit Einsatzst\u00f6cken zur Selbstverteidigung ausgestattet. Der Stock ist eine pr\u00e4ventive Ma\u00dfnahme und dient lediglich der Gefahrenabwehr bei Angriffen. Eine schnellere Pr\u00e4senz des KOD soll durch eine \u00dcberpr\u00fcfung der Erweiterung des Fuhrparks mit zus\u00e4tzlichen Dienstfahrzeugen und Fahrr\u00e4dern erreicht werden. Die Au\u00dfendienstkr\u00e4fte zur \u00dcberwachung des ruhenden Verkehrs werden als Schutzma\u00dfnahme mit Bodycams ausgestattet.<\/p>\n\n\n\n<p>Im Handlungsfeld Soziales sollen mit dem St\u00e4rkungspaket Innenstadt 2.0 die \u00d6ffnungszeiten des Drogenhilfezentrums an der Schwertstra\u00dfe ausgeweitet werden. Erweitert werden soll die Kooperation mit der Alexianer Krefeld GmbH zur Begleitung von Suchtkranken. Auch eine Wohnraumschutzsatzung ist im Bereich Soziales in Vorbereitung. Bereits eingerichtet ist im Handlungsfeld Soziales die Frauenunterkunft nahe der City. Hinzu kommen mehrere Controlling-Instrumente, um die Wirkung dauerhaft zu sichern. \u201eUnser \u00fcbergeordnetes Ziel mit dem Ansatz der beiden St\u00e4rkungspakete bleibt es, ordnungsrechtlich durchzugreifen, gleichzeitig aber Hilfsangebote f\u00fcr die Bed\u00fcrftigen zu unterbreiten\u201c, betont Oberb\u00fcrgermeister Frank Meyer mit Verweis auf das Programm \u201eHandeln und Helfen\u201c.<\/p>\n\n\n\n<p>Das Ende 2022 beschlossene St\u00e4rkungspaket Innenstadt 1.0 mit insgesamt vier Handlungsfeldern ist inzwischen umgesetzt und hat zahlreiche Ma\u00dfnahmen auf den Weg gebracht, die Wirkung zeigen. Als ein Effekt des ersten St\u00e4rkungspakets beobachten alle im Sicherheitsbereich t\u00e4tigen Akteure, dass weniger Ausw\u00e4rtige zum Drogenkonsum nach Krefeld kommen. Der Kommunale Ordnungsdienst ist personell deutlich gest\u00e4rkt worden. Er agiert nach dem Prinzip, dass Drogenkonsum im \u00f6ffentlichen Raum nicht toleriert wird. Das neu eingerichtete Drogenhilfezentrum (DHZ) ist daf\u00fcr der einzige vorgesehene Ort. Die Nutzungszahlen des Drogenhilfezentrums steigen \u2013 im Januar sind dort 1.680 Konsumvorg\u00e4nge verzeichnet worden, im Dezember waren es 1.464. Die Regeln f\u00fcr aggressives Betteln und Alkoholkonsum rund um zahlreiche Einrichtungen sind mit dem St\u00e4rkungspaket Innenstadt 1.0 versch\u00e4rft worden. Der KOD hat eine Hotline eingerichtet und ist nach neuem Dienstplanmodell t\u00e4glich von 8 bis 24 Uhr im Einsatz. An der Kreuzung Frankenring\/ St.-Anton-Stra\u00dfe soll eine Anlaufstelle f\u00fcr alkoholsuchterkrankte Menschen eingerichtet werden.<\/p>\n\n\n\n<p>Oberb\u00fcrgermeister Frank Meyer wirbt weiter daf\u00fcr, in Krefeld vor Ort einzukaufen und damit den lokalen Handel zu st\u00e4rken. Der lokale Einzelhandel in der Innenstadt und den Stadtteilzentren sorge f\u00fcr Arbeitspl\u00e4tze vor Ort, und die Gewerbesteuer flie\u00dfe in den st\u00e4dtischen Haushalt. Jede Krefelderin und jeder Krefelder, der vor Ort einkaufe, k\u00f6nne seinen ganz individuellen Beitrag zum St\u00e4rkungspaket Innenstadt leisten, so Frank Meyer.<\/p>\n\n\n\n<p>Quelle: <a href=\"http:\/\/www.krefeld.de\">Stadt Krefeld<\/a><\/p>\n","protected":false},"excerpt":{"rendered":"<p>Krefeld. Mit dem in gro\u00dfer Mehrheit im Stadtrat verabschiedeten St\u00e4rkungspaket Innenstadt 2.0 k\u00f6nnen nun zahlreiche zus\u00e4tzliche Ma\u00dfnahmen f\u00fcr mehr Sicherheit, Sauberkeit und Stadtgestaltung in der Krefelder City umgesetzt werden. 35 Punkte f\u00fcr eine starke Krefelder Innenstadt sind Teil dieses neuen St\u00e4rkungspakets. Abgestimmt seien diese auch mit dem Krefelder Handel sowie den Innenstadtakteuren, betont Krefelds Oberb\u00fcrgermeister [&hellip;]<\/p>\n","protected":false},"author":3,"featured_media":0,"comment_status":"closed","ping_status":"closed","sticky":false,"template":"","format":"standard","meta":{"_et_pb_use_builder":"","_et_pb_old_content":"","_et_gb_content_width":"","footnotes":""},"categories":[1],"tags":[],"class_list":["post-5690","post","type-post","status-publish","format-standard","hentry","category-allgemein"],"_links":{"self":[{"href":"https:\/\/standort-niederrhein.de\/en\/wp-json\/wp\/v2\/posts\/5690","targetHints":{"allow":["GET"]}}],"collection":[{"href":"https:\/\/standort-niederrhein.de\/en\/wp-json\/wp\/v2\/posts"}],"about":[{"href":"https:\/\/standort-niederrhein.de\/en\/wp-json\/wp\/v2\/types\/post"}],"author":[{"embeddable":true,"href":"https:\/\/standort-niederrhein.de\/en\/wp-json\/wp\/v2\/users\/3"}],"replies":[{"embeddable":true,"href":"https:\/\/standort-niederrhein.de\/en\/wp-json\/wp\/v2\/comments?post=5690"}],"version-history":[{"count":1,"href":"https:\/\/standort-niederrhein.de\/en\/wp-json\/wp\/v2\/posts\/5690\/revisions"}],"predecessor-version":[{"id":5691,"href":"https:\/\/standort-niederrhein.de\/en\/wp-json\/wp\/v2\/posts\/5690\/revisions\/5691"}],"wp:attachment":[{"href":"https:\/\/standort-niederrhein.de\/en\/wp-json\/wp\/v2\/media?parent=5690"}],"wp:term":[{"taxonomy":"category","embeddable":true,"href":"https:\/\/standort-niederrhein.de\/en\/wp-json\/wp\/v2\/categories?post=5690"},{"taxonomy":"post_tag","embeddable":true,"href":"https:\/\/standort-niederrhein.de\/en\/wp-json\/wp\/v2\/tags?post=5690"}],"curies":[{"name":"wp","href":"https:\/\/api.w.org\/{rel}","templated":true}]}}