{"id":5676,"date":"2025-03-08T06:00:00","date_gmt":"2025-03-08T05:00:00","guid":{"rendered":"https:\/\/invest-in-niederrhein.de\/?p=5676"},"modified":"2025-03-06T09:42:22","modified_gmt":"2025-03-06T08:42:22","slug":"vier-ansiedlungen-in-krefelder-city-durch-foerderprogramm-ermoeglicht","status":"publish","type":"post","link":"https:\/\/standort-niederrhein.de\/en\/2025\/03\/08\/vier-ansiedlungen-in-krefelder-city-durch-foerderprogramm-ermoeglicht\/","title":{"rendered":"Vier Ansiedlungen in Krefelder City durch F\u00f6rderprogramm erm\u00f6glicht"},"content":{"rendered":"\n<p><strong>Krefeld.<\/strong> Es sind vier Gr\u00fcnder-Geschichten aus dem Krefelder Handel, von denen Thomas Brocker und Christiane Gabbert von der st\u00e4dtischen Stabsstelle Innenstadtkoordination berichten k\u00f6nnen. Es geht in diesen Geschichten um Unternehmermut, um Aufbruch in eine neue Handelswelt und auch um spannende Entwicklungen in der Krefelder Innenstadt. Mit Hilfe des F\u00f6rderprogramms \u201eZukunftsf\u00e4hige Innenst\u00e4dte und Ortszentren\u201c sind jetzt weitere Ladenlokal-Gr\u00fcndungen in der Krefelder City realisiert worden. An die Stephanstra\u00dfe sind Michael und Vanessa Fedder mit ihrem Gesch\u00e4ft \u201eThe Local Concept und ihrer Marke \u201eKR City\u201c gezogen, an der K\u00f6nigstra\u00dfe hat Samra Hasanbatic ihre neue Boutique \u201eLalija\u201c er\u00f6ffnet, einige Meter weiter an der Rheinstra\u00dfe ist das Caf\u00e9 K\u00f6nig entstanden, und ebenfalls an der Rheinstra\u00dfe hat sich Julian Mahlberg mit seiner Gew\u00fcrzmanufaktur \u201eGockels Food\u201c angesiedelt. Vier L\u00e4den, die die Krefelder Innenstadt bereichern \u2013 vier Gr\u00fcnder auch, die mit Herzblut und Engagement f\u00fcr die Krefelder Innenstadt im Einsatz sind. Alle erz\u00e4hlen mit Begeisterung vom Start in den Handel, von der Gemeinschaft unter den Einzelh\u00e4ndlern und der Perspektive, die Krefeld zu bieten hat.<\/p>\n\n\n\n<p>Michael Fedder hatte seinen ersten \u201eThe Local Concept\u201c-Store unweit des jetzigen Standorts. Mithilfe des neuen F\u00f6rderprogramms hat er den Umzug in eine gr\u00f6\u00dfere Immobilie an der Stephanstra\u00dfe 41 in der Krefelder City wagen k\u00f6nnen und plant dort sogar noch eine r\u00e4umliche Erweiterung mit einem weiteren Gesch\u00e4ftszweig. \u201eDieser Laden hier ist f\u00fcr mich ein Gl\u00fccksfall\u201c, sagt Michael Fedder beim gemeinsamen Ortstermin mit seinem Vermieter Tobias D\u00fcnnwald. Im KR-City-Gesch\u00e4ft gibt es individuelle Krefeld-Artikel, lokale Produkte und viele besondere Artikel. Damit wird auch eine Heimatliebe zum Ausdruck gebracht. Die Inspiration daf\u00fcr kam bei Michael Fedder, als er f\u00fcr mehrere Jahre in M\u00fcnchen lebte und er das Gef\u00fchl hatte, dass die M\u00fcnchener st\u00e4ndig nur in h\u00f6chsten T\u00f6nen \u00fcber ihre eigene Stadt sprechen. Dies weckte im Krefelder Michael Fedder die Liebe zur eigenen Heimat: Krefeld am Rhein. Er begann von M\u00fcnchen aus, seine eigene Stadt Krefeld mit neuen Augen zu betrachten und wurde am Ende mit seiner Modemarke \u201eKR-City\u201c zum \u00fcberzeugten Krefeld-Botschafter.<\/p>\n\n\n\n<p>Am alten Standort nur wenige Meter entfernt hatte er nur an zwei Tagen in der Woche ge\u00f6ffnet, viel lief \u00fcber den Onlinehandel. Am neuen Standort sind die \u00d6ffnungszeiten deutlich erweitert. \u201eThe Local Concept\u201c ist jetzt ein gutes Beispiel daf\u00fcr, wie sich Onlinehandel und station\u00e4rer Einzelhandel sinnvoll kombinieren lassen. Die H\u00e4lfte des Gesch\u00e4ftes mache er mit dem Pr\u00e4senzverkauf. \u201eIch versuche, Positivit\u00e4t in die Stadt zu bringen. F\u00fcr mich ist das hier Heimat\u201c, sagt Michael Fedder. Er bemerke, dass immer mehr junge Leute in Krefeld bleiben und sich hier engagieren, gastronomische Konzepte umsetzen oder als Unternehmer t\u00e4tig sind. Und sein Vermieter Tobias D\u00fcnnwald erg\u00e4nzt: \u201eAuch wir als Eigent\u00fcmer haben eine Verpflichtung gegen\u00fcber der Stadt. Ich freue mich total dar\u00fcber, was mit dem Gesch\u00e4ft von Michael Fedder hier entstanden ist. Hier hat jemand richtig Bock auf Krefeld. Ich finde es super, wie die Neugr\u00fcndungen in Krefeld mit einem F\u00f6rderprogramm unterst\u00fctzt werden. Das hilft, nachhaltig ein Unternehmen auf die Beine zu stellen.\u201c<\/p>\n\n\n\n<p>Auch Samra Hasanbatic ist als Unternehmerin einen mutigen Weg gegangen und ist daf\u00fcr belohnt worden. Angefangen hat sie mit Babyboxen, mit allerlei Babyutensilien und -kleidung gef\u00fcllten Holzkisten, die sie \u00fcber ihre Kan\u00e4le in den Sozialen Medien verkaufte. Die studierte Modedesignerin hatte schon immer den Traum, ihre eigene Kollektion im eigenen Gesch\u00e4ft zu pr\u00e4sentieren. Mithilfe des F\u00f6rderprogramms realisierte sie an der K\u00f6nigstra\u00dfe 92-94 diesen Traum. \u201eEs war einfach an der Zeit, dass ich meine Pl\u00e4ne in die Tat umsetze. Im Online-Gesch\u00e4ft hat mir der t\u00e4gliche Austausch mit den Kundinnen und Kunden gefehlt. Den habe ich hier jeden Tag.\u201c Ihr Ehemann habe in verschiedenen St\u00e4dten nach m\u00f6glichen Immobilien gesucht. \u201eKrefeld und Lalija, das hat f\u00fcr mich super gepasst, auch wegen der textilen Bedeutung der Stadt\u201c, sagt Samra Hasanbatic, die in Neukirchen-Vluyn lebt. Der Austausch mit der Stabsstelle Innenstadtkoordination sowie der Vermieterin habe sie in ihren Zielen noch best\u00e4rkt. \u201eIch bin sehr dankbar und voller Tatendrang, weil mir dies hier erm\u00f6glicht wurde.\u201c Sie will m\u00f6glichst viele Menschen aus der Stadt mit ihrer Kollektion ansprechen, pr\u00e4sentiert Mode f\u00fcr verschiedene Geldbeutel. \u201eEs sind good vibes only hier mit den benachbarten Einzelh\u00e4ndlern\u201c, sagt sie schmunzelnd. \u201eWir helfen uns alle gegenseitig, so macht Einzelhandel richtig Freude.\u201c<\/p>\n\n\n\n<p>Von diesem Zusammenhalt der H\u00e4ndler kann auch Julian Mahlberg von Gockel Food berichten. An der Rheinstra\u00dfe 112 betreibt er seit Kurzem die Gockels Genussmanufaktur. Und auch mit seinen direkten Nachbarn gibt es gegenseitige Hilfestellung bei t\u00e4glichen Aufgaben, zum Beispiel beim Herausstellen der M\u00fclltonnen. \u201eWir helfen uns hier gegenseitig, das macht unglaublich viel Freude\u201c, berichtet Mahlberg. In seinem Gesch\u00e4ft k\u00f6nnen die Kunden verschiedene handgemachte Gew\u00fcrze sowie weitere Feinkostprodukte erwerben. \u201eWir sind vor dem Weihnachtsgesch\u00e4ft gestartet, und insbesondere in den ersten Weihnachtswochen waren wir bei manchen Produkten regelm\u00e4\u00dfig komplett ausverkauft. Die Regale waren leer und wir mussten schnellstens nachproduzieren.\u201c Der Kontakt zum Start in der Immobilie an der Rheinstra\u00dfe wurde \u00fcber Thomas Brocker von der Innenstadtkoordination hergestellt.<\/p>\n\n\n\n<p>Julian Mahlberg ist von seiner Investition in Krefeld noch immer \u00fcberzeugt: \u201eWenn nicht die Krefelder Unternehmer in die Innenstadt kommen, wer dann?\u201c, fragt er. Auch er betreibt sein Gesch\u00e4ft sowohl per Onlinehandel als auch station\u00e4r. Bisweilen gibt es Gro\u00dfauftr\u00e4ge von Unternehmen, die f\u00fcr ihre Mitarbeitenden zum Weihnachtsfest individuelle Gew\u00fcrze verschenken. Da produziert Julian Mahlberg auch schon mal in 10.000er-Mengen. Er will sich eine gewisse Zeit geben, um das Gesch\u00e4ft in der City zu etablieren. Der Standort dient ihm auch dazu, seine Marke Gockels Food bekannt zu machen. \u201eUnsere Gew\u00fcrze sind individuell, wir setzen auf Regionalit\u00e4t und das Au\u00dfergew\u00f6hnliche.\u201c Die Beratung von Kunden an der Theke, auch einmal ein l\u00e4ngerer Plausch \u00fcber Krefeld oder \u00fcber Privates \u2013 all das gebe es so nur im station\u00e4ren Einzelhandel. \u201eIch mache das hier mit Herzblut\u201c, sagt Julian Mahlberg.<\/p>\n\n\n\n<p>Eine neue Anmietung mithilfe des F\u00f6rderprogramms wurde auch beim Caf\u00e9 K\u00f6nig an der Rheinstra\u00dfe 107 m\u00f6glich, das von Mavromati Anastasia und ihrem Ehemann Kapetanidis Grigorios gef\u00fchrt wird. Durch griechische Freunde, die in Krefeld leben, wurden sie auf die Stadt aufmerksam. Mavromati Anastasia ist in einer Gastronomiefamilie gro\u00df geworden, hat zuletzt in D\u00fcsseldorf gelebt. Nach knapp einem Jahr in Krefeld beginnt sich das Caf\u00e9 zu etablieren. Einen Wohlf\u00fchlort f\u00fcr alle G\u00e4ste will das Ehepaar schaffen \u2013 und dabei alle Altersklassen vom Baby bis zum 80-J\u00e4hrigen ansprechen. \u201eWir arbeiten hier in einem Familienbetrieb und das sollen die Menschen sp\u00fcren\u201c, sagt Mavromati Anastasia, die darauf setzt, dass mit den Veranstaltungen f\u00fcr die Innenstadt ihr Herzensprojekt weiter an Bekanntheit gewinnt.<\/p>\n\n\n\n<p>Durch das Programm \u201ePlatz f\u00fcr Deine Visionen\u201c sind in Krefeld bereits zahlreiche Anmietungen m\u00f6glich geworden. Die Stadt Krefeld bringt mithilfe dieses Programms Existenzgr\u00fcnder und Selbstst\u00e4ndige, die sich in der Innenstadt niederlassen m\u00f6chten, mit Eigent\u00fcmern von Innenstadt-Immobilien zusammen. \u201ePlatz f\u00fcr Deine Visionen\u201c basiert auf dem F\u00f6rderprogramm \u201eZukunftsf\u00e4hige Innenst\u00e4dte und Ortszentren\u201c, das vom Land NRW aufgelegt wurde. \u00dcber \u201ePlatz f\u00fcr deine Visionen\u201c mietet die Stadt f\u00fcr maximal 24 Monate Ladenlokale zu verg\u00fcnstigten Mieten an und gibt diese an Interessenten mit interessanten Konzepten weiter. W\u00e4hrend Gr\u00fcnder und Selbstst\u00e4ndige \u00fcber die verg\u00fcnstigen Konditionen die Chance haben, ihre Ideen zu verwirklichen, in der Innenstadt auszuprobieren und Fu\u00df zu fassen, bietet sich Eigent\u00fcmern die M\u00f6glichkeit, ihre Ladenlokale durch eine m\u00f6gliche Anschlussnutzung dauerhaft zu vermieten und Leerstand fr\u00fchzeitig vorzubeugen. Bereits im vergangenen F\u00f6rderzeitraum sind auf diesem Weg dauerhafte Nutzungen entstanden.<\/p>\n\n\n\n<p>Eigent\u00fcmer mit leerstehenden Ladenlokalen oder anstehenden Leerst\u00e4nden sind eingeladen, sich bei der Stabsstelle Innenstadt zu melden. Voraussetzung zur Teilnahme an dem F\u00f6rderprogramm ist die Bereitschaft, das Ladenlokal zu einer im Vergleich zur letzten Netto-Kaltmiete um 30 Prozent reduzierten Miete an die Kommune weiterzuvermieten. Die Stadt als Mieter f\u00fcr zwei Jahre vermittelt geeignete Untermieter mit dem Ziel, dass nach der zweij\u00e4hrigen Laufzeit ein weiterf\u00fchrendes Mietverh\u00e4ltnis ohne die Stadt entsteht. Neben der Mietunterst\u00fctzung sind au\u00dferdem 50 Prozent der nachgewiesenen Umbaukosten des Eigent\u00fcmers f\u00f6rderf\u00e4hig.<\/p>\n\n\n\n<p>Selbstst\u00e4ndige und Existenzgr\u00fcnder, die sich mit einer Idee in der Innenstadt selbstst\u00e4ndig machen m\u00f6chten, k\u00f6nnen sich bei der Stabsstelle Innenstadt melden. Anschlie\u00dfend nimmt die Stabsstelle Innenstadt Kontakt auf und bespricht das weitere Vorgehen. Der Kontakt ist in der Stabsstelle Innenstadtkoordination \u00fcber Christiane Gabbert unter Telefon 0 21 51 \/ 86 10 57 sowie per E-Mail an <a href=\"mailto:innenstadt@krefeld.de\">innenstadt@krefeld.de<\/a> m\u00f6glich. Weitere Informationen sind auch zu finden unter <a href=\"http:\/\/www.krefeld.de\/innenstadtkoordination\">www.krefeld.de\/innenstadtkoordination<\/a>.<\/p>\n\n\n\n<p>Quelle: <a href=\"http:\/\/www.krefeld.de\">Stadt Krefeld<\/a><\/p>\n\n\n<figure class=\"wp-block-post-featured-image\"><img loading=\"lazy\" decoding=\"async\" width=\"1200\" height=\"675\" src=\"https:\/\/standort-niederrhein.de\/wp-content\/uploads\/2025\/03\/stadt_kr_geschaeftseroeffnungen_innenstadt_kr.city_v.jpg\" class=\"attachment-post-thumbnail size-post-thumbnail wp-post-image\" alt=\"\" style=\"object-fit:cover;\" srcset=\"https:\/\/standort-niederrhein.de\/wp-content\/uploads\/2025\/03\/stadt_kr_geschaeftseroeffnungen_innenstadt_kr.city_v.jpg 1200w, https:\/\/standort-niederrhein.de\/wp-content\/uploads\/2025\/03\/stadt_kr_geschaeftseroeffnungen_innenstadt_kr.city_v-980x551.jpg 980w, https:\/\/standort-niederrhein.de\/wp-content\/uploads\/2025\/03\/stadt_kr_geschaeftseroeffnungen_innenstadt_kr.city_v-480x270.jpg 480w\" sizes=\"(min-width: 0px) and (max-width: 480px) 480px, (min-width: 481px) and (max-width: 980px) 980px, (min-width: 981px) 1200px, 100vw\" \/><\/figure>\n\n\n<p>Von links: Tobias D\u00fcnnwald, Thomas Brocker, Christiane Gabbert und Michael Fedder im Gesch\u00e4ft &#8220;The Local Concept&#8221; | Foto: Stadt Krefeld, Presse und Kommunikation<\/p>\n","protected":false},"excerpt":{"rendered":"<p>Krefeld. Es sind vier Gr\u00fcnder-Geschichten aus dem Krefelder Handel, von denen Thomas Brocker und Christiane Gabbert von der st\u00e4dtischen Stabsstelle Innenstadtkoordination berichten k\u00f6nnen. Es geht in diesen Geschichten um Unternehmermut, um Aufbruch in eine neue Handelswelt und auch um spannende Entwicklungen in der Krefelder Innenstadt. Mit Hilfe des F\u00f6rderprogramms \u201eZukunftsf\u00e4hige Innenst\u00e4dte und Ortszentren\u201c sind jetzt [&hellip;]<\/p>\n","protected":false},"author":3,"featured_media":5677,"comment_status":"closed","ping_status":"closed","sticky":false,"template":"","format":"standard","meta":{"_et_pb_use_builder":"","_et_pb_old_content":"","_et_gb_content_width":"","footnotes":""},"categories":[1],"tags":[],"class_list":["post-5676","post","type-post","status-publish","format-standard","has-post-thumbnail","hentry","category-allgemein"],"_links":{"self":[{"href":"https:\/\/standort-niederrhein.de\/en\/wp-json\/wp\/v2\/posts\/5676","targetHints":{"allow":["GET"]}}],"collection":[{"href":"https:\/\/standort-niederrhein.de\/en\/wp-json\/wp\/v2\/posts"}],"about":[{"href":"https:\/\/standort-niederrhein.de\/en\/wp-json\/wp\/v2\/types\/post"}],"author":[{"embeddable":true,"href":"https:\/\/standort-niederrhein.de\/en\/wp-json\/wp\/v2\/users\/3"}],"replies":[{"embeddable":true,"href":"https:\/\/standort-niederrhein.de\/en\/wp-json\/wp\/v2\/comments?post=5676"}],"version-history":[{"count":1,"href":"https:\/\/standort-niederrhein.de\/en\/wp-json\/wp\/v2\/posts\/5676\/revisions"}],"predecessor-version":[{"id":5678,"href":"https:\/\/standort-niederrhein.de\/en\/wp-json\/wp\/v2\/posts\/5676\/revisions\/5678"}],"wp:featuredmedia":[{"embeddable":true,"href":"https:\/\/standort-niederrhein.de\/en\/wp-json\/wp\/v2\/media\/5677"}],"wp:attachment":[{"href":"https:\/\/standort-niederrhein.de\/en\/wp-json\/wp\/v2\/media?parent=5676"}],"wp:term":[{"taxonomy":"category","embeddable":true,"href":"https:\/\/standort-niederrhein.de\/en\/wp-json\/wp\/v2\/categories?post=5676"},{"taxonomy":"post_tag","embeddable":true,"href":"https:\/\/standort-niederrhein.de\/en\/wp-json\/wp\/v2\/tags?post=5676"}],"curies":[{"name":"wp","href":"https:\/\/api.w.org\/{rel}","templated":true}]}}