{"id":5667,"date":"2025-03-05T06:00:00","date_gmt":"2025-03-05T05:00:00","guid":{"rendered":"https:\/\/invest-in-niederrhein.de\/?p=5667"},"modified":"2025-03-04T08:38:28","modified_gmt":"2025-03-04T07:38:28","slug":"kaufvertrag-unterschrieben-investoren-erwerben-flaechen-in-traar","status":"publish","type":"post","link":"https:\/\/standort-niederrhein.de\/en\/2025\/03\/05\/kaufvertrag-unterschrieben-investoren-erwerben-flaechen-in-traar\/","title":{"rendered":"Kaufvertrag unterschrieben: Investoren erwerben Fl\u00e4chen in Traar"},"content":{"rendered":"\n<p><strong>Krefeld.<\/strong> Die Stadtverwaltung hat f\u00fcr die Errichtung eines Nahversorgers in Traar die notwendigen Fl\u00e4chen an der Moerser Landstra\u00dfe an die Projektentwickler von Ten Brinke ver\u00e4u\u00dfert. Die entsprechenden Kaufvertr\u00e4ge sind jetzt unterzeichnet worden. Vorausgegangen waren l\u00e4ngere Verhandlungen, bei denen das gemeinsame Ziel, die Nahversorgung f\u00fcr Traar zu sichern, immer im Blick behalten wurde. Die st\u00e4dtische Fl\u00e4che wurde 2021 im Rahmen einer Konzeptvergabe und begleitet vom politischen Willen zur Entwicklung dieses Vorhabens am Markt angeboten. Die Planungen des Projektentwicklers und Investors, die Firma Ten Brinke, sowie das nachhaltige Betreiberkonzept von Edeka und der Familie Kempken, konnten letztlich \u00fcberzeugen und erhielten den Zuschlag zur Umsetzung des Projektes. Wenn der Bauantrag eingereicht und von der Unteren Bauaufsicht gepr\u00fcft und genehmigt werden kann, werden die Arbeiten beginnen k\u00f6nnen. Geplant ist seitens der Investoren der erste Spatenstich f\u00fcr den Sp\u00e4tsommer dieses Jahres.<\/p>\n\n\n\n<p>Im Rahmen der Vermarktung des Grundst\u00fccks bestand seitens des Landschaftsverbands Rheinland (LVR) die Auflage, vor einem Baubeginn eine sogenannte arch\u00e4ologische Prospektion durchf\u00fchren zu lassen. Bei den Voruntersuchungen sind, wie berichtet, Funde der urgeschichtlichen Periode erfasst und geborgen worden, die sich in die Jungsteinzeit einordnen lassen. Diese Arbeiten wurden zum Jahresende 2024 abgeschlossen. Die arch\u00e4ologischen Funde wurden gesichert und werden jetzt weiterhin untersucht, allerdings nicht an der Fundstelle. Die Realisierungsphase zur Umsetzung des Konzeptes und zum Bau des neuen Nahversorgers kann jetzt beginnen. Seitens des Investors und der Stadt Krefeld liefen die Planungen und Vorbereitungen f\u00fcr den Bauantrag des neuen Nahversorgers parallel weiter. Der Grundst\u00fcckskaufvertrag wurde in den vergangenen Wochen final ausgehandelt und konnte vor wenigen Tagen notariell beurkundet werden.<\/p>\n\n\n\n<p>Quelle: <a href=\"http:\/\/www.krefeld.de\">Stadt Krefeld<\/a><\/p>\n\n\n<figure class=\"wp-block-post-featured-image\"><img loading=\"lazy\" decoding=\"async\" width=\"1200\" height=\"675\" src=\"https:\/\/standort-niederrhein.de\/wp-content\/uploads\/2025\/03\/baustelle-nahversorger-traar-1200.jpg\" class=\"attachment-post-thumbnail size-post-thumbnail wp-post-image\" alt=\"\" style=\"object-fit:cover;\" srcset=\"https:\/\/standort-niederrhein.de\/wp-content\/uploads\/2025\/03\/baustelle-nahversorger-traar-1200.jpg 1200w, https:\/\/standort-niederrhein.de\/wp-content\/uploads\/2025\/03\/baustelle-nahversorger-traar-1200-980x551.jpg 980w, https:\/\/standort-niederrhein.de\/wp-content\/uploads\/2025\/03\/baustelle-nahversorger-traar-1200-480x270.jpg 480w\" sizes=\"(min-width: 0px) and (max-width: 480px) 480px, (min-width: 481px) and (max-width: 980px) 980px, (min-width: 981px) 1200px, 100vw\" \/><\/figure>\n\n\n<p>Auf der ver\u00e4u\u00dferten Fl\u00e4che (vl.): Ralf Valkysers (Projektleiter Fl\u00e4chenmanagement im Fachbereich Vermessung, Kataster und Liegenschaften), Tobias Wendorf (Projektentwickler Fa. Ten Brinke), Heiner Kempken (k\u00fcnftiger Betreiber des neuen Edeka-Marktes in Traar), Deike Herrmann (Fachbereichsleiterin des Fachbereiches Vermessung, Kataster und Liegenschaften). | <br>Foto: Stadt Krefeld, Presse und Kommunikation, D. Jochmann<\/p>\n","protected":false},"excerpt":{"rendered":"<p>Krefeld. Die Stadtverwaltung hat f\u00fcr die Errichtung eines Nahversorgers in Traar die notwendigen Fl\u00e4chen an der Moerser Landstra\u00dfe an die Projektentwickler von Ten Brinke ver\u00e4u\u00dfert. Die entsprechenden Kaufvertr\u00e4ge sind jetzt unterzeichnet worden. Vorausgegangen waren l\u00e4ngere Verhandlungen, bei denen das gemeinsame Ziel, die Nahversorgung f\u00fcr Traar zu sichern, immer im Blick behalten wurde. Die st\u00e4dtische Fl\u00e4che [&hellip;]<\/p>\n","protected":false},"author":3,"featured_media":5668,"comment_status":"closed","ping_status":"closed","sticky":false,"template":"","format":"standard","meta":{"_et_pb_use_builder":"","_et_pb_old_content":"","_et_gb_content_width":"","footnotes":""},"categories":[1],"tags":[],"class_list":["post-5667","post","type-post","status-publish","format-standard","has-post-thumbnail","hentry","category-allgemein"],"_links":{"self":[{"href":"https:\/\/standort-niederrhein.de\/en\/wp-json\/wp\/v2\/posts\/5667","targetHints":{"allow":["GET"]}}],"collection":[{"href":"https:\/\/standort-niederrhein.de\/en\/wp-json\/wp\/v2\/posts"}],"about":[{"href":"https:\/\/standort-niederrhein.de\/en\/wp-json\/wp\/v2\/types\/post"}],"author":[{"embeddable":true,"href":"https:\/\/standort-niederrhein.de\/en\/wp-json\/wp\/v2\/users\/3"}],"replies":[{"embeddable":true,"href":"https:\/\/standort-niederrhein.de\/en\/wp-json\/wp\/v2\/comments?post=5667"}],"version-history":[{"count":1,"href":"https:\/\/standort-niederrhein.de\/en\/wp-json\/wp\/v2\/posts\/5667\/revisions"}],"predecessor-version":[{"id":5669,"href":"https:\/\/standort-niederrhein.de\/en\/wp-json\/wp\/v2\/posts\/5667\/revisions\/5669"}],"wp:featuredmedia":[{"embeddable":true,"href":"https:\/\/standort-niederrhein.de\/en\/wp-json\/wp\/v2\/media\/5668"}],"wp:attachment":[{"href":"https:\/\/standort-niederrhein.de\/en\/wp-json\/wp\/v2\/media?parent=5667"}],"wp:term":[{"taxonomy":"category","embeddable":true,"href":"https:\/\/standort-niederrhein.de\/en\/wp-json\/wp\/v2\/categories?post=5667"},{"taxonomy":"post_tag","embeddable":true,"href":"https:\/\/standort-niederrhein.de\/en\/wp-json\/wp\/v2\/tags?post=5667"}],"curies":[{"name":"wp","href":"https:\/\/api.w.org\/{rel}","templated":true}]}}