{"id":5659,"date":"2025-03-04T06:00:00","date_gmt":"2025-03-04T05:00:00","guid":{"rendered":"https:\/\/invest-in-niederrhein.de\/?p=5659"},"modified":"2025-02-28T10:33:10","modified_gmt":"2025-02-28T09:33:10","slug":"hochschule-niederrhein-beteiligt-sich-an-themenwoche-studienzweifel","status":"publish","type":"post","link":"https:\/\/standort-niederrhein.de\/en\/2025\/03\/04\/hochschule-niederrhein-beteiligt-sich-an-themenwoche-studienzweifel\/","title":{"rendered":"Hochschule Niederrhein beteiligt sich an Themenwoche Studienzweifel"},"content":{"rendered":"\n<p><strong>Krefeld\/ M\u00f6nchengladbach. <\/strong>Zweifel am Studium? Schwierigkeiten mit der Motivation? Lernprobleme? Oder gar der Gedanke, das Studium abzubrechen? Studierende in Nordrhein-Westfalen sollen mit solchen Herausforderungen nicht alleine sein. Bereits zum sechsten Mal finden die \u00fcberregionalen Themenwochen &#8220;Studienzweifel&#8221; statt, inzwischen beteiligen sich knapp 30 Hochschulen an dem im landesweit organisierten Projekt NEXT CAREER, das vom Bundesministerium f\u00fcr Kultur und Wissenschaft des Landes NRW (MKW) gef\u00f6rdert wird.\u00a0<\/p>\n\n\n\n<p>Drei Wochen lang laden Hochschulen in NRW im M\u00e4rz 2025 dazu ein, sich umfassend \u00fcber berufliche Neu- und Umorientierung, Studienfachwechsel, Hochschulwechsel oder einen m\u00f6glichen Studienausstieg zu informieren. Die Veranstaltungsreihe startet am 10. M\u00e4rz 2025 mit einer Online-Auftaktveranstaltung, die einen \u00dcberblick \u00fcber die Themenwochen Studienzweifel 2025 gibt. Dabei kommen auch (ehemalige) Studienzweifler*innen zu Wort, um von ihren Erfahrungen und Perspektiven zu berichten.<\/p>\n\n\n\n<p>An der Hochschule Niederrhein startet die eigene Themenwoche Studienzweifel am 17. M\u00e4rz 2025. Folgende Angebote sind geplant:&nbsp;<\/p>\n\n\n\n<p>Mo.17.03. (10 bis 11 Uhr) &#8211; online: Studienerfolg sichern statt Abbruch (Miriam Kneisel)<br>Di. 18.03. (13 bis 14 Uhr) &#8211; online: Bewerben mit krummen Lebenslauf (Rike Orthen)<br>Mi. 19.03. (11 bis 13 Uhr) &#8211; offene Sprechstunde zum Thema Studienzweifel\/ Abbruch (Krefeld)<br>Do. 20.03. (10 bis 15 Uhr) &#8211; Workshop: Souver\u00e4n Auftreten in Vorstellungsgespr\u00e4chen (Krefeld)<br>Do. 20.03. (10 bis 13 Uhr) &#8211; offene Sprechstunde Studienzweifel der Bundesagentur f\u00fcr Arbeit (Krefeld S\u00fcd und M&#8217;gladbach)<\/p>\n\n\n\n<p>Weitere Informationen sowie das vollst\u00e4ndige Programm: <a href=\"https:\/\/link.mediaoutreach.meltwater.com\/ls\/click?upn=u001.3NE30ASMCSRZcZuNk0dAdC9l23pBtyyrd3oTb-2FjO6GiBYMTOWLpHpTO1Mo2-2F0LZ7iahfJkrBvVwqkRgTfAuyWg-3D-3D5n9i_g74UsaVuWqwWE6gZvK2IYmPPDkBDyDn0U0b-2BJ0fFJ-2FIhixoGyZfEdTRKBq1CL8m2Ovz4mxFy-2Bd235K3nLKKXiuLMtSz1uyL5KmK5IBvqPg2Erl-2BeOQceYgvRwLGUtg2OCUhbZ5qfucZM-2BeKDfBfPhSUg4OlXCpMnl-2BKihp-2B2uQna-2B7STZvq3Gn6KWg1YTRSntD2lxGO6QuWn-2FPGTKn9L43LnvOvcHyWF3i-2Bs4h5UCcJkJQ-2Bsou-2FSSK1tx-2FmCoa7LmtDQtOhSHD7wkjP8tgmu5piRaYbifTaRa6zBhywpSHx6FMDFmtciCJUrABveTselQOp5VDAq06P2yW2oYPoyAoA5CF4j7X7WM1oZGvELArt1LfwcxVzSievRl1hNki53WepF7bFcC6UZR3rLirbp5w-3D-3D\">https:\/\/nextcareer.de\/themenwochen_studienzweifel\/<\/a>&nbsp;<\/p>\n\n\n\n<p><strong>Teilnehmende Hochschulen:<\/strong><br>RWTH Aachen, FH Aachen, HS Bochum, Rheinische Friedrich-Wilhelms-Universit\u00e4t Bonn, Universit\u00e4t Duisburg-Essen, FH Dortmund, TU Dortmund, Heinrich-Heine-Universit\u00e4t D\u00fcsseldorf, Hochschule D\u00fcsseldorf, FernUniversit\u00e4t Hagen, Universit\u00e4t zu K\u00f6ln, TH K\u00f6ln, FH M\u00fcnster, Universit\u00e4t M\u00fcnster, Hochschule Niederrhein, Hochschule Rhein-Waal, Universit\u00e4t Siegen, Westf\u00e4lische Hochschule, Bergische Universit\u00e4t Wuppertal.<\/p>\n\n\n\n<p>Quelle: <a href=\"http:\/\/www.hs-niederrhein.de\">Hochschule Niederrhein<\/a><\/p>\n\n\n<figure class=\"wp-block-post-featured-image\"><img loading=\"lazy\" decoding=\"async\" width=\"1000\" height=\"734\" src=\"https:\/\/standort-niederrhein.de\/wp-content\/uploads\/2025\/02\/2025-02-25-Thementage20-20Studienzweifel.jpg\" class=\"attachment-post-thumbnail size-post-thumbnail wp-post-image\" alt=\"\" style=\"object-fit:cover;\" srcset=\"https:\/\/standort-niederrhein.de\/wp-content\/uploads\/2025\/02\/2025-02-25-Thementage20-20Studienzweifel.jpg 1000w, https:\/\/standort-niederrhein.de\/wp-content\/uploads\/2025\/02\/2025-02-25-Thementage20-20Studienzweifel-980x719.jpg 980w, https:\/\/standort-niederrhein.de\/wp-content\/uploads\/2025\/02\/2025-02-25-Thementage20-20Studienzweifel-480x352.jpg 480w\" sizes=\"(min-width: 0px) and (max-width: 480px) 480px, (min-width: 481px) and (max-width: 980px) 980px, (min-width: 981px) 1000px, 100vw\" \/><\/figure>\n\n\n<p>Die Hochschule Niederrhein beteiligt sich Mitte M\u00e4rz an den Thementagen Studienzweifel. | Foto: Hochschule Niederrhein<\/p>\n","protected":false},"excerpt":{"rendered":"<p>Krefeld\/ M\u00f6nchengladbach. Zweifel am Studium? Schwierigkeiten mit der Motivation? Lernprobleme? Oder gar der Gedanke, das Studium abzubrechen? Studierende in Nordrhein-Westfalen sollen mit solchen Herausforderungen nicht alleine sein. Bereits zum sechsten Mal finden die \u00fcberregionalen Themenwochen &#8220;Studienzweifel&#8221; statt, inzwischen beteiligen sich knapp 30 Hochschulen an dem im landesweit organisierten Projekt NEXT CAREER, das vom Bundesministerium f\u00fcr [&hellip;]<\/p>\n","protected":false},"author":3,"featured_media":5660,"comment_status":"closed","ping_status":"closed","sticky":false,"template":"","format":"standard","meta":{"_et_pb_use_builder":"","_et_pb_old_content":"","_et_gb_content_width":"","footnotes":""},"categories":[1],"tags":[],"class_list":["post-5659","post","type-post","status-publish","format-standard","has-post-thumbnail","hentry","category-allgemein"],"_links":{"self":[{"href":"https:\/\/standort-niederrhein.de\/en\/wp-json\/wp\/v2\/posts\/5659","targetHints":{"allow":["GET"]}}],"collection":[{"href":"https:\/\/standort-niederrhein.de\/en\/wp-json\/wp\/v2\/posts"}],"about":[{"href":"https:\/\/standort-niederrhein.de\/en\/wp-json\/wp\/v2\/types\/post"}],"author":[{"embeddable":true,"href":"https:\/\/standort-niederrhein.de\/en\/wp-json\/wp\/v2\/users\/3"}],"replies":[{"embeddable":true,"href":"https:\/\/standort-niederrhein.de\/en\/wp-json\/wp\/v2\/comments?post=5659"}],"version-history":[{"count":2,"href":"https:\/\/standort-niederrhein.de\/en\/wp-json\/wp\/v2\/posts\/5659\/revisions"}],"predecessor-version":[{"id":5662,"href":"https:\/\/standort-niederrhein.de\/en\/wp-json\/wp\/v2\/posts\/5659\/revisions\/5662"}],"wp:featuredmedia":[{"embeddable":true,"href":"https:\/\/standort-niederrhein.de\/en\/wp-json\/wp\/v2\/media\/5660"}],"wp:attachment":[{"href":"https:\/\/standort-niederrhein.de\/en\/wp-json\/wp\/v2\/media?parent=5659"}],"wp:term":[{"taxonomy":"category","embeddable":true,"href":"https:\/\/standort-niederrhein.de\/en\/wp-json\/wp\/v2\/categories?post=5659"},{"taxonomy":"post_tag","embeddable":true,"href":"https:\/\/standort-niederrhein.de\/en\/wp-json\/wp\/v2\/tags?post=5659"}],"curies":[{"name":"wp","href":"https:\/\/api.w.org\/{rel}","templated":true}]}}