{"id":5656,"date":"2025-03-02T06:00:00","date_gmt":"2025-03-02T05:00:00","guid":{"rendered":"https:\/\/invest-in-niederrhein.de\/?p=5656"},"modified":"2025-02-26T14:20:34","modified_gmt":"2025-02-26T13:20:34","slug":"neue-portugiesische-generalkonsulin-elisabete-cortes-palma-auf-antrittsbesuch-im-rhein-kreis","status":"publish","type":"post","link":"https:\/\/standort-niederrhein.de\/en\/2025\/03\/02\/neue-portugiesische-generalkonsulin-elisabete-cortes-palma-auf-antrittsbesuch-im-rhein-kreis\/","title":{"rendered":"Neue portugiesische Generalkonsulin Elisabete Cortes Palma auf Antrittsbesuch im Rhein-Kreis"},"content":{"rendered":"\n<p><strong>Rhein-Kreis Neuss. <\/strong>Auf Einladung von Landrat Hans-J\u00fcrgen Petrauschke war die neue portugiesische Generalkonsulin Elisabete Cortes Palma jetzt zu Gast im Rhein-Kreis Neuss. Bei ihrem Antrittsbesuch verwies sie auf die starke Freundschaft zwischen Deutschland und Portugal. Dabei hob sie die guten Beziehungen zwischen dem Rhein-Kreis Neuss und dem etwa 75 Kilometer Luftlinie s\u00fcd\u00f6stlich von Lissabon gelegenen Kreis Grandola hervor.<\/p>\n\n\n\n<p>Zwischen dem Rhein-Kreis und Grandola besteht eine \u00fcber rund zwei Jahrzehnte bestehende deutsch-portugiesische Freundschaft, die 2023 mit einem Besuch einer Kreis-Delegation in Portugal nochmals aufgefrischt wurde. \u201eUnser Europa ist eine Erfolgsgeschichte und lebt von den direkten Kontakten zwischen den Menschen. Der Rhein-Kreis Neuss ist ein weltoffener, internationaler Standort, der seine grenz\u00fcberschreitenden Freund- und Partnerschaften aus \u00dcberzeugung pflegt\u201c, betonte Landrat Hans-J\u00fcrgen Petrauschke. \u201eDas gute Miteinander mit unseren portugiesischen Freunden tr\u00e4gt dazu bei, den europ\u00e4ischen Gedanken weiter zu verfestigen.\u201c Vor diesem Hintergrund sollen beispielsweise auch die vielf\u00e4ltigen Jugendprojekte, die junge Menschen aus dem Rhein-Kreis Neuss und dem Kreis Grandola zusammenbringen, wiederbelebt werden.<\/p>\n\n\n\n<p>Bei dem Treffen im Kreishaus in Neuss machten der Landrat und Elisabete Cortes Palma deutlich, dass die deutsch-portugiesische Freundschaft und der gute Austausch auch in Zukunft gepflegt werden. Anl\u00e4sslich des 50-Jahr-Jubil\u00e4ums, das der Rhein-Kreis Neuss in diesem Jahr feiert, hat beispielsweise eine Delegation aus Grandola f\u00fcr M\u00e4rz einen Besuch angek\u00fcndigt.<\/p>\n\n\n\n<p>Elisabete Cortes Palma bedankte sich zudem noch einmal f\u00fcr die Organisation der Ausstellung \u201e60 Jahre portugiesische Gemeinde in Deutschland\u201c, die im Oktober des vergangenen Jahres im Lichthof des Kreishauses in Neuss zu sehen war.<\/p>\n\n\n\n<p>Quelle: <a href=\"http:\/\/www.rhein-kreis-neuss.de\">Rhein-Kreis Neuss<\/a><\/p>\n\n\n<figure class=\"wp-block-post-featured-image\"><img loading=\"lazy\" decoding=\"async\" width=\"2560\" height=\"1707\" src=\"https:\/\/standort-niederrhein.de\/wp-content\/uploads\/2025\/02\/2025-02-20-Besuch-portug.-Generalkonsulin-Palma-1-scaled.jpg\" class=\"attachment-post-thumbnail size-post-thumbnail wp-post-image\" alt=\"\" style=\"object-fit:cover;\" srcset=\"https:\/\/standort-niederrhein.de\/wp-content\/uploads\/2025\/02\/2025-02-20-Besuch-portug.-Generalkonsulin-Palma-1-scaled.jpg 2560w, https:\/\/standort-niederrhein.de\/wp-content\/uploads\/2025\/02\/2025-02-20-Besuch-portug.-Generalkonsulin-Palma-1-1280x854.jpg 1280w, https:\/\/standort-niederrhein.de\/wp-content\/uploads\/2025\/02\/2025-02-20-Besuch-portug.-Generalkonsulin-Palma-1-980x653.jpg 980w, https:\/\/standort-niederrhein.de\/wp-content\/uploads\/2025\/02\/2025-02-20-Besuch-portug.-Generalkonsulin-Palma-1-480x320.jpg 480w\" sizes=\"(min-width: 0px) and (max-width: 480px) 480px, (min-width: 481px) and (max-width: 980px) 980px, (min-width: 981px) and (max-width: 1280px) 1280px, (min-width: 1281px) 2560px, 100vw\" \/><\/figure>\n\n\n<p>Beim Treffen in Neuss (v.l.): Landrat Hans-J\u00fcrgen Petrauschke, die portugiesische Generalkonsulin Elisabete Cortes Palma und Ruth Harte (Leiterin des Europab\u00fcros des Rhein-Kreises Neuss). | Foto: Rhein-Kreis Neuss<\/p>\n","protected":false},"excerpt":{"rendered":"<p>Rhein-Kreis Neuss. Auf Einladung von Landrat Hans-J\u00fcrgen Petrauschke war die neue portugiesische Generalkonsulin Elisabete Cortes Palma jetzt zu Gast im Rhein-Kreis Neuss. Bei ihrem Antrittsbesuch verwies sie auf die starke Freundschaft zwischen Deutschland und Portugal. Dabei hob sie die guten Beziehungen zwischen dem Rhein-Kreis Neuss und dem etwa 75 Kilometer Luftlinie s\u00fcd\u00f6stlich von Lissabon gelegenen [&hellip;]<\/p>\n","protected":false},"author":3,"featured_media":5657,"comment_status":"closed","ping_status":"closed","sticky":false,"template":"","format":"standard","meta":{"_et_pb_use_builder":"","_et_pb_old_content":"","_et_gb_content_width":"","footnotes":""},"categories":[1],"tags":[],"class_list":["post-5656","post","type-post","status-publish","format-standard","has-post-thumbnail","hentry","category-allgemein"],"_links":{"self":[{"href":"https:\/\/standort-niederrhein.de\/en\/wp-json\/wp\/v2\/posts\/5656","targetHints":{"allow":["GET"]}}],"collection":[{"href":"https:\/\/standort-niederrhein.de\/en\/wp-json\/wp\/v2\/posts"}],"about":[{"href":"https:\/\/standort-niederrhein.de\/en\/wp-json\/wp\/v2\/types\/post"}],"author":[{"embeddable":true,"href":"https:\/\/standort-niederrhein.de\/en\/wp-json\/wp\/v2\/users\/3"}],"replies":[{"embeddable":true,"href":"https:\/\/standort-niederrhein.de\/en\/wp-json\/wp\/v2\/comments?post=5656"}],"version-history":[{"count":1,"href":"https:\/\/standort-niederrhein.de\/en\/wp-json\/wp\/v2\/posts\/5656\/revisions"}],"predecessor-version":[{"id":5658,"href":"https:\/\/standort-niederrhein.de\/en\/wp-json\/wp\/v2\/posts\/5656\/revisions\/5658"}],"wp:featuredmedia":[{"embeddable":true,"href":"https:\/\/standort-niederrhein.de\/en\/wp-json\/wp\/v2\/media\/5657"}],"wp:attachment":[{"href":"https:\/\/standort-niederrhein.de\/en\/wp-json\/wp\/v2\/media?parent=5656"}],"wp:term":[{"taxonomy":"category","embeddable":true,"href":"https:\/\/standort-niederrhein.de\/en\/wp-json\/wp\/v2\/categories?post=5656"},{"taxonomy":"post_tag","embeddable":true,"href":"https:\/\/standort-niederrhein.de\/en\/wp-json\/wp\/v2\/tags?post=5656"}],"curies":[{"name":"wp","href":"https:\/\/api.w.org\/{rel}","templated":true}]}}