{"id":5614,"date":"2025-02-22T07:00:00","date_gmt":"2025-02-22T06:00:00","guid":{"rendered":"https:\/\/invest-in-niederrhein.de\/?p=5614"},"modified":"2025-02-20T10:01:18","modified_gmt":"2025-02-20T09:01:18","slug":"rueckschau-auf-die-erste-foerderphase-der-sozialen-stadt-gladbach-und-westend","status":"publish","type":"post","link":"https:\/\/standort-niederrhein.de\/en\/2025\/02\/22\/rueckschau-auf-die-erste-foerderphase-der-sozialen-stadt-gladbach-und-westend\/","title":{"rendered":"R\u00fcckschau auf die erste F\u00f6rderphase der \u201eSozialen Stadt Gladbach und Westend\u201c"},"content":{"rendered":"\n<p><strong>M\u00f6nchengladbach.<\/strong> Rund 100 Millionen Euro aus der St\u00e4dtebauf\u00f6rderung werden in die Stadtteile Gladbach und Westend investiert. Mithilfe dieser beeindruckenden Summe werden bis 2027 soziale, b\u00fcrgerschaftliche und st\u00e4dtebauliche Projekte in den beiden Quartieren unterst\u00fctzt. Los ging es 2018 mit der ersten von zwei F\u00f6rderphasen. Einen R\u00fcckblick auf diese Zeit und die Entwicklung der beiden Quartiere im Herzen der Stadt bietet ein rund 15-min\u00fctiger Film, den die Stadt M\u00f6nchengladbach und das Quartiersmanagement Gladbach &amp; Westend jetzt ver\u00f6ffentlich haben.<\/p>\n\n\n\n<p>An vielen Stellen in der Stadt lassen sich heute die Errungenschaften aus der ersten F\u00f6rderphase erleben. So wurden der Geropark und der Hans-Jonas-Park umgestaltet, die Alexianerstra\u00dfe zu einem verkehrsberuhigten Lieblingsort im Westend verwandelt und der Platz der Republik zu einem innerst\u00e4dtischen Ort mit Aufenthaltsqualit\u00e4t transformiert. Auch die denkmalgerechte und preisgekr\u00f6nte Sanierung und Erweiterung der Zentralbibliothek ist ein Projekt aus der Sozialen Stadt.<\/p>\n\n\n\n<p>Reichlich &#8220;Stoff&#8221; also \u2013 und nicht selten eine filmreife Leistung. Kein Wunder, dass das Quartiersmanagement Gladbach &amp; Westend und die Stadtverwaltung M\u00f6nchengladbach den Abschluss der ersten F\u00f6rderphase zum Anlass genommen haben, die vielen Bauma\u00dfnahmen, aber auch Feste und Veranstaltungen aus den ersten f\u00fcnf Jahren in einem Kurzfilm zu verarbeiten. Wer Interesse hat, die vielen Ver\u00e4nderungen und Veranstaltungen filmisch Revue passieren zu lassen, findet das aufw\u00e4ndig produzierte Video online auf dem YouTube-Kanal der Stadt M\u00f6nchengladbach. Erstmals gezeigt wurde der Film Mitte Februar beim Q-Forum des Quartiersmanagements in BIS-Zentrum.<\/p>\n\n\n\n<p>Oberb\u00fcrgermeister Felix Heinrichs fasst zusammen: &#8220;In den ersten f\u00fcnf Jahren Soziale Stadt Gladbach und Westend haben wir wahnsinnig viel bewegt \u2013 und zwar gemeinsam. Der Videor\u00fcckblick ist f\u00fcr mich deshalb eine sch\u00f6ne Gelegenheit, einmal danke zu sagen, an alle Beteiligten innerhalb und au\u00dferhalb der Stadtverwaltung, an die F\u00f6rdergeber, und nat\u00fcrlich an die B\u00fcrgerinnen und B\u00fcrger, die sich in zahlreichen Beteiligungsprozessen oder im Rahmen konkreter Projekte aktiv einbringen.&#8221; Nicht umsonst thematisiert der Film explizit das b\u00fcrgerschaftliche Engagement und die aktive Beteiligung der B\u00fcrgerinnen und B\u00fcrger f\u00fcr ihr Quartier.<\/p>\n\n\n\n<p>Die Technische Beigeordnete Claudia Schwan-Schmitz erg\u00e4nzt: &#8220;Nach der ersten ist vor der zweiten F\u00f6rderphase, und in diese sind wir bereits mit gro\u00dfen Schritten gestartet, setzen derzeit etwa Bauarbeiten an der Ernst-Reuter-Sportanlage und am Adenauerplatz um. Aber auch der Durchstich zum Museum Abteiberg, die Umgestaltung von Altem Markt und oberer Hindenburgstra\u00dfe sowie die Modernisierung des STEPs und des Gemeinschaftszentrums Das Westend stehen noch bevor. Ich w\u00fcnsche mir, dass der Film neben der Freude \u00fcber das Erreichte auch Lust macht, die kommenden Projekte aufmerksam zu begleiten und sich selbst aktiv einzubringen. Denn die Zusammenarbeit mit den B\u00fcrgerinnen und B\u00fcrgerinnen wird selbstverst\u00e4ndlich auch in der zweiten F\u00f6rderphase gro\u00dfgeschrieben!&#8221;<\/p>\n\n\n\n<p>Vom IHEK zur Sozialen Stadt Gladbach und Westend Die Grundlage f\u00fcr das St\u00e4dtebauf\u00f6rderprogramm Soziale Stadt Gladbach und Westend bildet das &#8220;Integrierte Handlungs- und Entwicklungskonzept&#8221; (IHEK). Dieses wurde in den Jahren 2016 und 2017 mithilfe eines externen B\u00fcros und unter Einbindung der \u00d6ffentlichkeit entwickelt. Im Februar 2018 verabschiedete der Stadtrat das auf zehn Jahre angelegte IHEK. Damit war die Grundlage f\u00fcr die F\u00f6rderzusage im Rahmen der St\u00e4dtebauf\u00f6rderung gegeben.<\/p>\n\n\n\n<p>Link zum Film (YouTube)<\/p>\n\n\n\n<p>Das Video ist online auf dem YouTube-Kanal der Stadt M\u00f6nchengladbach unter dem Titel &#8220;5 Jahre Gladbach Westend \u2013 Ver\u00e4nderungen im Herzen unserer Stadt&#8221; zu finden. Am einfachsten gelangt man zum Video \u00fcber die st\u00e4dtische Kurz-URL: <a href=\"https:\/\/stadt.mg\/5jahre-ihek\">https:\/\/stadt.mg\/5jahre-ihek<\/a><\/p>\n\n\n\n<p>Quelle: <a href=\"http:\/\/www.moenchengladbach.de\">Stadt M\u00f6nchengladbach<\/a><\/p>\n\n\n<figure class=\"wp-block-post-featured-image\"><img loading=\"lazy\" decoding=\"async\" width=\"400\" height=\"267\" src=\"https:\/\/standort-niederrhein.de\/wp-content\/uploads\/2025\/02\/293738V.jpg\" class=\"attachment-post-thumbnail size-post-thumbnail wp-post-image\" alt=\"\" style=\"object-fit:cover;\" srcset=\"https:\/\/standort-niederrhein.de\/wp-content\/uploads\/2025\/02\/293738V.jpg 400w, https:\/\/standort-niederrhein.de\/wp-content\/uploads\/2025\/02\/293738V-300x200.jpg 300w\" sizes=\"(max-width: 400px) 100vw, 400px\" \/><\/figure>\n\n\n<p>Foto: Stadt M\u00f6nchengladbach<\/p>\n","protected":false},"excerpt":{"rendered":"<p>M\u00f6nchengladbach. Rund 100 Millionen Euro aus der St\u00e4dtebauf\u00f6rderung werden in die Stadtteile Gladbach und Westend investiert. Mithilfe dieser beeindruckenden Summe werden bis 2027 soziale, b\u00fcrgerschaftliche und st\u00e4dtebauliche Projekte in den beiden Quartieren unterst\u00fctzt. Los ging es 2018 mit der ersten von zwei F\u00f6rderphasen. Einen R\u00fcckblick auf diese Zeit und die Entwicklung der beiden Quartiere im [&hellip;]<\/p>\n","protected":false},"author":3,"featured_media":5615,"comment_status":"closed","ping_status":"closed","sticky":false,"template":"","format":"standard","meta":{"_et_pb_use_builder":"","_et_pb_old_content":"","_et_gb_content_width":"","footnotes":""},"categories":[1],"tags":[],"class_list":["post-5614","post","type-post","status-publish","format-standard","has-post-thumbnail","hentry","category-allgemein"],"_links":{"self":[{"href":"https:\/\/standort-niederrhein.de\/en\/wp-json\/wp\/v2\/posts\/5614","targetHints":{"allow":["GET"]}}],"collection":[{"href":"https:\/\/standort-niederrhein.de\/en\/wp-json\/wp\/v2\/posts"}],"about":[{"href":"https:\/\/standort-niederrhein.de\/en\/wp-json\/wp\/v2\/types\/post"}],"author":[{"embeddable":true,"href":"https:\/\/standort-niederrhein.de\/en\/wp-json\/wp\/v2\/users\/3"}],"replies":[{"embeddable":true,"href":"https:\/\/standort-niederrhein.de\/en\/wp-json\/wp\/v2\/comments?post=5614"}],"version-history":[{"count":1,"href":"https:\/\/standort-niederrhein.de\/en\/wp-json\/wp\/v2\/posts\/5614\/revisions"}],"predecessor-version":[{"id":5616,"href":"https:\/\/standort-niederrhein.de\/en\/wp-json\/wp\/v2\/posts\/5614\/revisions\/5616"}],"wp:featuredmedia":[{"embeddable":true,"href":"https:\/\/standort-niederrhein.de\/en\/wp-json\/wp\/v2\/media\/5615"}],"wp:attachment":[{"href":"https:\/\/standort-niederrhein.de\/en\/wp-json\/wp\/v2\/media?parent=5614"}],"wp:term":[{"taxonomy":"category","embeddable":true,"href":"https:\/\/standort-niederrhein.de\/en\/wp-json\/wp\/v2\/categories?post=5614"},{"taxonomy":"post_tag","embeddable":true,"href":"https:\/\/standort-niederrhein.de\/en\/wp-json\/wp\/v2\/tags?post=5614"}],"curies":[{"name":"wp","href":"https:\/\/api.w.org\/{rel}","templated":true}]}}