{"id":5606,"date":"2025-02-23T07:00:00","date_gmt":"2025-02-23T06:00:00","guid":{"rendered":"https:\/\/invest-in-niederrhein.de\/?p=5606"},"modified":"2025-02-20T09:31:47","modified_gmt":"2025-02-20T08:31:47","slug":"emscher-muendung-fast-fertig-buergermeisterin-eisloeffel-blickt-mit-grosser-erwartung-auf-gartenschau-2027","status":"publish","type":"post","link":"https:\/\/standort-niederrhein.de\/en\/2025\/02\/23\/emscher-muendung-fast-fertig-buergermeisterin-eisloeffel-blickt-mit-grosser-erwartung-auf-gartenschau-2027\/","title":{"rendered":"Emscher-M\u00fcndung fast fertig - B\u00fcrgermeisterin Eisl\u00f6ffel blickt mit gro\u00dfer Erwartung auf Gartenschau 2027"},"content":{"rendered":"\n<p><strong>Dinslaken.<\/strong> Die letzten Bauma\u00dfnahmen an der renaturierten Emscher-M\u00fcndungsaue durch die Emschergenossenschaft stehen vor dem Abschluss. Schon im Sommer sollen die neu entstandenen Mittelinseln fertig sein und die Baustra\u00dfen zur\u00fcckgebaut werden. Die Stadt Dinslaken begr\u00fc\u00dft die bevorstehenden Abschlussarbeiten des Projektes, dass nicht nur f\u00fcr den Hochwasserschutz und die Flora und Fauna, sondern auch f\u00fcr die nachhaltige Entwicklung und Naherholung in der Region essenziell ist.\u00a0<\/p>\n\n\n\n<p>\u201e\u00dcber viele Jahre hat die Emschergenossenschaft viel Herzblut in die einzigartige Renaturierung der Emscher gesteckt. Seitdem hat sich das Gew\u00e4sser von einem offenen Abwasserkanal zur\u00fcck in eine \u00f6kologische Flusslandschaft verwandelt. Dadurch hat sie auch neue nat\u00fcrliche Orte der Naherholung f\u00fcr unsere Region geschaffen\u201c, so B\u00fcrgermeisterin Michaela Eisl\u00f6ffel. \u201eAuch im Hinblick auf die Internationale Gartenausstellung 2027 ist dieses Bauprojekt ein echter Meilenstein \u2013 entlang der Emscher kann sich Dinslaken von einer seiner sch\u00f6nsten Seiten zeigen. Viele internationale Besucher*innen und auch Fachleute werden sich f\u00fcr das Projekt interessieren. Wir freuen uns darauf, alle G\u00e4ste hier in Dinslaken willkommen zu hei\u00dfen.\u201c&nbsp;<\/p>\n\n\n\n<p>Die Emscher-M\u00fcndung plant die Emschergenossenschaft, sofern das Wetter mitspielt, im Sommer 2025 fertig zu stellen. Aktuell gibt es noch Arbeiten \u00f6stlich der Hagenstra\u00dfe, an den Querriegeln zur Sicherung der Emscher-Sohle und der Konstruktion zur St\u00fctzung der Spundw\u00e4nde und Verst\u00e4rkung der Sohle durch Steine.\u00a0<br>Die Transformation des Ruhrgebiets, f\u00fcr das die renaturierte, lebendige Emscher steht, soll auch auf der Internationalen Gartenschau 2027 an der M\u00fcndung in den Rhein deutlich sichtbar werden. Neben einer Inszenierung eines alten Absturzbauwerks durch die Emschergenossenschaft, soll das M\u00fcndungsdelta mit vielen Loops einen Einblick in die Themen Bergbau und den nachhaltigen Umgang mit seinen Auswirkungen, wie Bergbausenkungen und -halden, geben. Ein Lernort voller Biodiversit\u00e4t, soll Touristen und Menschen, in und um Dinslaken, zuk\u00fcnftig eine ganz besondere Aufenthaltsqualit\u00e4t bieten.<\/p>\n\n\n\n<p>Quelle: <a href=\"https:\/\/www.dinslaken.de\/stadt-buergerservice\/aktuelles\/emscher-muendung-fast-fertig-buergermeisterin-eisloeffel-blickt-mit\">Stadt Dinslaken<\/a><\/p>\n","protected":false},"excerpt":{"rendered":"<p>Dinslaken. Die letzten Bauma\u00dfnahmen an der renaturierten Emscher-M\u00fcndungsaue durch die Emschergenossenschaft stehen vor dem Abschluss. Schon im Sommer sollen die neu entstandenen Mittelinseln fertig sein und die Baustra\u00dfen zur\u00fcckgebaut werden. Die Stadt Dinslaken begr\u00fc\u00dft die bevorstehenden Abschlussarbeiten des Projektes, dass nicht nur f\u00fcr den Hochwasserschutz und die Flora und Fauna, sondern auch f\u00fcr die nachhaltige [&hellip;]<\/p>\n","protected":false},"author":3,"featured_media":0,"comment_status":"closed","ping_status":"closed","sticky":false,"template":"","format":"standard","meta":{"_et_pb_use_builder":"","_et_pb_old_content":"","_et_gb_content_width":"","footnotes":""},"categories":[1],"tags":[],"class_list":["post-5606","post","type-post","status-publish","format-standard","hentry","category-allgemein"],"_links":{"self":[{"href":"https:\/\/standort-niederrhein.de\/en\/wp-json\/wp\/v2\/posts\/5606","targetHints":{"allow":["GET"]}}],"collection":[{"href":"https:\/\/standort-niederrhein.de\/en\/wp-json\/wp\/v2\/posts"}],"about":[{"href":"https:\/\/standort-niederrhein.de\/en\/wp-json\/wp\/v2\/types\/post"}],"author":[{"embeddable":true,"href":"https:\/\/standort-niederrhein.de\/en\/wp-json\/wp\/v2\/users\/3"}],"replies":[{"embeddable":true,"href":"https:\/\/standort-niederrhein.de\/en\/wp-json\/wp\/v2\/comments?post=5606"}],"version-history":[{"count":1,"href":"https:\/\/standort-niederrhein.de\/en\/wp-json\/wp\/v2\/posts\/5606\/revisions"}],"predecessor-version":[{"id":5607,"href":"https:\/\/standort-niederrhein.de\/en\/wp-json\/wp\/v2\/posts\/5606\/revisions\/5607"}],"wp:attachment":[{"href":"https:\/\/standort-niederrhein.de\/en\/wp-json\/wp\/v2\/media?parent=5606"}],"wp:term":[{"taxonomy":"category","embeddable":true,"href":"https:\/\/standort-niederrhein.de\/en\/wp-json\/wp\/v2\/categories?post=5606"},{"taxonomy":"post_tag","embeddable":true,"href":"https:\/\/standort-niederrhein.de\/en\/wp-json\/wp\/v2\/tags?post=5606"}],"curies":[{"name":"wp","href":"https:\/\/api.w.org\/{rel}","templated":true}]}}