{"id":5604,"date":"2025-02-24T06:00:00","date_gmt":"2025-02-24T05:00:00","guid":{"rendered":"https:\/\/invest-in-niederrhein.de\/?p=5604"},"modified":"2025-02-20T09:26:54","modified_gmt":"2025-02-20T08:26:54","slug":"stadt-geldern-tritt-zukunftsnetz-mobilitaet-nrw-bei","status":"publish","type":"post","link":"https:\/\/standort-niederrhein.de\/en\/2025\/02\/24\/stadt-geldern-tritt-zukunftsnetz-mobilitaet-nrw-bei\/","title":{"rendered":"Stadt Geldern tritt \u201eZukunftsnetz Mobilit\u00e4t NRW\u201c bei"},"content":{"rendered":"\n<p><strong>Geldern.<\/strong> Die Mobilit\u00e4tswende geh\u00f6rt zu einer der Herausforderungen, die die Kommunen in den n\u00e4chsten Jahren und Jahrzehnten zu bew\u00e4ltigen haben. Um die Mobilit\u00e4t auch in Geldern noch besser vorantreiben zu k\u00f6nnen, ist die Stadt Geldern jetzt dem \u201eZukunftsnetz Mobilit\u00e4t NRW (ZMN)\u201c beigetreten. In M\u00fcnster erhielt Gelderns B\u00fcrgermeister Sven Kaiser von NRW-Verkehrsminister Oliver Krischer die Urkunde f\u00fcr den Beitritt zum ZMN. Was der Beitritt f\u00fcr Geldern bedeutet im \u00dcberblick:<\/p>\n\n\n\n<p><strong>Unterst\u00fctzung<\/strong>&nbsp;Die Stadt Geldern erh\u00e4lt durch den Beitritt zum ZMN Unterst\u00fctzung, um die Mobilit\u00e4tswende anzugehen und nachhaltige Angebote f\u00fcr Geldern zu erarbeiten beziehungsweise Ma\u00dfnahmen aus dem 2024 beschlossenen Nahmobilit\u00e4tskonzept umzusetzen. Unterst\u00fctzung geben kann es etwa \u00fcber F\u00f6rdermittel des Landes NRW, Expertenimpulse, Workshops oder Leitf\u00e4den. Sven Kaiser wertsch\u00e4tzt die Erg\u00e4nzung und den strategischen Zusammenschluss, \u201edenn neben der Stadt Geldern ist gleichzeitig auch der Kreis Kleve dem Zukunftsnetz Mobilit\u00e4t NRW beigetreten.\u201c<\/p>\n\n\n\n<p><strong>Expertise nutzen&nbsp;&nbsp;<\/strong>&nbsp;Das ZMN ist ein Unterst\u00fctzungsnetzwerk, das Kommunen dabei ber\u00e4t und begleitet, nachhaltige Mobilit\u00e4tskonzepte zu entwickeln und umzusetzen. Das Ziel: attraktive Mobilit\u00e4tsangebote f\u00fcr lebendige, sichere und gesunde Kommunen zu schaffen. Andere Bundesl\u00e4nder nutzen das \u201eZukunftsnetz Mobilit\u00e4t NRW\u201c mittlerweile als Vorlage f\u00fcr ein eigenes kommunales Mobilit\u00e4tsmanagement. \u201eKommunales Mobilit\u00e4tsmanagement umfasst alle strategischen und operativen Ma\u00dfnahmen, die darauf abzielen, den Verkehr in einer Kommune effizient, nachhaltig und umweltfreundlich zu gestalten\u201c, erkl\u00e4rt Janine Segref, Leiterin des Bereichs Umwelt, Klima und Mobilit\u00e4t bei der Stadt Geldern. \u201eEs ist ein integrativer Ansatz, der verschiedene Verkehrsarten wie \u00f6ffentlichen Nahverkehr, Radverkehr, Fu\u00dfg\u00e4ngerverkehr und motorisierten Individualverkehr aufeinander abstimmt, um eine bedarfsgerechte und ressourcenschonende Mobilit\u00e4t zu erm\u00f6glichen.\u201c<\/p>\n\n\n\n<p><strong>Koordinierungsstellen<\/strong>&nbsp;Drei regionale Koordinierungsstellen betreuen die Mitglieder vor Ort und sind jeweils bei den Verkehrsverb\u00fcnden der Region und den Zweckverb\u00e4nden des Landes angesiedelt, um das regionale Wissen und bestehende Netzwerke optimal zu nutzen. Die Koordinierungsstelle Rhein-Ruhr des Zukunftsnetz Mobilit\u00e4t ist angesiedelt beim Verkehrsverbund Rhein-Ruhr (VRR).<\/p>\n\n\n\n<p><strong>Zusammenarbeit mit der Stadt Geldern<\/strong>&nbsp;Sowohl der Bereich Stadtplanung und -entwicklung als auch der Bereich Umwelt, Klima, Mobilit\u00e4t der Stadt Geldern sollen k\u00fcnftig eng mit dem \u201eZukunftsnetz Mobilit\u00e4t NRW\u201c zusammenarbeiten. Unter anderem etwa in folgenden T\u00e4tigkeitsfeldern: In Geldern soll mithilfe des ZMN das Parkraummanagement &#8211; genauer gesagt die Verteilung und Belegung der innerst\u00e4dtischen Parkpl\u00e4tze &#8211; unter die Lupe genommen werden.<\/p>\n\n\n\n<p>Konkret erh\u00e4lt die Stadt Geldern durch den Beitritt zum ZMN einen fachlich-inhaltlichen Input. \u201eEtwa f\u00fcr das noch junge Fachgremium Wohnen zur Stellplatzsatzung oder durch den Austausch und die Vernetzung mit anderen Kommunen, die sich wie die Stadt Geldern mit \u00e4hnlichen Problemen oder Projekten befassen.\u201c<\/p>\n\n\n\n<p>Durch seine N\u00e4he VRR bildet das Zukunftsnetz ferner einen optimalen Zugang zur \u00d6PNV-Investitionsf\u00f6rderung, etwa f\u00fcr Produkte der vernetzten Mobilit\u00e4t. Auch dieses Thema wird in Geldern noch in diesem Jahr aufgegriffen. \u201eWir haben F\u00f6rdermittel beantragt und m\u00f6chten ein ganzheitliches Elektro-Ladeinfrastrukturkonzept f\u00fcr Geldern und seine Ortschaften entwickeln. Wo sind aktuell oder k\u00fcnftig noch ungedeckte Bedarfe und wie kann man die Vernetzung der verschiedenen Verkehrsmittel clever mitdenken,\u201c berichtet Janine Segref.<\/p>\n\n\n\n<p>Quelle: <a href=\"https:\/\/www.geldern.de\/de\/aktuelles\/stadt-geldern-tritt-zukunftsnetz-mobilitaet-nrw-bei\/\">Stadt Geldern<\/a><\/p>\n","protected":false},"excerpt":{"rendered":"<p>Geldern. Die Mobilit\u00e4tswende geh\u00f6rt zu einer der Herausforderungen, die die Kommunen in den n\u00e4chsten Jahren und Jahrzehnten zu bew\u00e4ltigen haben. Um die Mobilit\u00e4t auch in Geldern noch besser vorantreiben zu k\u00f6nnen, ist die Stadt Geldern jetzt dem \u201eZukunftsnetz Mobilit\u00e4t NRW (ZMN)\u201c beigetreten. In M\u00fcnster erhielt Gelderns B\u00fcrgermeister Sven Kaiser von NRW-Verkehrsminister Oliver Krischer die Urkunde [&hellip;]<\/p>\n","protected":false},"author":3,"featured_media":0,"comment_status":"closed","ping_status":"closed","sticky":false,"template":"","format":"standard","meta":{"_et_pb_use_builder":"","_et_pb_old_content":"","_et_gb_content_width":"","footnotes":""},"categories":[1],"tags":[],"class_list":["post-5604","post","type-post","status-publish","format-standard","hentry","category-allgemein"],"_links":{"self":[{"href":"https:\/\/standort-niederrhein.de\/en\/wp-json\/wp\/v2\/posts\/5604","targetHints":{"allow":["GET"]}}],"collection":[{"href":"https:\/\/standort-niederrhein.de\/en\/wp-json\/wp\/v2\/posts"}],"about":[{"href":"https:\/\/standort-niederrhein.de\/en\/wp-json\/wp\/v2\/types\/post"}],"author":[{"embeddable":true,"href":"https:\/\/standort-niederrhein.de\/en\/wp-json\/wp\/v2\/users\/3"}],"replies":[{"embeddable":true,"href":"https:\/\/standort-niederrhein.de\/en\/wp-json\/wp\/v2\/comments?post=5604"}],"version-history":[{"count":1,"href":"https:\/\/standort-niederrhein.de\/en\/wp-json\/wp\/v2\/posts\/5604\/revisions"}],"predecessor-version":[{"id":5605,"href":"https:\/\/standort-niederrhein.de\/en\/wp-json\/wp\/v2\/posts\/5604\/revisions\/5605"}],"wp:attachment":[{"href":"https:\/\/standort-niederrhein.de\/en\/wp-json\/wp\/v2\/media?parent=5604"}],"wp:term":[{"taxonomy":"category","embeddable":true,"href":"https:\/\/standort-niederrhein.de\/en\/wp-json\/wp\/v2\/categories?post=5604"},{"taxonomy":"post_tag","embeddable":true,"href":"https:\/\/standort-niederrhein.de\/en\/wp-json\/wp\/v2\/tags?post=5604"}],"curies":[{"name":"wp","href":"https:\/\/api.w.org\/{rel}","templated":true}]}}