{"id":5599,"date":"2025-02-23T06:00:00","date_gmt":"2025-02-23T05:00:00","guid":{"rendered":"https:\/\/invest-in-niederrhein.de\/?p=5599"},"modified":"2025-02-25T11:08:20","modified_gmt":"2025-02-25T10:08:20","slug":"der-kreis-kleve-begeistert-auf-der-reisewelt-2025","status":"publish","type":"post","link":"https:\/\/standort-niederrhein.de\/en\/2025\/02\/23\/der-kreis-kleve-begeistert-auf-der-reisewelt-2025\/","title":{"rendered":"Der Kreis Kleve begeistert auf der ReiseWelt 2025"},"content":{"rendered":"\n<p><strong>Kreis Kleve\/ D\u00fcsseldorf.<\/strong> Strahlender Sonnenschein begleitete die diesj\u00e4hrige Messe &#8220;ReiseWelt&#8221; in den Schadow-Arkaden in D\u00fcsseldorf, die zahlreiche Besucherinnen und Besucher anzog. Die Veranstaltung bot eine ideale Plattform, um attraktive Reiseziele zu pr\u00e4sentieren und Inspiration f\u00fcr k\u00fcnftige Ausfl\u00fcge zu liefern. Mit dabei war erneut die Wirtschaftsf\u00f6rderung Kreis Kleve, gemeinsam mit den Tourismus-Expertinnen und -Experten der St\u00e4dte und Gemeinden aus dem Kreis. Die Standnummer 1A \/ 1B wurde zum Anziehungspunkt f\u00fcr all jene, die sich f\u00fcr die naturnahen Erlebnism\u00f6glichkeiten am Niederrhein interessierten.<\/p>\n\n\n\n<p>Sechs Stunden lang informierten die Vertreterinnen und Vertreter des Kreises Kleve \u00fcber die vielf\u00e4ltigen Freizeitm\u00f6glichkeiten der Region. Besonders gefragt waren Tipps f\u00fcr Rad- und Wandertouren, aber auch Hinweise auf Veranstaltungen und Ausflugsziele fanden gro\u00dfes Interesse. Viele Messebesucher erkundigten sich nach Unterkunftsverzeichnissen, um Kurzurlaube in der Region zu planen.<\/p>\n\n\n\n<p>&#8220;Wir konnten vielen Besuchern eine wertvolle Entscheidungshilfe f\u00fcr ihren n\u00e4chsten Ausflug oder Urlaub geben&#8221;, res\u00fcmieren Corinna Strunk und Nils K\u00f6ster von der Wirtschaftsf\u00f6rderung Kreis Kleve. Die Resonanz war absolut positiv. Besonders die Brosch\u00fcren zum Knotenpunktsystem f\u00fcr Radfahrer und Radfahrerinnen und die Wanderrouten wurden gerne mitgenommen. Zudem nutzten viele Interessierte die Gelegenheit, sich von den Touristikerinnen und Touristikern pers\u00f6nliche Empfehlungen aus erster Hand einzuholen.<\/p>\n\n\n\n<p>Mit den ersten Sonnenstrahlen des Jahres starten auch die Kommunen ihre touristischen Werbeaktivit\u00e4ten. Ob auf der ReiseWelt in D\u00fcsseldorf oder bald auf der Reise- und Campingmesse in Essen \u2013 Messen bieten eine wertvolle Gelegenheit, um das vielf\u00e4ltige Freizeitangebot des Kreises Kleve einem breiten Publikum vorzustellen. Die positive Resonanz vieler Besucherinnen und Besucher unterstreicht: Der Niederrhein und der Kreis Kleve bleiben fest in den Reisepl\u00e4nen vieler Menschen verankert.<\/p>\n\n\n\n<p>Quelle: <a href=\"http:\/\/www.wfg-kreis-kleve.de\">WFG Kreis Kleve<\/a><\/p>\n\n\n<figure class=\"wp-block-post-featured-image\"><img loading=\"lazy\" decoding=\"async\" width=\"2560\" height=\"1849\" src=\"https:\/\/standort-niederrhein.de\/wp-content\/uploads\/2025\/02\/ReiseWelt-2025-c-WFG_WilfriedMeyer-scaled.jpg\" class=\"attachment-post-thumbnail size-post-thumbnail wp-post-image\" alt=\"\" style=\"object-fit:cover;\" srcset=\"https:\/\/standort-niederrhein.de\/wp-content\/uploads\/2025\/02\/ReiseWelt-2025-c-WFG_WilfriedMeyer-scaled.jpg 2560w, https:\/\/standort-niederrhein.de\/wp-content\/uploads\/2025\/02\/ReiseWelt-2025-c-WFG_WilfriedMeyer-1280x925.jpg 1280w, https:\/\/standort-niederrhein.de\/wp-content\/uploads\/2025\/02\/ReiseWelt-2025-c-WFG_WilfriedMeyer-980x708.jpg 980w, https:\/\/standort-niederrhein.de\/wp-content\/uploads\/2025\/02\/ReiseWelt-2025-c-WFG_WilfriedMeyer-480x347.jpg 480w\" sizes=\"(min-width: 0px) and (max-width: 480px) 480px, (min-width: 481px) and (max-width: 980px) 980px, (min-width: 981px) and (max-width: 1280px) 1280px, (min-width: 1281px) 2560px, 100vw\" \/><\/figure>\n\n\n<p>Eine inspirierende Atmosph\u00e4re, reges Interesse und viele spannende Gespr\u00e4che \u2013 die ReiseWelt 2025 in den D\u00fcsseldorfer Schadow-Arkaden bot die perfekte Gelegenheit, den Kreis Kleve als attraktives Reiseziel zu pr\u00e4sentieren. Die Wirtschaftsf\u00f6rderung Kreis Kleve und die Tourismusf\u00f6rderer aus den St\u00e4dten und Gemeinden blicken auf eine erfolgreiche Messe zur\u00fcck. | Foto: WFG Kreis Kleve\/ Wilfried Meyer<\/p>\n","protected":false},"excerpt":{"rendered":"<p>Kreis Kleve\/ D\u00fcsseldorf. Strahlender Sonnenschein begleitete die diesj\u00e4hrige Messe &#8220;ReiseWelt&#8221; in den Schadow-Arkaden in D\u00fcsseldorf, die zahlreiche Besucherinnen und Besucher anzog. Die Veranstaltung bot eine ideale Plattform, um attraktive Reiseziele zu pr\u00e4sentieren und Inspiration f\u00fcr k\u00fcnftige Ausfl\u00fcge zu liefern. Mit dabei war erneut die Wirtschaftsf\u00f6rderung Kreis Kleve, gemeinsam mit den Tourismus-Expertinnen und -Experten der St\u00e4dte [&hellip;]<\/p>\n","protected":false},"author":3,"featured_media":5600,"comment_status":"closed","ping_status":"closed","sticky":false,"template":"","format":"standard","meta":{"_et_pb_use_builder":"","_et_pb_old_content":"","_et_gb_content_width":"","footnotes":""},"categories":[1],"tags":[],"class_list":["post-5599","post","type-post","status-publish","format-standard","has-post-thumbnail","hentry","category-allgemein"],"_links":{"self":[{"href":"https:\/\/standort-niederrhein.de\/en\/wp-json\/wp\/v2\/posts\/5599","targetHints":{"allow":["GET"]}}],"collection":[{"href":"https:\/\/standort-niederrhein.de\/en\/wp-json\/wp\/v2\/posts"}],"about":[{"href":"https:\/\/standort-niederrhein.de\/en\/wp-json\/wp\/v2\/types\/post"}],"author":[{"embeddable":true,"href":"https:\/\/standort-niederrhein.de\/en\/wp-json\/wp\/v2\/users\/3"}],"replies":[{"embeddable":true,"href":"https:\/\/standort-niederrhein.de\/en\/wp-json\/wp\/v2\/comments?post=5599"}],"version-history":[{"count":3,"href":"https:\/\/standort-niederrhein.de\/en\/wp-json\/wp\/v2\/posts\/5599\/revisions"}],"predecessor-version":[{"id":5646,"href":"https:\/\/standort-niederrhein.de\/en\/wp-json\/wp\/v2\/posts\/5599\/revisions\/5646"}],"wp:featuredmedia":[{"embeddable":true,"href":"https:\/\/standort-niederrhein.de\/en\/wp-json\/wp\/v2\/media\/5600"}],"wp:attachment":[{"href":"https:\/\/standort-niederrhein.de\/en\/wp-json\/wp\/v2\/media?parent=5599"}],"wp:term":[{"taxonomy":"category","embeddable":true,"href":"https:\/\/standort-niederrhein.de\/en\/wp-json\/wp\/v2\/categories?post=5599"},{"taxonomy":"post_tag","embeddable":true,"href":"https:\/\/standort-niederrhein.de\/en\/wp-json\/wp\/v2\/tags?post=5599"}],"curies":[{"name":"wp","href":"https:\/\/api.w.org\/{rel}","templated":true}]}}