{"id":5574,"date":"2025-02-16T06:00:00","date_gmt":"2025-02-16T05:00:00","guid":{"rendered":"https:\/\/invest-in-niederrhein.de\/?p=5574"},"modified":"2025-02-13T14:36:53","modified_gmt":"2025-02-13T13:36:53","slug":"kreis-viersen-erhaelt-foerderbescheid-fuer-glasfaserausbau","status":"publish","type":"post","link":"https:\/\/standort-niederrhein.de\/en\/2025\/02\/16\/kreis-viersen-erhaelt-foerderbescheid-fuer-glasfaserausbau\/","title":{"rendered":"Kreis Viersen erh\u00e4lt F\u00f6rderbescheid f\u00fcr Glasfaserausbau"},"content":{"rendered":"\n<p><strong>Kreis Viersen. <\/strong>Der Kreis Viersen erh\u00e4lt als einer der ersten Antragsteller den F\u00f6rderbescheid f\u00fcr den Ausbau von etwa 3.300 Glasfaseranschl\u00fcssen im Rahmen des Graue-Flecken-F\u00f6rderprogramms in H\u00f6he von rund 17 Mio. Euro.<\/p>\n\n\n\n<p>Im letzten Jahr ist nach dem vorl\u00e4ufigen F\u00f6rderbescheid die europaweite Ausschreibung durchgef\u00fchrt und mit den Angebotsergebnissen der finale F\u00f6rderbescheid beantragt worden, der nun bewilligt worden ist.<\/p>\n\n\n\n<p>Neben der Bundesf\u00f6rderung erh\u00e4lt der Kreis Viersen auch eine Co-Finanzierung durch das Land in H\u00f6he von weiteren 30 Prozent. Den verbleibenden Eigenanteil von 20 Prozent tragen die Kommunen.<\/p>\n\n\n\n<p>Das Volumen des gef\u00f6rderten Glasfaserausbaus bel\u00e4uft sich auf insgesamt 32,5 Mio. Euro und ist somit erneut eins der gr\u00f6\u00dften Infrastrukturprojekte des Kreises Viersen.<\/p>\n\n\n\n<p>Mit diesem Programm werden die bislang unterversorgten Adressen im Kreisgebiet erschlossen. Damit wird ein weiterer wichtiger Schritt zur Schlie\u00dfung bestehender Versorgungsl\u00fccken getan. Am Ende werden weitestgehend alle Adressen im Kreisgebiet gigabitf\u00e4hig sein. Der Glasfaserausbau soll noch im Jahr 2025 beginnen.<\/p>\n\n\n\n<p>&#8220;Mit der Umsetzung des F\u00f6rderprogramms bringen wir die digitale Infrastruktur in unserem Kreis entscheidend weiter voran. Eine leistungsf\u00e4hige Internetanbindung ist heutzutage f\u00fcr alle essenziell. Unternehmen und Bildungseinrichtungen ben\u00f6tigen eine gut funktionierende digitale Infrastruktur ebenso wie private Haushalte. Ich bin froh, dass wir mit der Muenet GmbH einen erfahrenen Partner in Sachen Glasfaserausbau gewinnen konnten&#8221;, sagt Landrat Dr. Andreas Coenen.<\/p>\n\n\n\n<p>Der Kreis Viersen hatte zuvor ein europaweites Ausschreibungsverfahren durchgef\u00fchrt, aus dem die Muenet GmbH als Gewinner hervorgegangen ist. Das Unternehmen wird in den kommenden zwei Jahren den Glasfaserausbau in den bislang unterversorgten Gebieten vorantreiben.<\/p>\n\n\n\n<p>&#8220;Wir sind stolz darauf, den Zuschlag f\u00fcr dieses bedeutende Infrastrukturprojekt erhalten zu haben. Unser Ziel ist es, den Menschen im Kreis Viersen eine zukunftssichere Breitbandversorgung zu bieten&#8221;, betonte Denis Ebbing von der Muenet GmbH.<\/p>\n\n\n\n<p>Der Ausbau erfolgt im Rahmen des &#8220;Graue-Flecken-F\u00f6rderprogramms&#8221;, mit dem der Bund und das Land Nordrhein-Westfalen gezielt Regionen mit unzureichender Internetversorgung unterst\u00fctzen. &#8220;Der Glasfaserausbau ist eine Investition in die Zukunft. Er schafft die Grundlage f\u00fcr wirtschaftliche Entwicklung und verbessert die Lebensqualit\u00e4t im Kreis Viersen erheblich&#8221;, erg\u00e4nzt Rainer R\u00f6der, Dezernent f\u00fcr Planen, Bauen und Umwelt des Kreises Viersen.<\/p>\n\n\n\n<p>Der Kreis Viersen koordiniert und realisiert das Projekt als Dienstleister f\u00fcr die kreisangeh\u00f6rigen Kommunen. Christian B\u00f6ker, Leiter des Amtes f\u00fcr digitale Infrastruktur und Verkehrsanlagen erkl\u00e4rt: &#8220;Die Bauarbeiten sollen Mitte 2025 starten und schrittweise in den n\u00e4chsten zweieinhalb Jahren umgesetzt werden. Bewohnerinnen und Bewohner sowie Unternehmen in den betroffenen Gebieten werden rechtzeitig \u00fcber die n\u00e4chsten Schritte informiert.&#8221;<\/p>\n\n\n\n<p>Quelle: <a href=\"http:\/\/www.kreis-viersen.de\">Kreis Viersen<\/a><\/p>\n\n\n<figure class=\"wp-block-post-featured-image\"><img loading=\"lazy\" decoding=\"async\" width=\"2560\" height=\"1707\" src=\"https:\/\/standort-niederrhein.de\/wp-content\/uploads\/2025\/02\/293432P-scaled.jpg\" class=\"attachment-post-thumbnail size-post-thumbnail wp-post-image\" alt=\"\" style=\"object-fit:cover;\" srcset=\"https:\/\/standort-niederrhein.de\/wp-content\/uploads\/2025\/02\/293432P-scaled.jpg 2560w, https:\/\/standort-niederrhein.de\/wp-content\/uploads\/2025\/02\/293432P-1280x854.jpg 1280w, https:\/\/standort-niederrhein.de\/wp-content\/uploads\/2025\/02\/293432P-980x653.jpg 980w, https:\/\/standort-niederrhein.de\/wp-content\/uploads\/2025\/02\/293432P-480x320.jpg 480w\" sizes=\"(min-width: 0px) and (max-width: 480px) 480px, (min-width: 481px) and (max-width: 980px) 980px, (min-width: 981px) and (max-width: 1280px) 1280px, (min-width: 1281px) 2560px, 100vw\" \/><\/figure>\n\n\n<p>Vorne (v.l.n.r.): Denis Ebbing (Prokurist Muenet GmbH) und Landrat Dr. Andreas Coenen, hinten (v.l.n.r.): Sebastian Cuesters (Koordinator Digitale Infrastruktur des Kreises Viersen), Marion Frenker (Projektkoordinatorin Muenet GmbH) und Christian B\u00f6ker (Amtsleiter f\u00fcr digitale Infrastruktur und Verkehrsanlagen des Kreises Viersen). | Foto: Kreis Viersen<\/p>\n","protected":false},"excerpt":{"rendered":"<p>Kreis Viersen. Der Kreis Viersen erh\u00e4lt als einer der ersten Antragsteller den F\u00f6rderbescheid f\u00fcr den Ausbau von etwa 3.300 Glasfaseranschl\u00fcssen im Rahmen des Graue-Flecken-F\u00f6rderprogramms in H\u00f6he von rund 17 Mio. Euro. Im letzten Jahr ist nach dem vorl\u00e4ufigen F\u00f6rderbescheid die europaweite Ausschreibung durchgef\u00fchrt und mit den Angebotsergebnissen der finale F\u00f6rderbescheid beantragt worden, der nun bewilligt [&hellip;]<\/p>\n","protected":false},"author":3,"featured_media":5575,"comment_status":"closed","ping_status":"closed","sticky":false,"template":"","format":"standard","meta":{"_et_pb_use_builder":"","_et_pb_old_content":"","_et_gb_content_width":"","footnotes":""},"categories":[1],"tags":[],"class_list":["post-5574","post","type-post","status-publish","format-standard","has-post-thumbnail","hentry","category-allgemein"],"_links":{"self":[{"href":"https:\/\/standort-niederrhein.de\/en\/wp-json\/wp\/v2\/posts\/5574","targetHints":{"allow":["GET"]}}],"collection":[{"href":"https:\/\/standort-niederrhein.de\/en\/wp-json\/wp\/v2\/posts"}],"about":[{"href":"https:\/\/standort-niederrhein.de\/en\/wp-json\/wp\/v2\/types\/post"}],"author":[{"embeddable":true,"href":"https:\/\/standort-niederrhein.de\/en\/wp-json\/wp\/v2\/users\/3"}],"replies":[{"embeddable":true,"href":"https:\/\/standort-niederrhein.de\/en\/wp-json\/wp\/v2\/comments?post=5574"}],"version-history":[{"count":1,"href":"https:\/\/standort-niederrhein.de\/en\/wp-json\/wp\/v2\/posts\/5574\/revisions"}],"predecessor-version":[{"id":5576,"href":"https:\/\/standort-niederrhein.de\/en\/wp-json\/wp\/v2\/posts\/5574\/revisions\/5576"}],"wp:featuredmedia":[{"embeddable":true,"href":"https:\/\/standort-niederrhein.de\/en\/wp-json\/wp\/v2\/media\/5575"}],"wp:attachment":[{"href":"https:\/\/standort-niederrhein.de\/en\/wp-json\/wp\/v2\/media?parent=5574"}],"wp:term":[{"taxonomy":"category","embeddable":true,"href":"https:\/\/standort-niederrhein.de\/en\/wp-json\/wp\/v2\/categories?post=5574"},{"taxonomy":"post_tag","embeddable":true,"href":"https:\/\/standort-niederrhein.de\/en\/wp-json\/wp\/v2\/tags?post=5574"}],"curies":[{"name":"wp","href":"https:\/\/api.w.org\/{rel}","templated":true}]}}