{"id":5570,"date":"2025-02-15T06:00:00","date_gmt":"2025-02-15T05:00:00","guid":{"rendered":"https:\/\/invest-in-niederrhein.de\/?p=5570"},"modified":"2025-02-13T14:33:45","modified_gmt":"2025-02-13T13:33:45","slug":"50-jahre-eine-stadt-festakt-mit-ministerpraesident-hendrik-wuest","status":"publish","type":"post","link":"https:\/\/standort-niederrhein.de\/en\/2025\/02\/15\/50-jahre-eine-stadt-festakt-mit-ministerpraesident-hendrik-wuest\/","title":{"rendered":"50 Jahre eine Stadt: Festakt mit Ministerpr\u00e4sident Hendrik W\u00fcst"},"content":{"rendered":"\n<p><strong>M\u00f6nchengladbach.<\/strong> Mit dem Gesetz zur Neugliederung der Gemeinden und Kreise vom 10. September 1974 beschloss der Landtag auch die Vereinigung von M\u00f6nchengladbach, Rheydt und Wickrath. Am 1. Januar 1975 wurde aus den drei Gebietsk\u00f6rperschaften eine Stadt M\u00f6nchengladbach. Bereits am 29. M\u00e4rz 1974 hatten die drei Kommunen daf\u00fcr den Grundstein gelegt, als sie den Gebiets\u00e4nderungsvertrag unterzeichneten. In ihm legten sie Ziele f\u00fcr eine gemeinsame Stadtentwicklung fest.<\/p>\n\n\n\n<p>Mit einem Festakt im Haus Erholung, zu dem Oberb\u00fcrgermeister Felix Heinrichs am Dienstag mehr als 200 G\u00e4ste aus Politik, Wirtschaft, Gesellschaft, Kirchen, Sport, Kultur und Ehrenamt begr\u00fc\u00dfen konnte, startete die Stadt M\u00f6nchengladbach nun auch offiziell ins Jubil\u00e4umsjahr, das unter dem Motto &#8220;50 Jahre miteinander eine Stadt&#8221; die Menschen in den 44 Stadtteilen miteinander verbinden m\u00f6chte. Zu den G\u00e4sten geh\u00f6rte auch Swen Wagner, der als erstes Baby der neuen Gro\u00dfstadt mit heute mehr als 270.000 Einwohner*innen am 1. Januar 1975 geboren wurde.<\/p>\n\n\n\n<p>Festredner und einer der Ehreng\u00e4ste des Abends war Ministerpr\u00e4sident Hendrik W\u00fcst: &#8220;M\u00f6nchengladbach ist jung und hat zugleich tiefe Wurzeln \u2013 manche Stadtteile sind \u00fcber tausend Jahre alt. Durch die Neustrukturierung vor 50 Jahren hatte M\u00f6nchengladbach die Chance, Stadtteilgrenzen zu \u00fcberwinden und neu zusammenzuwachsen. Welch vielf\u00e4ltige Gemeinschaft dabei entstanden ist, macht das Motto des Jubil\u00e4umsjahres deutlich: 44 Stadtteile, 150 Nationen. So eine Gemeinschaft entsteht nur, wenn Menschen sich einbringen und sich f\u00fcreinander, f\u00fcr die Stadt und ihre Heimat engagieren. Die Stadt und die Menschen, die hier leben, haben allen Grund zu feiern, was sie hier in den vergangenen 50 Jahren gemeinsam vorangebracht haben.&#8221;<\/p>\n\n\n\n<p>Schon in seiner Er\u00f6ffnungsansprache hatte Felix Heinrichs die Vielfalt der Stadt hervorgehoben: &#8220;M\u00f6nchengladbach ist eine Stadt mit ganz unterschiedlichen Menschen und Stadtteilen. Das wollen wir feiern und damit ein klares Zeichen f\u00fcr eine offene und vielf\u00e4ltige Gesellschaft setzen. Aus dieser Vielfalt ziehen wir Kraft f\u00fcr die Zukunft.&#8221;<\/p>\n\n\n\n<p>Auch dass ein halbes Jahrhundert nach der Kommunalreform \u00fcber Vor- und Nachteile der St\u00e4dtefusion mitunter leidenschaftlich diskutiert wird, sprach Heinrichs in seiner Rede an: &#8220;Teile der Bev\u00f6lkerung mit hoher lokaler Verbundenheit haben das als Verlust erlebt. Und f\u00fcr einige scheint die Einheit auch nach 50 Jahren keine Selbstverst\u00e4ndlichkeit zu sein.&#8221; Aber, so Heinrichs weiter: &#8220;Letztlich wurde durch den Zusammenschluss zusammengef\u00fcgt, was infrastrukturell und wirtschaftlich bereits verschmolzen war. Ohne den Zusammenschluss w\u00e4ren alle drei Kommunen schlechter dran als sie es heute sind.&#8221;<\/p>\n\n\n\n<p>Yolanda Hoogtanders, B\u00fcrgermeisterin von M\u00f6nchengladbachs niederl\u00e4ndischer Partnerstadt Roermond, machte ihre Ansprache zu einem Pl\u00e4doyer f\u00fcr grenz\u00fcberschreitende Zusammenhalt und Freundschaft: &#8220;Die Staatsgrenzen, die in den letzten Monaten von einigen Politikern in unseren L\u00e4ndern wieder verst\u00e4rkt betont wurden, sind f\u00fcr die Bewohner unserer jeweiligen Grenzgebiete nur zuf\u00e4llige Linien auf der Landkarte. F\u00fcr uns ist die Grenze keine Barriere, kein Kontrollpunkt. Unsere Freundschaften reichen \u00fcber die Grenzen hinweg. Und dass schon seit 50 Jahren.&#8221;<\/p>\n\n\n\n<p>Wie breit und sparten\u00fcbergreifend M\u00f6nchengladbach auf kulturellem Gebiet aufgestellt ist, wurde im Rahmenprogramm des Festaktes deutlich: Den virtuosen Auftakt machte Harfenist Enea Cavallo vom Theater M\u00f6nchengladbach mit Werken von Domenico Scarletti und Marcel Tournier. Francis Norman, der sich in der Welt des Jazz und Pop zu Hause f\u00fchlt, begeisterte mit seiner Bratsche und einer Loopstation nicht nur den Ministerpr\u00e4sidenten. Mit den Rockstreichern der Musikschule spielte er dann noch St\u00fccke des M\u00f6nchengladbacher Komponisten Joachim Reiser.<\/p>\n\n\n\n<p>Zum Abschluss lieferten die Poetry Slammer Marco Jonas Jahn und Markim Pause unter der \u00dcberschrift &#8220;Wo schl\u00e4gt das Herz deiner Stadt&#8221; nicht nur akrobatische Limmericks sondern auch eine Liebeserkl\u00e4rung an die M\u00f6nchengladbacher Stadtteile voller hintersinnigem Humor.<\/p>\n\n\n\n<p>Quelle: <a href=\"http:\/\/www.moenchengladbach.de\">Stadt M\u00f6nchengladbach<\/a><\/p>\n\n\n<figure class=\"wp-block-post-featured-image\"><img loading=\"lazy\" decoding=\"async\" width=\"2560\" height=\"1707\" src=\"https:\/\/standort-niederrhein.de\/wp-content\/uploads\/2025\/02\/293410P-scaled.jpg\" class=\"attachment-post-thumbnail size-post-thumbnail wp-post-image\" alt=\"\" style=\"object-fit:cover;\" srcset=\"https:\/\/standort-niederrhein.de\/wp-content\/uploads\/2025\/02\/293410P-scaled.jpg 2560w, https:\/\/standort-niederrhein.de\/wp-content\/uploads\/2025\/02\/293410P-1280x854.jpg 1280w, https:\/\/standort-niederrhein.de\/wp-content\/uploads\/2025\/02\/293410P-980x653.jpg 980w, https:\/\/standort-niederrhein.de\/wp-content\/uploads\/2025\/02\/293410P-480x320.jpg 480w\" sizes=\"(min-width: 0px) and (max-width: 480px) 480px, (min-width: 481px) and (max-width: 980px) 980px, (min-width: 981px) and (max-width: 1280px) 1280px, (min-width: 1281px) 2560px, 100vw\" \/><\/figure>\n\n\n<p>Ministerpr\u00e4sident Hendrik W\u00fcst hielt die Festrede und trug sich ins Goldene Buch der Stadt ein. | Foto: Stadt M\u00f6nchengladbach<\/p>\n","protected":false},"excerpt":{"rendered":"<p>M\u00f6nchengladbach. Mit dem Gesetz zur Neugliederung der Gemeinden und Kreise vom 10. September 1974 beschloss der Landtag auch die Vereinigung von M\u00f6nchengladbach, Rheydt und Wickrath. Am 1. Januar 1975 wurde aus den drei Gebietsk\u00f6rperschaften eine Stadt M\u00f6nchengladbach. Bereits am 29. M\u00e4rz 1974 hatten die drei Kommunen daf\u00fcr den Grundstein gelegt, als sie den Gebiets\u00e4nderungsvertrag unterzeichneten. [&hellip;]<\/p>\n","protected":false},"author":3,"featured_media":5572,"comment_status":"closed","ping_status":"closed","sticky":false,"template":"","format":"standard","meta":{"_et_pb_use_builder":"","_et_pb_old_content":"","_et_gb_content_width":"","footnotes":""},"categories":[1],"tags":[],"class_list":["post-5570","post","type-post","status-publish","format-standard","has-post-thumbnail","hentry","category-allgemein"],"_links":{"self":[{"href":"https:\/\/standort-niederrhein.de\/en\/wp-json\/wp\/v2\/posts\/5570","targetHints":{"allow":["GET"]}}],"collection":[{"href":"https:\/\/standort-niederrhein.de\/en\/wp-json\/wp\/v2\/posts"}],"about":[{"href":"https:\/\/standort-niederrhein.de\/en\/wp-json\/wp\/v2\/types\/post"}],"author":[{"embeddable":true,"href":"https:\/\/standort-niederrhein.de\/en\/wp-json\/wp\/v2\/users\/3"}],"replies":[{"embeddable":true,"href":"https:\/\/standort-niederrhein.de\/en\/wp-json\/wp\/v2\/comments?post=5570"}],"version-history":[{"count":1,"href":"https:\/\/standort-niederrhein.de\/en\/wp-json\/wp\/v2\/posts\/5570\/revisions"}],"predecessor-version":[{"id":5573,"href":"https:\/\/standort-niederrhein.de\/en\/wp-json\/wp\/v2\/posts\/5570\/revisions\/5573"}],"wp:featuredmedia":[{"embeddable":true,"href":"https:\/\/standort-niederrhein.de\/en\/wp-json\/wp\/v2\/media\/5572"}],"wp:attachment":[{"href":"https:\/\/standort-niederrhein.de\/en\/wp-json\/wp\/v2\/media?parent=5570"}],"wp:term":[{"taxonomy":"category","embeddable":true,"href":"https:\/\/standort-niederrhein.de\/en\/wp-json\/wp\/v2\/categories?post=5570"},{"taxonomy":"post_tag","embeddable":true,"href":"https:\/\/standort-niederrhein.de\/en\/wp-json\/wp\/v2\/tags?post=5570"}],"curies":[{"name":"wp","href":"https:\/\/api.w.org\/{rel}","templated":true}]}}