{"id":5566,"date":"2025-02-14T06:00:00","date_gmt":"2025-02-14T05:00:00","guid":{"rendered":"https:\/\/invest-in-niederrhein.de\/?p=5566"},"modified":"2025-02-12T13:25:04","modified_gmt":"2025-02-12T12:25:04","slug":"holz-ist-zukunft-derix-vergroessert-sich-nachhaltig","status":"publish","type":"post","link":"https:\/\/standort-niederrhein.de\/en\/2025\/02\/14\/holz-ist-zukunft-derix-vergroessert-sich-nachhaltig\/","title":{"rendered":"Holz ist Zukunft: DERIX vergr\u00f6\u00dfert sich nachhaltig"},"content":{"rendered":"\n<p><strong>Niederkr\u00fcchten.<\/strong> Gemeinsam mit STRUCTURELAB Architekten gestaltet DERIX den neuen DERIX Campus, der zus\u00e4tzliche B\u00fcro- und Verwaltungsgeb\u00e4ude umfasst. Hier werden neue DERIX-Produkte (wie z. B. Rippendecken) verbaut und Holzoberfl\u00e4chen bleiben sichtbar. Ein Showroom und gro\u00dfe Pr\u00e4sentationsfl\u00e4chen zeigen weitere Produkte aus der gesamten Palette \u2013 so werden die DERIX Produkte zum Anfassen pr\u00e4sentiert und der Holzbau wird erlebbar.<\/p>\n\n\n\n<p>\u201eWir freuen uns sehr auf die gro\u00dfz\u00fcgige Erweiterung am Standort Niederkr\u00fcchten\u201c, sagt Markus Steppler, Gesch\u00e4ftsf\u00fchrer bei der DERIX-Gruppe. \u201eDie von uns vorangetriebene Entwicklung hin zur zirkul\u00e4ren Wirtschaft wird bei unseren Neubauten ganz konsequent umgesetzt. So wurden die Geb\u00e4ude des DERIX Campus mit r\u00fcckbaubaren Elementen konzipiert, die Bebauung erm\u00f6glicht sogar eine weitere Fl\u00e4chenentsiegelung auf dem Firmengel\u00e4nde.\u201c, f\u00fchrt Steppler aus.<\/p>\n\n\n\n<p>Markus Derix, gesch\u00e4ftsf\u00fchrender Inhaber der DERIX-Gruppe, zur Vergr\u00f6\u00dferung des Standorts: \u201eWir sehen \u00fcberaus positiv in die Zukunft. Zirkul\u00e4res Bauen mit Holz gewinnt zunehmend an Bedeutung. Die unschlagbaren Vorteile im Bereich von Nachhaltigkeit und Kilmaschutz werden mehr und mehr erg\u00e4nzt durch lohnende wirtschaftliche Aspekte, die durch die Wiederverwendung der Bauteile entstehen. Wir sind davon \u00fcberzeugt, dass der Holzbau-Boom gerade erst begonnen hat, so Derix.<\/p>\n\n\n\n<p>Die DERIX-Gruppe hatte erst im August 2023 ihrem Unternehmen einen dritten Produktionsstandort im Bereich Holzmodulbau hinzugef\u00fcgt.<\/p>\n\n\n\n<p>Quelle: <a href=\"http:\/\/www.derix.de\">Wilhelm Derix GmbH<\/a><\/p>\n\n\n<figure class=\"wp-block-post-featured-image\"><img loading=\"lazy\" decoding=\"async\" width=\"2560\" height=\"1441\" src=\"https:\/\/standort-niederrhein.de\/wp-content\/uploads\/2025\/02\/c-structurelab-Aussen-2-scaled.jpg\" class=\"attachment-post-thumbnail size-post-thumbnail wp-post-image\" alt=\"\" style=\"object-fit:cover;\" srcset=\"https:\/\/standort-niederrhein.de\/wp-content\/uploads\/2025\/02\/c-structurelab-Aussen-2-scaled.jpg 2560w, https:\/\/standort-niederrhein.de\/wp-content\/uploads\/2025\/02\/c-structurelab-Aussen-2-1280x721.jpg 1280w, https:\/\/standort-niederrhein.de\/wp-content\/uploads\/2025\/02\/c-structurelab-Aussen-2-980x552.jpg 980w, https:\/\/standort-niederrhein.de\/wp-content\/uploads\/2025\/02\/c-structurelab-Aussen-2-480x270.jpg 480w\" sizes=\"(min-width: 0px) and (max-width: 480px) 480px, (min-width: 481px) and (max-width: 980px) 980px, (min-width: 981px) and (max-width: 1280px) 1280px, (min-width: 1281px) 2560px, 100vw\" \/><\/figure>\n\n\n<p>Structurelab &#8211; Au\u00dfen (2) | Derix<\/p>\n","protected":false},"excerpt":{"rendered":"<p>Niederkr\u00fcchten. Gemeinsam mit STRUCTURELAB Architekten gestaltet DERIX den neuen DERIX Campus, der zus\u00e4tzliche B\u00fcro- und Verwaltungsgeb\u00e4ude umfasst. Hier werden neue DERIX-Produkte (wie z. B. Rippendecken) verbaut und Holzoberfl\u00e4chen bleiben sichtbar. Ein Showroom und gro\u00dfe Pr\u00e4sentationsfl\u00e4chen zeigen weitere Produkte aus der gesamten Palette \u2013 so werden die DERIX Produkte zum Anfassen pr\u00e4sentiert und der Holzbau wird [&hellip;]<\/p>\n","protected":false},"author":3,"featured_media":5567,"comment_status":"closed","ping_status":"closed","sticky":false,"template":"","format":"standard","meta":{"_et_pb_use_builder":"","_et_pb_old_content":"","_et_gb_content_width":"","footnotes":""},"categories":[1],"tags":[],"class_list":["post-5566","post","type-post","status-publish","format-standard","has-post-thumbnail","hentry","category-allgemein"],"_links":{"self":[{"href":"https:\/\/standort-niederrhein.de\/en\/wp-json\/wp\/v2\/posts\/5566","targetHints":{"allow":["GET"]}}],"collection":[{"href":"https:\/\/standort-niederrhein.de\/en\/wp-json\/wp\/v2\/posts"}],"about":[{"href":"https:\/\/standort-niederrhein.de\/en\/wp-json\/wp\/v2\/types\/post"}],"author":[{"embeddable":true,"href":"https:\/\/standort-niederrhein.de\/en\/wp-json\/wp\/v2\/users\/3"}],"replies":[{"embeddable":true,"href":"https:\/\/standort-niederrhein.de\/en\/wp-json\/wp\/v2\/comments?post=5566"}],"version-history":[{"count":1,"href":"https:\/\/standort-niederrhein.de\/en\/wp-json\/wp\/v2\/posts\/5566\/revisions"}],"predecessor-version":[{"id":5568,"href":"https:\/\/standort-niederrhein.de\/en\/wp-json\/wp\/v2\/posts\/5566\/revisions\/5568"}],"wp:featuredmedia":[{"embeddable":true,"href":"https:\/\/standort-niederrhein.de\/en\/wp-json\/wp\/v2\/media\/5567"}],"wp:attachment":[{"href":"https:\/\/standort-niederrhein.de\/en\/wp-json\/wp\/v2\/media?parent=5566"}],"wp:term":[{"taxonomy":"category","embeddable":true,"href":"https:\/\/standort-niederrhein.de\/en\/wp-json\/wp\/v2\/categories?post=5566"},{"taxonomy":"post_tag","embeddable":true,"href":"https:\/\/standort-niederrhein.de\/en\/wp-json\/wp\/v2\/tags?post=5566"}],"curies":[{"name":"wp","href":"https:\/\/api.w.org\/{rel}","templated":true}]}}