{"id":5563,"date":"2025-02-13T06:00:00","date_gmt":"2025-02-13T05:00:00","guid":{"rendered":"https:\/\/invest-in-niederrhein.de\/?p=5563"},"modified":"2025-02-11T13:06:12","modified_gmt":"2025-02-11T12:06:12","slug":"workshop-beschaeftigt-sich-mit-mobilstationen-im-rhein-kreis-neuss","status":"publish","type":"post","link":"https:\/\/standort-niederrhein.de\/en\/2025\/02\/13\/workshop-beschaeftigt-sich-mit-mobilstationen-im-rhein-kreis-neuss\/","title":{"rendered":"Workshop besch\u00e4ftigt sich mit Mobilstationen im Rhein-Kreis Neuss"},"content":{"rendered":"\n<p><strong>Rhein-Kreis Neuss. <\/strong>Der Rhein-Kreis Neuss war jetzt Gastgeber eines Workshops zum Thema \u201eMobilstationen im Rheinischen Revier f\u00fcr M\u00f6nchengladbach und die Kommunen des Rhein-Kreises Neuss\u201c. Durchgef\u00fchrt wurde die Veranstaltung im Kreishaus in Grevenbroich vom \u201eZukunftsnetz Mobilit\u00e4t NRW\u201c und dem Verkehrsverbund Rhein-Ruhr (VRR).&nbsp;<\/p>\n\n\n\n<p>Im Mittelpunkt des Workshops stand die Vorstellung und Diskussion einer neuen F\u00f6rderrichtlinie des Landes, die Kommunen dazu anregen soll, ein Netzwerk von Mobilstationen zu errichten. Diese sollen k\u00fcnftig einen zentralen Bestandteil der regionalen Verkehrsinfrastruktur im Rheinischen Revier bilden und damit einen wichtigen Beitrag zur F\u00f6rderung von umweltfreundlicher und nachhaltiger Mobilit\u00e4t leisten. \u201eBei der Initiierung und Umsetzung eines kommunalen Mobilit\u00e4tsmanagements ist die Koordinierung und Abstimmung zwischen dem Kreis und den kreisangeh\u00f6rigen Kommunen ebenso wichtig wie mit unseren Nachbarn im Rheinischen Revier. Hier gehen wir als Kreis zielgerichtet voran und bringen unsere Expertise im interkommunalen Austausch ein\u201c, sagt Sabine Richarz, Mobilit\u00e4tsmanagerin des Rhein-Kreises Neuss.<\/p>\n\n\n\n<p>Mobilstationen sind moderne Verkehrsknotenpunkte, die verschiedene Verkehrsmittel miteinander verbinden. Ziel ist es, den \u00f6ffentlichen Nahverkehr zu st\u00e4rken und gleichzeitig die Nutzung von umweltfreundlichen Alternativen zum eigenen Auto zu f\u00f6rdern. Mobilstationen bieten Nutzern die M\u00f6glichkeit, nahtlos zwischen unterschiedlichen Verkehrstr\u00e4gern wie Bus und Bahn, Carsharing, E-Bikes oder Elektrofahrzeugen zu wechseln. Damit bieten sie eine praktische L\u00f6sung f\u00fcr die Herausforderung der urbanen Mobilit\u00e4t und tragen dazu bei, den Verkehr in St\u00e4dten und Regionen zu entlasten sowie CO2-Emissionen zu reduzieren.<\/p>\n\n\n\n<p>\u201eMit der F\u00f6rderung von Mobilstationen m\u00f6chten wir die Voraussetzungen schaffen, damit die B\u00fcrgerinnen und B\u00fcrger im Rhein-Kreis Neuss noch flexibler und umweltfreundlicher unterwegs sein k\u00f6nnen. Durch die enge Zusammenarbeit zwischen den Kommunen und dem VRR wollen wir eine zukunftsf\u00e4hige Mobilit\u00e4tsinfrastruktur schaffen, die den Bed\u00fcrfnissen der Menschen gerecht wird\u201c, erkl\u00e4rt Dino Niemann, Sprecher des Verkehrsverbundes Rhein-Ruhr.<\/p>\n\n\n\n<p>Das Zukunftsnetz Mobilit\u00e4t NRW ist ein landesweites, durch das NRW-Verkehrsministerium gegr\u00fcndetes Netzwerk f\u00fcr Gemeinden, St\u00e4dte und Kreise. Als Unterst\u00fctzungsnetzwerk ber\u00e4t und begleitet es Kommunen dabei, nachhaltige Mobilit\u00e4tskonzepte zu entwickeln und umzusetzen. Der Rhein-Kreis Neuss ist seit 2022 Mitglied des Netzwerks. Die regionale Koordinierungsstelle im Raum Rhein-Ruhr ist beim Verkehrsverbund Rhein-Ruhr (VRR) angesiedelt.<\/p>\n\n\n\n<p>Quelle: <a href=\"http:\/\/www.rhein-kreis-neuss.de\">Rhein-Kreis Neuss<\/a><\/p>\n\n\n<figure class=\"wp-block-post-featured-image\"><img loading=\"lazy\" decoding=\"async\" width=\"2560\" height=\"1707\" src=\"https:\/\/standort-niederrhein.de\/wp-content\/uploads\/2025\/02\/RKN-Workshop-Foerderprogramme-2404-scaled.jpg\" class=\"attachment-post-thumbnail size-post-thumbnail wp-post-image\" alt=\"\" style=\"object-fit:cover;\" srcset=\"https:\/\/standort-niederrhein.de\/wp-content\/uploads\/2025\/02\/RKN-Workshop-Foerderprogramme-2404-scaled.jpg 2560w, https:\/\/standort-niederrhein.de\/wp-content\/uploads\/2025\/02\/RKN-Workshop-Foerderprogramme-2404-1280x854.jpg 1280w, https:\/\/standort-niederrhein.de\/wp-content\/uploads\/2025\/02\/RKN-Workshop-Foerderprogramme-2404-980x653.jpg 980w, https:\/\/standort-niederrhein.de\/wp-content\/uploads\/2025\/02\/RKN-Workshop-Foerderprogramme-2404-480x320.jpg 480w\" sizes=\"(min-width: 0px) and (max-width: 480px) 480px, (min-width: 481px) and (max-width: 980px) 980px, (min-width: 981px) and (max-width: 1280px) 1280px, (min-width: 1281px) 2560px, 100vw\" \/><\/figure>\n\n\n<p>Vertreterinnen und Vertreter des Rhein-Kreises Neuss nahmen jetzt an dem Workshop teil, der vom \u201eZukunftsnetz Mobilit\u00e4t NRW\u201c durchgef\u00fchrt wurde. Der Kreis war auch Gastgeber der Veranstaltung. | Foto:<strong> <\/strong>W. Walter\/ Rhein-Kreis Neuss<br><br><br><br><br><br><br><br><br><br><br><br><br><br><br><br><br><p class=\"MsoNormal\" style=\"margin-right:9.8pt;line-height:150%\"><b><span style=\"font-size:12.0pt;line-height:150%\">Rhein-Kreis Neuss. <\/span><\/b><span style=\"font-size:12.0pt;line-height:150%\">Der Rhein-Kreis Neuss war jetzt<br>Gastgeber eines Workshops zum Thema \u201eMobilstationen im Rheinischen Revier f\u00fcr<br>M\u00f6nchengladbach und die Kommunen des Rhein-Kreises Neuss\u201c. Durchgef\u00fchrt wurde<br>die Veranstaltung im Kreishaus in Grevenbroich vom \u201eZukunftsnetz Mobilit\u00e4t NRW\u201c<br>und dem Verkehrsverbund Rhein-Ruhr (VRR).\u00a0 \u00a0Im Mittelpunkt des Workshops stand<br>die Vorstellung und Diskussion einer neuen F\u00f6rderrichtlinie des Landes, die<br>Kommunen dazu anregen soll, ein Netzwerk von Mobilstationen zu errichten. Diese<br>sollen k\u00fcnftig einen zentralen Bestandteil der regionalen Verkehrsinfrastruktur<br>im Rheinischen Revier bilden und damit einen wichtigen Beitrag zur F\u00f6rderung<br>von umweltfreundlicher und nachhaltiger Mobilit\u00e4t leisten. \u201eBei der Initiierung<br>und Umsetzung eines kommunalen Mobilit\u00e4tsmanagements ist die Koordinierung und<br>Abstimmung zwischen dem Kreis und den kreisangeh\u00f6rigen Kommunen ebenso wichtig<br>wie mit unseren Nachbarn im Rheinischen Revier. Hier gehen wir als Kreis<br>zielgerichtet voran und bringen unsere Expertise im interkommunalen Austausch<br>ein\u201c, sagt Sabine Richarz, Mobilit\u00e4tsmanagerin des Rhein-Kreises Neuss.\u00a0Mobilstationen sind moderne<br>Verkehrsknotenpunkte, die verschiedene Verkehrsmittel miteinander verbinden.<br>Ziel ist es, den \u00f6ffentlichen Nahverkehr zu st\u00e4rken und gleichzeitig die<br>Nutzung von umweltfreundlichen Alternativen zum eigenen Auto zu f\u00f6rdern. Mobilstationen<br>bieten Nutzern die M\u00f6glichkeit, nahtlos zwischen unterschiedlichen<br>Verkehrstr\u00e4gern wie Bus und Bahn, Carsharing, E-Bikes oder Elektrofahrzeugen zu<br>wechseln. Damit bieten sie eine praktische L\u00f6sung f\u00fcr die Herausforderung der<br>urbanen Mobilit\u00e4t und tragen dazu bei, den Verkehr in St\u00e4dten und Regionen zu<br>entlasten sowie CO2-Emissionen zu reduzieren.\u00a0\u201eMit der F\u00f6rderung von Mobilstationen<br>m\u00f6chten wir die Voraussetzungen schaffen, damit die B\u00fcrgerinnen und B\u00fcrger im<br>Rhein-Kreis Neuss noch flexibler und umweltfreundlicher unterwegs sein k\u00f6nnen.<br>Durch die enge Zusammenarbeit zwischen den Kommunen und dem VRR wollen wir eine<br>zukunftsf\u00e4hige Mobilit\u00e4tsinfrastruktur schaffen, die den Bed\u00fcrfnissen der<br>Menschen gerecht wird\u201c, erkl\u00e4rt Dino Niemann, Sprecher des Verkehrsverbundes<br>Rhein-Ruhr.\u00a0Das Zukunftsnetz Mobilit\u00e4t NRW ist<br>ein landesweites, durch das NRW-Verkehrsministerium gegr\u00fcndetes Netzwerk f\u00fcr<br>Gemeinden, St\u00e4dte und Kreise. Als Unterst\u00fctzungsnetzwerk ber\u00e4t und begleitet es<br>Kommunen dabei, nachhaltige Mobilit\u00e4tskonzepte zu entwickeln und umzusetzen.<br>Der Rhein-Kreis Neuss ist seit 2022 Mitglied des Netzwerks. Die regionale<br>Koordinierungsstelle im Raum Rhein-Ruhr ist beim Verkehrsverbund Rhein-Ruhr<br>(VRR) angesiedelt.<\/span><\/p><\/p>\n","protected":false},"excerpt":{"rendered":"<p>Rhein-Kreis Neuss. Der Rhein-Kreis Neuss war jetzt Gastgeber eines Workshops zum Thema \u201eMobilstationen im Rheinischen Revier f\u00fcr M\u00f6nchengladbach und die Kommunen des Rhein-Kreises Neuss\u201c. Durchgef\u00fchrt wurde die Veranstaltung im Kreishaus in Grevenbroich vom \u201eZukunftsnetz Mobilit\u00e4t NRW\u201c und dem Verkehrsverbund Rhein-Ruhr (VRR).&nbsp; Im Mittelpunkt des Workshops stand die Vorstellung und Diskussion einer neuen F\u00f6rderrichtlinie des Landes, [&hellip;]<\/p>\n","protected":false},"author":3,"featured_media":5564,"comment_status":"closed","ping_status":"closed","sticky":false,"template":"","format":"standard","meta":{"_et_pb_use_builder":"","_et_pb_old_content":"","_et_gb_content_width":"","footnotes":""},"categories":[1],"tags":[],"class_list":["post-5563","post","type-post","status-publish","format-standard","has-post-thumbnail","hentry","category-allgemein"],"_links":{"self":[{"href":"https:\/\/standort-niederrhein.de\/en\/wp-json\/wp\/v2\/posts\/5563","targetHints":{"allow":["GET"]}}],"collection":[{"href":"https:\/\/standort-niederrhein.de\/en\/wp-json\/wp\/v2\/posts"}],"about":[{"href":"https:\/\/standort-niederrhein.de\/en\/wp-json\/wp\/v2\/types\/post"}],"author":[{"embeddable":true,"href":"https:\/\/standort-niederrhein.de\/en\/wp-json\/wp\/v2\/users\/3"}],"replies":[{"embeddable":true,"href":"https:\/\/standort-niederrhein.de\/en\/wp-json\/wp\/v2\/comments?post=5563"}],"version-history":[{"count":1,"href":"https:\/\/standort-niederrhein.de\/en\/wp-json\/wp\/v2\/posts\/5563\/revisions"}],"predecessor-version":[{"id":5565,"href":"https:\/\/standort-niederrhein.de\/en\/wp-json\/wp\/v2\/posts\/5563\/revisions\/5565"}],"wp:featuredmedia":[{"embeddable":true,"href":"https:\/\/standort-niederrhein.de\/en\/wp-json\/wp\/v2\/media\/5564"}],"wp:attachment":[{"href":"https:\/\/standort-niederrhein.de\/en\/wp-json\/wp\/v2\/media?parent=5563"}],"wp:term":[{"taxonomy":"category","embeddable":true,"href":"https:\/\/standort-niederrhein.de\/en\/wp-json\/wp\/v2\/categories?post=5563"},{"taxonomy":"post_tag","embeddable":true,"href":"https:\/\/standort-niederrhein.de\/en\/wp-json\/wp\/v2\/tags?post=5563"}],"curies":[{"name":"wp","href":"https:\/\/api.w.org\/{rel}","templated":true}]}}