{"id":5537,"date":"2025-02-12T06:00:00","date_gmt":"2025-02-12T05:00:00","guid":{"rendered":"https:\/\/invest-in-niederrhein.de\/?p=5537"},"modified":"2025-02-10T12:43:59","modified_gmt":"2025-02-10T11:43:59","slug":"design-wettbewerb-zum-erscheinungsbild-der-landesgartenschau-kleve-2029","status":"publish","type":"post","link":"https:\/\/standort-niederrhein.de\/en\/2025\/02\/12\/design-wettbewerb-zum-erscheinungsbild-der-landesgartenschau-kleve-2029\/","title":{"rendered":"Design-Wettbewerb zum Erscheinungsbild der Landesgartenschau Kleve 2029"},"content":{"rendered":"\n<p><strong>Kleve.<\/strong> K\u00fcnftig wird es das Marketing der Klever Landesgartenschau und das gesamte Stadtbild pr\u00e4gen: In einem Design-Wettbewerb der Hochschule Rhein-Waal und der Stadt Kleve wurde am 3. Februar 2025 das Erscheinungsbild der Landesgartenschau Kleve 2029 gek\u00fcrt. Eine 13-k\u00f6pfige Jury um B\u00fcrgermeister Wolfgang Gebing und Klaus Keysers, Gesch\u00e4ftsf\u00fchrer der Landesgartenschau Kleve gGmbH, entschied sich f\u00fcr einen dynamischen und modernen Entwurf der Designstudentin Mariam Hachem.<\/p>\n\n\n\n<p>Das Logo besteht aus einer einzigen geschwungenen Linie, die wie eine rankende Pflanze in die H\u00f6he w\u00e4chst, daneben der Schriftzug \u201eLandesgartenschau Kleve 2029\u201c. Inspirieren lie\u00df sich die Designerin dabei vom Klever Spoykanal. Neben dem eigentlichen Logo umfasst der Gewinnerentwurf ein ganzes Gestaltungssystem samt einer Auswahl von 30 Symbolen, die dem Logo in seiner einzigartigen Stilistik folgen. Hachems Entwurf erm\u00f6glicht es, immer wieder andere Themen aufzugreifen und alle Medien \u2013 von der Brosch\u00fcre bis zum T-Shirt \u2013 lebendig zu gestalten. So bleibt die Landesgartenschau wiedererkennbar und pr\u00e4sentiert sich gleichzeitig abwechslungsreich und flexibel.<\/p>\n\n\n\n<p>\u201eMit dem erstplatzierten Entwurf hat sich die Jury f\u00fcr ein hochwertiges und aussagekr\u00e4ftiges Branding entschieden, das die Landesgartenschau in unserer Stadt fortan stolz repr\u00e4sentiert\u201c, freute sich B\u00fcrgermeister Gebing am Montagabend. \u201eEinmal mehr zeigt sich, dass wir mit der Hochschule Rhein-Waal einen starken Partner an unserer Seite haben, auf dessen vielf\u00e4ltige Expertise wir uns verlassen k\u00f6nnen. Durch die hohe Qualit\u00e4t aller eingereichten Entw\u00fcrfe hatte die Jury keine einfache Entscheidung.\u201c<\/p>\n\n\n\n<p>\u201eF\u00fcr uns als Hochschule ist es eine Freude zu sehen, wie unsere Studierenden mit ihren kreativen Ideen die Landesgartenschau mitgestalten\u201c, so Prof. Dr. Locker-Gr\u00fctjen, Pr\u00e4sident der Hochschule Rhein-Waal. \u201eDie Vielfalt und Innovationskraft der gezeigten Entw\u00fcrfe haben mich begeistert. Besonders gratuliere ich Frau Mariam Hachem zu ihrem \u00fcberzeugenden Gewinnerentwurf, der nun in die Umsetzung geht.\u201c<\/p>\n\n\n\n<p>Studierende des internationalen Bachelorstudiengangs Information and Communication Design der Fakult\u00e4t Kommunikation und Umwelt entwickelten im Rahmen eines Designwettbewerbs das Zeichen und Erscheinungsbild f\u00fcr die Landesgartenschau in Kleve 2029. Insgesamt beteiligten sich 25 Studierende ab dem dritten Semester an dem Wettbewerb. Unter der Leitung von Professor Christoph Zielke setzten sie sich intensiv mit der Formenvielfalt der Natur, der Stadtentwicklung und der Landesgartenschau als Innovationsplattform auseinander. Die Ergebnisse spiegeln eine beeindruckende Bandbreite kreativer Ans\u00e4tze wider. Einige Studierende stellten ein markantes Zeichen in den Mittelpunkt, andere entwickelten flexible Gestaltungssysteme. Gezeigt wurden prachtvolle Ornamente und abstrakte Symbole, expressive Farbexplosionen und stilvoller Minimalismus \u2013 Libellen und Schw\u00e4ne inklusive.<\/p>\n\n\n\n<p>\u201eDie Studierenden haben mich nicht nur mit der Qualit\u00e4t ihrer Entw\u00fcrfe beeindruckt, sondern auch mit ihrer Beharrlichkeit\u201c, so Professor Zielke. \u201eSie mussten Druck aushalten und komplexe Anforderungen erf\u00fcllen \u2013 und dennoch sollte das Ergebnis Leichtigkeit und Witz vermitteln. Das erfordert harte Arbeit. Die Studierenden haben das fantastisch gemacht.\u201c<\/p>\n\n\n\n<p>Der Gewinnerentwurf von Mariam Hachem wird mit einem Preisgeld in H\u00f6he von 7.000 Euro pr\u00e4miert, das zweitplatzierte Duo Marcele Rimoli und Marcella Partzsch erh\u00e4lt 2.000 Euro und die drittplatzierte Camila Salazar 1.000 Euro. Hachem \u00fcberzeugte mit einem flexiblen Zeichensystem, das anstelle eines klassischen Logos ein wandelbares Design bietet. \u201eDer Spoykanal ist der zentrale Punkt meines Icon-Systems\u201c, erl\u00e4utert Hachem. Der Spoykanal, dargestellt durch eine geschwungene Linie, f\u00fchrt in ihrem Entwurf von einer Aktivit\u00e4t zur anderen.<\/p>\n\n\n\n<p>Vertreterinnen und Vertreter vieler unterschiedlicher Organisationen haben dazu beigetragen, dass in der Jury lebhaft und offen \u00fcber die verschiedenen Logo-Entw\u00fcrfe diskutiert werden konnte. Folgende Jurorinnen und Juroren haben an der Entscheidung mitgewirkt:<\/p>\n\n\n\n<ul class=\"wp-block-list\">\n<li>Wolfgang Gebing (B\u00fcrgermeister der Stadt Kleve)<\/li>\n\n\n\n<li>Sigrun Hintzen (Einzelh\u00e4ndlerin, Buchhandlung Hintzen)<\/li>\n\n\n\n<li>Rainer Hoymann (2. Vorsitzender F\u00f6rderverein Landesgartenschau Kleve)<\/li>\n\n\n\n<li>Kristina Jan\u00dfen (Leiterin Standortmarketing Wirtschaft, Tourismus und Marketing Stadt Kleve GmbH)<\/li>\n\n\n\n<li>Ludger Kazmierczak (WDR-Journalist und Kabarettist)<\/li>\n\n\n\n<li>Klaus Keysers (Gesch\u00e4ftsf\u00fchrer Landesgartenschau Kleve gGmbH)<\/li>\n\n\n\n<li>Mats Kubiak (Gesch\u00e4ftsf\u00fchrer Designagentur g31)<\/li>\n\n\n\n<li>Niklas Lembeck (Pressesprecher Stadt Kleve)<\/li>\n\n\n\n<li>Ute Marks (1. Vorsitzende F\u00f6rderverein Landesgartenschau Kleve)<\/li>\n\n\n\n<li>Nicolas Markwald (Professor Hochschule Rhein-Waal)<\/li>\n\n\n\n<li>Michael Menge (Gesch\u00e4ftsf\u00fchrer Designagentur studio franz)<\/li>\n\n\n\n<li>Marijke Noy (Marketing Landesgartenschau Kleve gGmbH, ab 1. April 2025)<\/li>\n\n\n\n<li>Christoph Zielke (Professor Hochschule Rhein-Waal)<\/li>\n<\/ul>\n\n\n\n<p>Die Stadt Kleve, die Landesgartenschau Kleve gGmbH und die Hochschule Rhein-Waal bedanken sich herzlich bei allen Studierenden f\u00fcr ihre Teilnahme am Design-Wettbewerb.<\/p>\n\n\n\n<p>Quelle: <a href=\"http:\/\/www.hochschule-rhein-waal.de\">Hochschule Rhein-Waal<\/a><\/p>\n\n\n<figure class=\"wp-block-post-featured-image\"><img loading=\"lazy\" decoding=\"async\" width=\"2560\" height=\"1707\" src=\"https:\/\/standort-niederrhein.de\/wp-content\/uploads\/2025\/02\/2025.02.03_Design-Wettbewerb-Landesgartenschau_\u00a9Stadt-Kleve-scaled.jpg\" class=\"attachment-post-thumbnail size-post-thumbnail wp-post-image\" alt=\"\" style=\"object-fit:cover;\" srcset=\"https:\/\/standort-niederrhein.de\/wp-content\/uploads\/2025\/02\/2025.02.03_Design-Wettbewerb-Landesgartenschau_\u00a9Stadt-Kleve-scaled.jpg 2560w, https:\/\/standort-niederrhein.de\/wp-content\/uploads\/2025\/02\/2025.02.03_Design-Wettbewerb-Landesgartenschau_\u00a9Stadt-Kleve-300x200.jpg 300w, https:\/\/standort-niederrhein.de\/wp-content\/uploads\/2025\/02\/2025.02.03_Design-Wettbewerb-Landesgartenschau_\u00a9Stadt-Kleve-1024x683.jpg 1024w, https:\/\/standort-niederrhein.de\/wp-content\/uploads\/2025\/02\/2025.02.03_Design-Wettbewerb-Landesgartenschau_\u00a9Stadt-Kleve-768x512.jpg 768w, https:\/\/standort-niederrhein.de\/wp-content\/uploads\/2025\/02\/2025.02.03_Design-Wettbewerb-Landesgartenschau_\u00a9Stadt-Kleve-1536x1024.jpg 1536w, https:\/\/standort-niederrhein.de\/wp-content\/uploads\/2025\/02\/2025.02.03_Design-Wettbewerb-Landesgartenschau_\u00a9Stadt-Kleve-2048x1365.jpg 2048w, https:\/\/standort-niederrhein.de\/wp-content\/uploads\/2025\/02\/2025.02.03_Design-Wettbewerb-Landesgartenschau_\u00a9Stadt-Kleve-1080x720.jpg 1080w, https:\/\/standort-niederrhein.de\/wp-content\/uploads\/2025\/02\/2025.02.03_Design-Wettbewerb-Landesgartenschau_\u00a9Stadt-Kleve-1280x854.jpg 1280w, https:\/\/standort-niederrhein.de\/wp-content\/uploads\/2025\/02\/2025.02.03_Design-Wettbewerb-Landesgartenschau_\u00a9Stadt-Kleve-980x653.jpg 980w, https:\/\/standort-niederrhein.de\/wp-content\/uploads\/2025\/02\/2025.02.03_Design-Wettbewerb-Landesgartenschau_\u00a9Stadt-Kleve-480x320.jpg 480w\" sizes=\"(max-width: 2560px) 100vw, 2560px\" \/><\/figure>\n\n\n<p>Von links: Nicolas Markwald, Professor f\u00fcr Kommunikationsdesign an der Hochschule Rhein-Waal, B\u00fcrgermeister Wolfgang Gebing, Designstudentin und Erstplatzierte Mariam Hachem sowie Christoph Zielke, Professor f\u00fcr Mediendesign an der Hochschule Rhein-Waal | Foto: Stadt Kleve<\/p>\n","protected":false},"excerpt":{"rendered":"<p>Kleve. K\u00fcnftig wird es das Marketing der Klever Landesgartenschau und das gesamte Stadtbild pr\u00e4gen: In einem Design-Wettbewerb der Hochschule Rhein-Waal und der Stadt Kleve wurde am 3. Februar 2025 das Erscheinungsbild der Landesgartenschau Kleve 2029 gek\u00fcrt. Eine 13-k\u00f6pfige Jury um B\u00fcrgermeister Wolfgang Gebing und Klaus Keysers, Gesch\u00e4ftsf\u00fchrer der Landesgartenschau Kleve gGmbH, entschied sich f\u00fcr einen [&hellip;]<\/p>\n","protected":false},"author":3,"featured_media":5538,"comment_status":"closed","ping_status":"closed","sticky":false,"template":"","format":"standard","meta":{"_et_pb_use_builder":"","_et_pb_old_content":"","_et_gb_content_width":"","footnotes":""},"categories":[1],"tags":[],"class_list":["post-5537","post","type-post","status-publish","format-standard","has-post-thumbnail","hentry","category-allgemein"],"_links":{"self":[{"href":"https:\/\/standort-niederrhein.de\/en\/wp-json\/wp\/v2\/posts\/5537","targetHints":{"allow":["GET"]}}],"collection":[{"href":"https:\/\/standort-niederrhein.de\/en\/wp-json\/wp\/v2\/posts"}],"about":[{"href":"https:\/\/standort-niederrhein.de\/en\/wp-json\/wp\/v2\/types\/post"}],"author":[{"embeddable":true,"href":"https:\/\/standort-niederrhein.de\/en\/wp-json\/wp\/v2\/users\/3"}],"replies":[{"embeddable":true,"href":"https:\/\/standort-niederrhein.de\/en\/wp-json\/wp\/v2\/comments?post=5537"}],"version-history":[{"count":1,"href":"https:\/\/standort-niederrhein.de\/en\/wp-json\/wp\/v2\/posts\/5537\/revisions"}],"predecessor-version":[{"id":5539,"href":"https:\/\/standort-niederrhein.de\/en\/wp-json\/wp\/v2\/posts\/5537\/revisions\/5539"}],"wp:featuredmedia":[{"embeddable":true,"href":"https:\/\/standort-niederrhein.de\/en\/wp-json\/wp\/v2\/media\/5538"}],"wp:attachment":[{"href":"https:\/\/standort-niederrhein.de\/en\/wp-json\/wp\/v2\/media?parent=5537"}],"wp:term":[{"taxonomy":"category","embeddable":true,"href":"https:\/\/standort-niederrhein.de\/en\/wp-json\/wp\/v2\/categories?post=5537"},{"taxonomy":"post_tag","embeddable":true,"href":"https:\/\/standort-niederrhein.de\/en\/wp-json\/wp\/v2\/tags?post=5537"}],"curies":[{"name":"wp","href":"https:\/\/api.w.org\/{rel}","templated":true}]}}