{"id":5518,"date":"2025-02-09T06:00:00","date_gmt":"2025-02-09T05:00:00","guid":{"rendered":"https:\/\/invest-in-niederrhein.de\/?p=5518"},"modified":"2025-02-07T09:00:52","modified_gmt":"2025-02-07T08:00:52","slug":"kreis-viersen-erneut-als-fahrradfreundlicher-arbeitgeber-in-gold-ausgezeichnet","status":"publish","type":"post","link":"https:\/\/standort-niederrhein.de\/en\/2025\/02\/09\/kreis-viersen-erneut-als-fahrradfreundlicher-arbeitgeber-in-gold-ausgezeichnet\/","title":{"rendered":"Kreis Viersen erneut als \u201eFahrradfreundlicher Arbeitgeber\u201c in Gold ausgezeichnet"},"content":{"rendered":"\n<p><strong>Kreis Viersen.<\/strong> Der Kreis Viersen hat erneut das Siegel &#8220;Fahrradfreundlicher Arbeitgeber&#8221; in Gold vom Allgemeinen Deutschen Fahrrad Club (ADFC) erhalten. Die Auszeichnung w\u00fcrdigt das Engagement des Kreises f\u00fcr umweltfreundliche Mobilit\u00e4t.<\/p>\n\n\n\n<p>Der ADFC vergibt die EU-weite Zertifizierung seit 2017. Bereits 2022 ist dem Kreis Viersen das Siegel verliehen worden. &#8220;Dass wir zum wiederholten Male das Siegel &#8220;Fahrradfreundlicher Arbeitgeber&#8221; erhalten haben, zeigt, dass wir als Kreis Viersen nicht nur f\u00fcr das Klima Verantwortung \u00fcbernehmen, sondern auch f\u00fcr die Gesundheit unserer Mitarbeitenden. Gemeinsam setzen wir uns so f\u00fcr nachhaltige Mobilit\u00e4t ein und machen unseren Kreis zukunftsf\u00e4hig&#8221;, betont Landrat Dr. Andreas Coenen.<\/p>\n\n\n\n<p>&#8220;Der Kreis Viersen hat umfassende Ma\u00dfnahmen implementiert, um das Fahrradfahren zu einem attraktiven und sicheren Teil des Arbeitswegs zu machen&#8221;, lobt Sara Tsudome, Projektleiterin beim ADFC-Bundesverband, den Einsatz des Kreises &#8220;Dieses Engagement wirkt sich nicht nur positiv auf die Gesundheit der Mitarbeitenden aus, sondern st\u00e4rkt auch die Position als fortschrittlicher und umweltbewusster Arbeitgeber.&#8221;<\/p>\n\n\n\n<p>Das Betriebliche Gesundheitsmanagement, das Geb\u00e4udemanagement und die Radverkehrsbeauftragten des Kreises Viersen haben zahlreiche Ma\u00dfnahmen und Angebote integriert, um eine fahrradfreundliche Umgebung zu schaffen. Unter anderem stehen den Mitarbeitenden sichere, wettergesch\u00fctzte Abstellanlagen sowie Umkleide- und Duschm\u00f6glichkeiten zur Verf\u00fcgung. Dar\u00fcber hinaus organisiert der Kreis regelm\u00e4\u00dfig Initiativen wie das &#8220;Stadtradeln&#8221; und Informationsveranstaltungen zum Fahrrad Leasing, die den Austausch unter den Mitarbeitenden f\u00f6rdern und ihnen umweltfreundliche Mobilit\u00e4t n\u00e4herbringen.<\/p>\n\n\n\n<p>Durch diese Ma\u00dfnahmen tr\u00e4gt der Kreis Viersen nicht nur im Sinne der Nachhaltigkeit zu der Reduktion von CO\u2082-Emissionen bei, sondern legt ebenfalls Wert auf die Gesundheit und die Zufriedenheit der Mitarbeitenden. Wird das Fahrrad f\u00fcr den Arbeitsweg genutzt, so st\u00e4rkt dies die k\u00f6rperliche und die mentale Gesundheit: Mitarbeitende, die regelm\u00e4\u00dfig mit dem Fahrrad zur Arbeit fahren, haben im Durchschnitt ein Drittel weniger Krankheitstage. Flexibilit\u00e4t im Berufsverkehr sorgt zudem zu einer besseren Work-Life-Balance der fahrradfahrenden Mitarbeitenden.<\/p>\n\n\n\n<p>&#8220;Die erneute Auszeichnung mit Gold als &#8220;Fahrradfreundlicher Arbeitgeber&#8221; zeigt, wie wichtig uns nachhaltige Mobilit\u00e4t und die Gesundheit unserer Mitarbeitenden sind. Sie ist ein weiterer Baustein unserer Arbeitgebermarke, mit dem wir ein modernes und zukunftsorientiertes Arbeitsumfeld f\u00f6rdern,&#8221; erkl\u00e4rt Susanne Klemt, Leiterin der Personalentwicklung des Kreises Viersen.<\/p>\n\n\n\n<p>Quelle: <a href=\"http:\/\/www.kreis-viersen.de\">Kreis Viersen<\/a><\/p>\n\n\n<figure class=\"wp-block-post-featured-image\"><img loading=\"lazy\" decoding=\"async\" width=\"567\" height=\"583\" src=\"https:\/\/standort-niederrhein.de\/wp-content\/uploads\/2025\/02\/293090P.jpg\" class=\"attachment-post-thumbnail size-post-thumbnail wp-post-image\" alt=\"\" style=\"object-fit:cover;\" srcset=\"https:\/\/standort-niederrhein.de\/wp-content\/uploads\/2025\/02\/293090P.jpg 567w, https:\/\/standort-niederrhein.de\/wp-content\/uploads\/2025\/02\/293090P-480x494.jpg 480w\" sizes=\"(min-width: 0px) and (max-width: 480px) 480px, (min-width: 481px) 567px, 100vw\" \/><\/figure>\n\n\n<p>Kreis Viersen erneut als &#8220;Fahrradfreundlicher Arbeitgeber&#8221; in Gold ausgezeichnet | Foto: Kreis Viersen<\/p>\n","protected":false},"excerpt":{"rendered":"<p>Kreis Viersen. Der Kreis Viersen hat erneut das Siegel &#8220;Fahrradfreundlicher Arbeitgeber&#8221; in Gold vom Allgemeinen Deutschen Fahrrad Club (ADFC) erhalten. Die Auszeichnung w\u00fcrdigt das Engagement des Kreises f\u00fcr umweltfreundliche Mobilit\u00e4t. Der ADFC vergibt die EU-weite Zertifizierung seit 2017. Bereits 2022 ist dem Kreis Viersen das Siegel verliehen worden. &#8220;Dass wir zum wiederholten Male das Siegel [&hellip;]<\/p>\n","protected":false},"author":3,"featured_media":5519,"comment_status":"closed","ping_status":"closed","sticky":false,"template":"","format":"standard","meta":{"_et_pb_use_builder":"","_et_pb_old_content":"","_et_gb_content_width":"","footnotes":""},"categories":[1],"tags":[],"class_list":["post-5518","post","type-post","status-publish","format-standard","has-post-thumbnail","hentry","category-allgemein"],"_links":{"self":[{"href":"https:\/\/standort-niederrhein.de\/en\/wp-json\/wp\/v2\/posts\/5518","targetHints":{"allow":["GET"]}}],"collection":[{"href":"https:\/\/standort-niederrhein.de\/en\/wp-json\/wp\/v2\/posts"}],"about":[{"href":"https:\/\/standort-niederrhein.de\/en\/wp-json\/wp\/v2\/types\/post"}],"author":[{"embeddable":true,"href":"https:\/\/standort-niederrhein.de\/en\/wp-json\/wp\/v2\/users\/3"}],"replies":[{"embeddable":true,"href":"https:\/\/standort-niederrhein.de\/en\/wp-json\/wp\/v2\/comments?post=5518"}],"version-history":[{"count":1,"href":"https:\/\/standort-niederrhein.de\/en\/wp-json\/wp\/v2\/posts\/5518\/revisions"}],"predecessor-version":[{"id":5520,"href":"https:\/\/standort-niederrhein.de\/en\/wp-json\/wp\/v2\/posts\/5518\/revisions\/5520"}],"wp:featuredmedia":[{"embeddable":true,"href":"https:\/\/standort-niederrhein.de\/en\/wp-json\/wp\/v2\/media\/5519"}],"wp:attachment":[{"href":"https:\/\/standort-niederrhein.de\/en\/wp-json\/wp\/v2\/media?parent=5518"}],"wp:term":[{"taxonomy":"category","embeddable":true,"href":"https:\/\/standort-niederrhein.de\/en\/wp-json\/wp\/v2\/categories?post=5518"},{"taxonomy":"post_tag","embeddable":true,"href":"https:\/\/standort-niederrhein.de\/en\/wp-json\/wp\/v2\/tags?post=5518"}],"curies":[{"name":"wp","href":"https:\/\/api.w.org\/{rel}","templated":true}]}}