{"id":5508,"date":"2025-02-05T09:30:00","date_gmt":"2025-02-05T08:30:00","guid":{"rendered":"https:\/\/invest-in-niederrhein.de\/?p=5508"},"modified":"2025-02-05T09:38:01","modified_gmt":"2025-02-05T08:38:01","slug":"neues-foerderprogramm-von-kreis-und-rwe-fuer-energie-start-ups","status":"publish","type":"post","link":"https:\/\/standort-niederrhein.de\/en\/2025\/02\/05\/neues-foerderprogramm-von-kreis-und-rwe-fuer-energie-start-ups\/","title":{"rendered":"Neues F\u00f6rderprogramm von Kreis und RWE f\u00fcr Energie-Start-ups"},"content":{"rendered":"\n<p><strong>Rhein-Kreis Neuss.<\/strong> An Start-ups aus der Energiewirtschaft richtet sich das F\u00f6rderprogramm \u201eAccelerate Power\u201c, das der Rhein-Kreis Neuss und die RWE Power AG am 1. M\u00e4rz gemeinsam starten. Das Themenspektrum reicht von erneuerbaren Energien, Netzen und Speichertechnologien sowie Wasserstoff und Dekarbonisierung bis zu Kreislaufwirtschaft und W\u00e4rmeversorgung. Die Teilnehmer sollten ein Gesch\u00e4ftsmodell mit klarer Zielgruppe und einen ersten Prototyp entwickelt haben sowie einen Standort im Rheinischen Revier betreiben oder planen.<\/p>\n\n\n\n<p>\u201eMit ,Accelerate Power\u2018 wollen wir zukunftsweisende Technologien im Bereich der Energiewirtschaft weiterentwickeln und marktf\u00e4hig machen\u201c, hie\u00df es bei der Vorstellung des Projekts. Mit dabei waren Landrat Hans-J\u00fcrgen Petrauschke, Michael Eyll-Vetter, Leiter der RWE-Sparte \u201eEntwicklung Braunkohle\u201c, Manuela Schmielewski und Christian van Dongen von der RWE Power AG als Projektleitung und Dominik Hintzen, der Leiter des Innovationsteams der Kreiswirtschaftsf\u00f6rderung.<\/p>\n\n\n\n<p>In einem Zeitraum von drei Monaten erhalten bis zu f\u00fcnf Start-ups Unterst\u00fctzung durch Branchenexperten sowie Zugang zu Netzwerken und Ressourcen der RWE Power AG. Dabei ist das Programm in die Phasen \u201eMarktvalidierung\u201c, \u201eProduktentwicklung\u201c und \u201eGesch\u00e4ftsmodellentwicklung\u201c unterteilt. Zum Abschluss des Projekts pr\u00e4sentieren die Teilnehmer bei einem \u201eFinal Pitch\u201c ihre Fortschritte. Das beste Team bekommt die Chance auf eine Folgef\u00f6rderung in H\u00f6he von 50 000 Euro und eine intensive Betreuung durch den Bereich \u201eZukunftsgesch\u00e4fte\u201c von RWE.<\/p>\n\n\n\n<p>\u201eAccelerate Power\u201c wurde vom Erfolg des Start-up-F\u00f6rderprogramms \u201eaccelerate_RKN\u201c inspiriert und gibt diesem einen Branchenfokus. Die Kreiswirtschaftsf\u00f6rderung plant, dar\u00fcber hinaus mit weiteren Partnern neues Gr\u00fcndungspotenzial f\u00fcr den Rhein-Kreis Neuss \u2013 wie mit der RWE Power AG f\u00fcr das Rheinische Revier \u2013 zu erschlie\u00dfen.<\/p>\n\n\n\n<p>Quelle: <a href=\"http:\/\/www.rhein-kreis-neuss.de\">Rhein-Kreis Neuss<\/a><\/p>\n\n\n<figure class=\"wp-block-post-featured-image\"><img loading=\"lazy\" decoding=\"async\" width=\"2560\" height=\"1703\" src=\"https:\/\/standort-niederrhein.de\/wp-content\/uploads\/2025\/02\/2025-01-30-Kooperation-mit-RWE-2-scaled.jpg\" class=\"attachment-post-thumbnail size-post-thumbnail wp-post-image\" alt=\"\" style=\"object-fit:cover;\" srcset=\"https:\/\/standort-niederrhein.de\/wp-content\/uploads\/2025\/02\/2025-01-30-Kooperation-mit-RWE-2-scaled.jpg 2560w, https:\/\/standort-niederrhein.de\/wp-content\/uploads\/2025\/02\/2025-01-30-Kooperation-mit-RWE-2-1280x852.jpg 1280w, https:\/\/standort-niederrhein.de\/wp-content\/uploads\/2025\/02\/2025-01-30-Kooperation-mit-RWE-2-980x652.jpg 980w, https:\/\/standort-niederrhein.de\/wp-content\/uploads\/2025\/02\/2025-01-30-Kooperation-mit-RWE-2-480x319.jpg 480w\" sizes=\"(min-width: 0px) and (max-width: 480px) 480px, (min-width: 481px) and (max-width: 980px) 980px, (min-width: 981px) and (max-width: 1280px) 1280px, (min-width: 1281px) 2560px, 100vw\" \/><\/figure>\n\n\n<p>F\u00f6rderprogramm \u201eAccelerate Power\u201c von Kreis und RWE vorgestellt (von links): Manuela Schmielewski, Christian van Dongen, Michael Eyll-Vetter, Landrat Hans-J\u00fcrgen Petrauschke und Dominik Hintzen. | Foto: S. B\u00fcntig\/ Rhein-Kreis Neuss<\/p>\n","protected":false},"excerpt":{"rendered":"<p>Rhein-Kreis Neuss. An Start-ups aus der Energiewirtschaft richtet sich das F\u00f6rderprogramm \u201eAccelerate Power\u201c, das der Rhein-Kreis Neuss und die RWE Power AG am 1. M\u00e4rz gemeinsam starten. Das Themenspektrum reicht von erneuerbaren Energien, Netzen und Speichertechnologien sowie Wasserstoff und Dekarbonisierung bis zu Kreislaufwirtschaft und W\u00e4rmeversorgung. Die Teilnehmer sollten ein Gesch\u00e4ftsmodell mit klarer Zielgruppe und einen [&hellip;]<\/p>\n","protected":false},"author":3,"featured_media":5509,"comment_status":"closed","ping_status":"closed","sticky":false,"template":"","format":"standard","meta":{"_et_pb_use_builder":"","_et_pb_old_content":"","_et_gb_content_width":"","footnotes":""},"categories":[1],"tags":[],"class_list":["post-5508","post","type-post","status-publish","format-standard","has-post-thumbnail","hentry","category-allgemein"],"_links":{"self":[{"href":"https:\/\/standort-niederrhein.de\/en\/wp-json\/wp\/v2\/posts\/5508","targetHints":{"allow":["GET"]}}],"collection":[{"href":"https:\/\/standort-niederrhein.de\/en\/wp-json\/wp\/v2\/posts"}],"about":[{"href":"https:\/\/standort-niederrhein.de\/en\/wp-json\/wp\/v2\/types\/post"}],"author":[{"embeddable":true,"href":"https:\/\/standort-niederrhein.de\/en\/wp-json\/wp\/v2\/users\/3"}],"replies":[{"embeddable":true,"href":"https:\/\/standort-niederrhein.de\/en\/wp-json\/wp\/v2\/comments?post=5508"}],"version-history":[{"count":1,"href":"https:\/\/standort-niederrhein.de\/en\/wp-json\/wp\/v2\/posts\/5508\/revisions"}],"predecessor-version":[{"id":5510,"href":"https:\/\/standort-niederrhein.de\/en\/wp-json\/wp\/v2\/posts\/5508\/revisions\/5510"}],"wp:featuredmedia":[{"embeddable":true,"href":"https:\/\/standort-niederrhein.de\/en\/wp-json\/wp\/v2\/media\/5509"}],"wp:attachment":[{"href":"https:\/\/standort-niederrhein.de\/en\/wp-json\/wp\/v2\/media?parent=5508"}],"wp:term":[{"taxonomy":"category","embeddable":true,"href":"https:\/\/standort-niederrhein.de\/en\/wp-json\/wp\/v2\/categories?post=5508"},{"taxonomy":"post_tag","embeddable":true,"href":"https:\/\/standort-niederrhein.de\/en\/wp-json\/wp\/v2\/tags?post=5508"}],"curies":[{"name":"wp","href":"https:\/\/api.w.org\/{rel}","templated":true}]}}