{"id":5495,"date":"2025-02-01T06:00:00","date_gmt":"2025-02-01T05:00:00","guid":{"rendered":"https:\/\/invest-in-niederrhein.de\/?p=5495"},"modified":"2025-01-31T08:40:35","modified_gmt":"2025-01-31T07:40:35","slug":"erfolgreiche-rezertifizierung-kleve-ist-weiterhin-fairtrade-stadt","status":"publish","type":"post","link":"https:\/\/standort-niederrhein.de\/en\/2025\/02\/01\/erfolgreiche-rezertifizierung-kleve-ist-weiterhin-fairtrade-stadt\/","title":{"rendered":"Erfolgreiche Rezertifizierung: Kleve ist weiterhin Fairtrade-Stadt"},"content":{"rendered":"\n<p><strong>Kleve.<\/strong> Die Stadt Kleve erf\u00fcllt weiterhin alle f\u00fcnf Kriterien der Fairtrade-Towns Kampagne und tr\u00e4gt f\u00fcr weitere zwei Jahre den Titel Fairtrade-Stadt. Die Auszeichnung wurde erstmalig im Jahr 2017 durch Fairtrade Deutschland e.V. verliehen. Seitdem baut die Kommune ihr Engagement weiter aus.<\/p>\n\n\n\n<p>Vor sieben Jahren erhielt die Stadt Kleve vom gemeinn\u00fctzigen Fairtrade Deutschland e.V. erstmalig die Auszeichnung f\u00fcr ihr Engagement zum fairen Handel. F\u00fcnf Kriterien sind f\u00fcr die Zertifizierung nachweislich zu erf\u00fcllen. So koordiniert eine Steuerungsgruppe alle Fairtrade-Aktivit\u00e4ten, in Gesch\u00e4ften und gastronomischen Betrieben werden Produkte aus fairem Handel angeboten, die Zivilgesellschaft leistet Bildungsarbeit und die lokalen Medien berichten \u00fcber Aktivit\u00e4ten vor Ort, w\u00e4hrend der Stadtrat den fairen Handel mit Ratsbeschl\u00fcssen unterst\u00fctzt.<\/p>\n\n\n\n<p>B\u00fcrgermeister Wolfgang Gebing freut sich \u00fcber die Verl\u00e4ngerung des Titels: \u201eDie Best\u00e4tigung der Auszeichnung ist ein sch\u00f6nes Zeugnis f\u00fcr die nachhaltige Verankerung des fairen Handels in Kleve. Lokale Akteure aus Politik, Zivilgesellschaft und Wirtschaft arbeiten hier eng f\u00fcr das gemeinsame Ziel zusammen. Ich bin stolz, dass Kleve dem internationalen Netzwerk der Fairtrade-Towns angeh\u00f6rt. Wir setzen uns weiterhin mit viel Elan daf\u00fcr ein, den fairen Handel auf lokaler Ebene zu f\u00f6rdern.\u201c<\/p>\n\n\n\n<p>Das Engagement in Fairtrade-Towns ist vielf\u00e4ltig: In Kleve sind die allj\u00e4hrliche faire Woche, der Nachhaltigkeitspreis der Klever Birne und die Zusammenarbeit zum Thema Nachhaltigkeit mit der Hochschule beim DialogPunkt Kleve sowie die \u00f6ffentliche Pr\u00e4senz bei der Veranstaltung \u201ePluriversum\u201c mit dem Klimab\u00fcndnis und bei der Sweet Revolution Schulaktion nur einige Beispiele erfolgreicher Projekte in den letzten Jahren. \u201eWir verstehen die best\u00e4tigte Auszeichnung als Motivation und Aufforderung f\u00fcr weiterf\u00fchrendes Engagement \u201c, sagt B\u00fcrgermeister Wolfgang Gebing, \u201eGeplant sind Projekte zur fairen \u00f6ffentlichen Beschaffung und Kooperationen mit der Fairtrade-Hochschule und den Fairtrade-Schulen sowie mit dem Kreis Kleve auf dem Weg zum Fairtrade-Landkreis\u201c.<\/p>\n\n\n\n<p>Die Fairtrade-Towns Kampagne bietet der Stadt Kleve auch konkrete Handlungsoptionen zur Umsetzung der nachhaltigen Entwicklungsziele der Vereinten Nation (Sustainable Development Goals &#8211; SDGs), die 2015 verabschiedet wurden. Unter dem Motto \u201eglobal denken, lokal handeln\u201c leistet die Stadt Kleve mit ihrem Engagement einen wichtigen Beitrag. Zudem hat die Stadt Kleve im Jahr 2024 eine Nachhaltigkeitsstrategie zu den nachhaltigen Entwicklungszielen f\u00fcr das Stadtgebiet erarbeitet. Das ausgearbeitete Konzept wird in diesem Jahr Gegenstand der Beratungen in den politischen Gremien der Stadt Kleve sein.<\/p>\n\n\n\n<p>Kleve ist eine von \u00fcber 820 Fairtrade-Towns in Deutschland. Das globale Netzwerk der Fairtrade-Towns umfasst \u00fcber 2.000 Fairtrade-Towns in insgesamt 36 L\u00e4ndern. Weiterf\u00fchrende Informationen zur Fairtrade-Towns Kampagne gibt es im Internet unter\u00a0<a href=\"http:\/\/www.fairtrade-towns.de\/\">www.fairtrade-towns.de<\/a>.<\/p>\n\n\n\n<p>Quelle: <a href=\"https:\/\/www.kleve.de\/stadt-kleve\/rathaus-informieren\/aktuelles\/erfolgreiche-rezertifizierung-kleve-ist-weiterhin\">Stadt Kleve<\/a><\/p>\n","protected":false},"excerpt":{"rendered":"<p>Kleve. Die Stadt Kleve erf\u00fcllt weiterhin alle f\u00fcnf Kriterien der Fairtrade-Towns Kampagne und tr\u00e4gt f\u00fcr weitere zwei Jahre den Titel Fairtrade-Stadt. Die Auszeichnung wurde erstmalig im Jahr 2017 durch Fairtrade Deutschland e.V. verliehen. Seitdem baut die Kommune ihr Engagement weiter aus. Vor sieben Jahren erhielt die Stadt Kleve vom gemeinn\u00fctzigen Fairtrade Deutschland e.V. erstmalig die [&hellip;]<\/p>\n","protected":false},"author":3,"featured_media":0,"comment_status":"closed","ping_status":"closed","sticky":false,"template":"","format":"standard","meta":{"_et_pb_use_builder":"","_et_pb_old_content":"","_et_gb_content_width":"","footnotes":""},"categories":[1],"tags":[],"class_list":["post-5495","post","type-post","status-publish","format-standard","hentry","category-allgemein"],"_links":{"self":[{"href":"https:\/\/standort-niederrhein.de\/en\/wp-json\/wp\/v2\/posts\/5495","targetHints":{"allow":["GET"]}}],"collection":[{"href":"https:\/\/standort-niederrhein.de\/en\/wp-json\/wp\/v2\/posts"}],"about":[{"href":"https:\/\/standort-niederrhein.de\/en\/wp-json\/wp\/v2\/types\/post"}],"author":[{"embeddable":true,"href":"https:\/\/standort-niederrhein.de\/en\/wp-json\/wp\/v2\/users\/3"}],"replies":[{"embeddable":true,"href":"https:\/\/standort-niederrhein.de\/en\/wp-json\/wp\/v2\/comments?post=5495"}],"version-history":[{"count":1,"href":"https:\/\/standort-niederrhein.de\/en\/wp-json\/wp\/v2\/posts\/5495\/revisions"}],"predecessor-version":[{"id":5496,"href":"https:\/\/standort-niederrhein.de\/en\/wp-json\/wp\/v2\/posts\/5495\/revisions\/5496"}],"wp:attachment":[{"href":"https:\/\/standort-niederrhein.de\/en\/wp-json\/wp\/v2\/media?parent=5495"}],"wp:term":[{"taxonomy":"category","embeddable":true,"href":"https:\/\/standort-niederrhein.de\/en\/wp-json\/wp\/v2\/categories?post=5495"},{"taxonomy":"post_tag","embeddable":true,"href":"https:\/\/standort-niederrhein.de\/en\/wp-json\/wp\/v2\/tags?post=5495"}],"curies":[{"name":"wp","href":"https:\/\/api.w.org\/{rel}","templated":true}]}}