{"id":5482,"date":"2025-01-30T09:00:00","date_gmt":"2025-01-30T08:00:00","guid":{"rendered":"https:\/\/invest-in-niederrhein.de\/?p=5482"},"modified":"2025-01-30T11:52:20","modified_gmt":"2025-01-30T10:52:20","slug":"logistikids-2024-ausgezeichnet","status":"publish","type":"post","link":"https:\/\/standort-niederrhein.de\/en\/2025\/01\/30\/logistikids-2024-ausgezeichnet\/","title":{"rendered":"LogistiKids 2024 ausgezeichnet"},"content":{"rendered":"\n<p><strong>Essen.<\/strong> Lust auf das Thema Logistik machen \u2013 das war auch 2024 wieder das Motto des von Kompetenznetz Logistik.NRW und IHK NRW ausgelobten Wettbewerbs \u201eLogistiKids\u201c f\u00fcr Kinderg\u00e4rten und Grundschulen. \u201eWie kommt der Apfelsaft auf unseren Tisch?\u201c und \u201eWie kommen die Windkraftr\u00e4der in die Landschaft?\u201c waren die Aufgabestellungen f\u00fcr die teilnehmenden Kindergruppen. Ende Januar wurden nun die Sieger des Wettbewerbs durch die NRW-Wirtschaftsministerin Mona Neubaur in den R\u00e4umen der IHK f\u00fcr Essen, M\u00fclheim an der Ruhr und Oberhausen in Essen gek\u00fcrt.<\/p>\n\n\n\n<p>Wirtschafts- und Klimaschutzministerin Mona Neubaur: \u201eLogistik h\u00e4lt unsere Welt in Bewegung: Sie sorgt daf\u00fcr, dass unsere Lebensmittel p\u00fcnktlich im Supermarktregal landen, die neuesten B\u00fccher rechtzeitig den Weg in die Buchhandlung finden und gigantische Windrad-Teile sicher auf der Baustelle an-kommen. Beim Wettbewerb \u201eLogistiKids\u201c entdecken Kinder spielerisch die gro\u00dfe, spannende Welt der Logistik mit kreativen Ideen. So lernen sie logistische Abl\u00e4ufe auf altersgerechte Weise kennen und sammeln vielleicht schon Inspiration f\u00fcr ihre berufliche Zukunft. Danke an alle Kids f\u00fcr ihre cleveren, inspirierenden und bunten Beitr\u00e4ge! Danken m\u00f6chte ich auch ihren engagierten Erzieherinnen und Erziehern, Lehrerinnen und Lehrern und die den Organisatorinnen und Organisatoren, ohne die dieser Wettbewerb nicht m\u00f6glich gewesen w\u00e4re.\u201c<\/p>\n\n\n\n<p>\u201eWir hatten im letzten Jahr so viele Teilnehmer wie noch nie und diese kamen auch noch aus dem gesamten Land NRW. Es ist toll dass die Idee, die wir vor vielen Jahren gemeinsam in die Welt gesetzt haben \u2013 mittlerweile so gro\u00df geworden ist,\u201c freuen sich Kerstin Gro\u00df, Hauptgesch\u00e4ftsf\u00fchrerin der IHK zu Essen und Peter Abelmann, Gesch\u00e4ftsf\u00fchrer beim Kompetenznetz Logistik.NRW. \u201eAuch in der Jury waren wir wieder \u00fcberrascht, was die Kinder \u00fcber die Logistik herausgefunden haben. Dabei ging es in diesem Jahr ja um eine sehr kleinteilige Logistik (Apfelsaft) und auf der anderen Seite um besonders \u201egro\u00dfe\u201c Logistikketten (Windkraftanlagen) \u2013 beides wurde von den Kindern toll dargestellt\u201c, berichtete Daniel Janning, stellvertretender Fachpolitischer Sprecher Mobilit\u00e4t und Verkehr von IHK NRW.<\/p>\n\n\n\n<p>Bei den Kinderg\u00e4rten gewannen das \u201eSt\u00e4dtische Familienzentrum West\u201c aus Ratingen (1. Platz) vor der \u201eEv. Emmaus-Kindertageseinrichtung\u201c aus Bochum (2. Platz) und der \u201eDRK Kindertagesst\u00e4tte Buesweg\u201c aus Coesfeld (3. Platz). Den 4. Platz (Sonderpreis des Sponsors von \u201eBargelink\u201c) errang die \u201eAWO-Kita Am K\u00f6nigsteich I\u201c aus Westerkappeln.<br>Bei den Grundsachulen gewannen die \u201eBachschule\u201c aus Detmold (1. Platz) vor der \u201eOGS Karl- Karl-Ernst-Osthaus Grundschule\u201c aus Hagen (2. Platz) und der \u201eKatholischen Grundschule Goethe\u201c ebenfalls aus Hagen (3. Platz). Den 4. Platz (Sonderpreis von \u201eBargelink\u201c) erhielt die \u201eOGS Jakobus Neukirchen\u201c aus Grevenbroich.<\/p>\n\n\n\n<p>Die Siegergruppen erhielten neben der Ehrung in der Siegerverleihung Geld- und Sachpreise, die von den Sponsoren des Wettbewerbs zur Verf\u00fcgung gestellt werden.<\/p>\n\n\n\n<p><br>M\u00f6glich machten dies die Unterst\u00fctzer Babymarkt.de, Bargelink, Dachser, Duisport, DSV, Fraunhofer IML, Gilog, Goldbeck, die Standort Niederrhein, RAJA, Segro Germany, Setlog, TIMOCOM, der Verband Verkehrswirtschaft und Logistik Nordrhein-Westfalen e.V. und die WM Group<\/p>\n\n\n\n<p>Interessierte Kitas und Grundschulen k\u00f6nnen sich jetzt schon f\u00fcr den Wettbewerb in diesem Jahr (2025) anmelden der ab sofort startet. Die Themen lauten: \u201eWie kommt die Kiwi zu uns nach Hause?\u201c (Kinderg\u00e4rten) und f\u00fcr die Grundschulen: \u201eHeute im Onlineshop bestellt, morgen da! Wie funktioniert das?\u201c Die Einrichtungen haben dann Zeit bis zum November ihre Beitr\u00e4ge einzureichen. Weitere Informationen: Kompetenznetz Logistik.NRW, Maike Lehmann, E-Mail <a href=\"mailto:m.lehmann@logit-club.de\">m.lehmann@logit-club.de<\/a> oder Telefon 0173-1980453.<\/p>\n\n\n\n<p><strong>Hintergrund zum Wettbewerb:<\/strong><br>\u201eKinder erkl\u00e4ren die Logistikwelt\u201c lautet das Motto des landesweit ausgerufenen Wettbewerbs der IHKs in NRW und dem Kompetenznetz Logistik.NRW. Am Ideenwettbewerb \u201eLogistiKids\u201c k\u00f6nnen Vorschulgruppen im Alter von f\u00fcnf bis sechs Jahren sowie Grundschulen (Klasse eins bis vier) teilnehmen. Malen, basteln, bauen, filmen, experimentieren \u2013 alles ist erlaubt.<\/p>\n\n\n\n<p>Quelle: <a href=\"https:\/\/www.logit-club.de\/\">Kompetenznetz Logistik.NRW<\/a><\/p>\n\n\n<figure class=\"wp-block-post-featured-image\"><img loading=\"lazy\" decoding=\"async\" width=\"1500\" height=\"1000\" src=\"https:\/\/standort-niederrhein.de\/wp-content\/uploads\/2025\/01\/Gruppenbild-Kids.jpg\" class=\"attachment-post-thumbnail size-post-thumbnail wp-post-image\" alt=\"\" style=\"object-fit:cover;\" srcset=\"https:\/\/standort-niederrhein.de\/wp-content\/uploads\/2025\/01\/Gruppenbild-Kids.jpg 1500w, https:\/\/standort-niederrhein.de\/wp-content\/uploads\/2025\/01\/Gruppenbild-Kids-1280x853.jpg 1280w, https:\/\/standort-niederrhein.de\/wp-content\/uploads\/2025\/01\/Gruppenbild-Kids-980x653.jpg 980w, https:\/\/standort-niederrhein.de\/wp-content\/uploads\/2025\/01\/Gruppenbild-Kids-480x320.jpg 480w\" sizes=\"(min-width: 0px) and (max-width: 480px) 480px, (min-width: 481px) and (max-width: 980px) 980px, (min-width: 981px) and (max-width: 1280px) 1280px, (min-width: 1281px) 1500px, 100vw\" \/><\/figure>\n\n\n<p>Foto: IHK zu Essen, Alexey Muchnik<\/p>\n","protected":false},"excerpt":{"rendered":"<p>Essen. Lust auf das Thema Logistik machen \u2013 das war auch 2024 wieder das Motto des von Kompetenznetz Logistik.NRW und IHK NRW ausgelobten Wettbewerbs \u201eLogistiKids\u201c f\u00fcr Kinderg\u00e4rten und Grundschulen. \u201eWie kommt der Apfelsaft auf unseren Tisch?\u201c und \u201eWie kommen die Windkraftr\u00e4der in die Landschaft?\u201c waren die Aufgabestellungen f\u00fcr die teilnehmenden Kindergruppen. Ende Januar wurden nun [&hellip;]<\/p>\n","protected":false},"author":3,"featured_media":5483,"comment_status":"closed","ping_status":"closed","sticky":false,"template":"","format":"standard","meta":{"_et_pb_use_builder":"","_et_pb_old_content":"","_et_gb_content_width":"","footnotes":""},"categories":[1],"tags":[],"class_list":["post-5482","post","type-post","status-publish","format-standard","has-post-thumbnail","hentry","category-allgemein"],"_links":{"self":[{"href":"https:\/\/standort-niederrhein.de\/en\/wp-json\/wp\/v2\/posts\/5482","targetHints":{"allow":["GET"]}}],"collection":[{"href":"https:\/\/standort-niederrhein.de\/en\/wp-json\/wp\/v2\/posts"}],"about":[{"href":"https:\/\/standort-niederrhein.de\/en\/wp-json\/wp\/v2\/types\/post"}],"author":[{"embeddable":true,"href":"https:\/\/standort-niederrhein.de\/en\/wp-json\/wp\/v2\/users\/3"}],"replies":[{"embeddable":true,"href":"https:\/\/standort-niederrhein.de\/en\/wp-json\/wp\/v2\/comments?post=5482"}],"version-history":[{"count":3,"href":"https:\/\/standort-niederrhein.de\/en\/wp-json\/wp\/v2\/posts\/5482\/revisions"}],"predecessor-version":[{"id":5490,"href":"https:\/\/standort-niederrhein.de\/en\/wp-json\/wp\/v2\/posts\/5482\/revisions\/5490"}],"wp:featuredmedia":[{"embeddable":true,"href":"https:\/\/standort-niederrhein.de\/en\/wp-json\/wp\/v2\/media\/5483"}],"wp:attachment":[{"href":"https:\/\/standort-niederrhein.de\/en\/wp-json\/wp\/v2\/media?parent=5482"}],"wp:term":[{"taxonomy":"category","embeddable":true,"href":"https:\/\/standort-niederrhein.de\/en\/wp-json\/wp\/v2\/categories?post=5482"},{"taxonomy":"post_tag","embeddable":true,"href":"https:\/\/standort-niederrhein.de\/en\/wp-json\/wp\/v2\/tags?post=5482"}],"curies":[{"name":"wp","href":"https:\/\/api.w.org\/{rel}","templated":true}]}}