{"id":5479,"date":"2025-01-30T08:00:00","date_gmt":"2025-01-30T07:00:00","guid":{"rendered":"https:\/\/invest-in-niederrhein.de\/?p=5479"},"modified":"2025-01-29T11:30:08","modified_gmt":"2025-01-29T10:30:08","slug":"neue-wege-beim-recruiting","status":"publish","type":"post","link":"https:\/\/standort-niederrhein.de\/en\/2025\/01\/30\/neue-wege-beim-recruiting\/","title":{"rendered":"Neue Wege beim Recruiting"},"content":{"rendered":"\n<p><strong>Kreis Kleve\/ Rees. <\/strong>Volles Haus im Hotel Rheinpark Rees. Zum<strong> <\/strong>Unternehmerfr\u00fchst\u00fcck der Wirtschaftsf\u00f6rderung Kreis Kleve in Kooperation mit der Stadt Rees erschienen zahlreiche interessierte G\u00e4ste. Die Veranstaltung stand unter dem Motto: \u201eFachkr\u00e4ftemangel: Herausforderungen und zukunftsweisende L\u00f6sungsans\u00e4tze\u201c. <\/p>\n\n\n\n<p>Er\u00f6ffnet wurde das Unternehmerfr\u00fchst\u00fcck durch B\u00fcrgermeister Sebastian Hense, der den G\u00e4sten aktuelle lokale Themen vorstellte. &nbsp;Einen gro\u00dfen wirtschaftlichen Schub erwartet sich die Stadt vom Projekt \u201eLake Village Rees \u2013 Ferienpark am Reeser Meer\u201c. \u201eDer Verkaufs- und Baustart f\u00fcr das derzeit gr\u00f6\u00dfte Tourismus-Projekt in Nordrhein-Westfalen steht bevor\u201c, sagte Hense. Er rechne mit einem Baubeginn f\u00fcr Mai oder Juni. Ebenfalls in diesem Jahr solle der erste Spatenstich f\u00fcr die WasserFreizeit Rees erfolgen. Au\u00dferdem informierte der B\u00fcrgermeister Anwesenden \u00fcber die Ausbildungsb\u00f6rse JOB4U am 11. M\u00e4rz und den n\u00e4chsten \u201eTreffpunkt Handwerk\u201c am 21. Mai. &nbsp;&nbsp;<\/p>\n\n\n\n<p>Anschlie\u00dfend stellte Gesch\u00e4ftsf\u00fchrerin Brigitte Jansen den G\u00e4sten die vielf\u00e4ltigen Aktivit\u00e4ten der Kreis-Wirtschaftsf\u00f6rderung vor und lud sie ein, den Kontakt dorthin zu suchen, wenn Bedarf an Beratung, Unterst\u00fctzung und Information besteht oder der Kontakt zur Hochschule Rhein-Waal gesucht wird.<\/p>\n\n\n\n<p>Andrea Schwan, beim Kreis Kleve Leiterin des Fachbereichs Jugend, Soziales und Jobcenter, pr\u00e4sentierte verschiedene Angebote des Jobcenters f\u00fcr Unternehmerinnen und Unternehmer. Weiter ging es mit einem Vortrag unter dem Titel \u201eJobturbo \u2013 F\u00f6rderung beruflicher Weiterentwicklung -Fachkr\u00e4fteeinwanderungsgesetz &#8211; Die Bundesagentur f\u00fcr Arbeit und das Jobcenter stellen sich vor\u201c. &nbsp;Sascha Bongertmann sowie Nils Heuer von der Agentur f\u00fcr Arbeit und Max J\u00fcrgens vom Jobcenter Kreis Kleve zeigten den Unternehmerinnen und Unternehmern hilfreiche Unterst\u00fctzungsm\u00f6glichkeiten auf.<\/p>\n\n\n\n<p>Wie geht die Stadt Rees in Zeiten des Fachkr\u00e4ftemangels die Personalgewinnung an? Auf diese Frage antworteten Personalleiter Rainer Jan\u00dfen und Mitarbeiter Fabian Gertsen. Dabei stellten sie unter anderem das so genannte Reeser Modell vor. Damit ist die Stadt erfolgreich, wenn es darum geht, den Fachkr\u00e4ftebedarf im Ingenieursbereich zu decken. Die Stadt erm\u00f6glicht Abiturientinnen und Abiturienten ein praxisintegriertes Duales Studium und bindet sie so fr\u00fchzeitig an die Stadtverwaltung.<\/p>\n\n\n\n<p>In einer Gespr\u00e4chsrunde, moderiert durch Christoph Kepser, ging es abschlie\u00dfend um Erfolg bringende Ma\u00dfnahmen beim Recruiting. Alle Teilnehmer betonten, wie wichtig es sei, die eigenen Mitarbeiter langfristig an sich zu binden. \u201eEntwickeln Sie Ihre Mitarbeitenden zu Markenbotschaftern. Wenn sich herumspricht, dass Sie ein gutes Betriebsklima haben, wird das Recruiting viel leichter\u201c, sagte Frank Stefan Al\u00ec, Gesch\u00e4ftsf\u00fchrer von cfaonsulting. \u201eEin gutes Personalmanagement ist Chefsache\u201c, betonte Al\u00ec. F\u00fcr B\u00fcrgermeister Hense hat die Wertsch\u00e4tzung der Mitarbeitenden oberste Priorit\u00e4t. Dazu geh\u00f6re es, auf Ideen einzugehen und zuzuh\u00f6ren. \u201eWir erm\u00f6glichen Fortbildungen nach den pers\u00f6nlichen Interessen und bieten eine Vielzahl unterschiedlicher Teilzeit-Modelle an\u201c, erl\u00e4uterte Hense. Rainer Jan\u00dfen und Fabian Gertsen hoben die guten beruflichen Perspektiven f\u00fcr Auszubildende und Mitarbeitende der Stadtverwaltung hervor.<\/p>\n\n\n\n<p>Anmeldungen f\u00fcr die n\u00e4chsten Unternehmerfr\u00fchst\u00fccke nimmt die Wirtschaftsf\u00f6rderung Kreis Kleve gerne im Veranstaltungskalender online unter www.wfg-kreis-kleve.de entgegen.<\/p>\n\n\n\n<p>Quelle: <a href=\"http:\/\/www.wfg-kreis-kleve.de\">WFG Kreis Kleve<\/a><\/p>\n\n\n<figure class=\"wp-block-post-featured-image\"><img loading=\"lazy\" decoding=\"async\" width=\"2560\" height=\"1707\" src=\"https:\/\/standort-niederrhein.de\/wp-content\/uploads\/2025\/01\/20250123_Wifoe_Fruehstueck_copyright_Axel_Breuer-Plan-B-Fotografie-0002_20250123_3000-scaled.jpg\" class=\"attachment-post-thumbnail size-post-thumbnail wp-post-image\" alt=\"\" style=\"object-fit:cover;\" srcset=\"https:\/\/standort-niederrhein.de\/wp-content\/uploads\/2025\/01\/20250123_Wifoe_Fruehstueck_copyright_Axel_Breuer-Plan-B-Fotografie-0002_20250123_3000-scaled.jpg 2560w, https:\/\/standort-niederrhein.de\/wp-content\/uploads\/2025\/01\/20250123_Wifoe_Fruehstueck_copyright_Axel_Breuer-Plan-B-Fotografie-0002_20250123_3000-1280x854.jpg 1280w, https:\/\/standort-niederrhein.de\/wp-content\/uploads\/2025\/01\/20250123_Wifoe_Fruehstueck_copyright_Axel_Breuer-Plan-B-Fotografie-0002_20250123_3000-980x653.jpg 980w, https:\/\/standort-niederrhein.de\/wp-content\/uploads\/2025\/01\/20250123_Wifoe_Fruehstueck_copyright_Axel_Breuer-Plan-B-Fotografie-0002_20250123_3000-480x320.jpg 480w\" sizes=\"(min-width: 0px) and (max-width: 480px) 480px, (min-width: 481px) and (max-width: 980px) 980px, (min-width: 981px) and (max-width: 1280px) 1280px, (min-width: 1281px) 2560px, 100vw\" \/><\/figure>\n\n\n<p>Die Protagonisten des Unternehmerfr\u00fchst\u00fccks in Rees (von links): Sascha Bongertmann (Bundesagentur f\u00fcr Arbeit), Max J\u00fcrgens (Jobcenter Kreis Kleve), Nils Heuer (Bundesagentur f\u00fcr Arbeit), Sebastian Hense (B\u00fcrgermeister Stadt Rees), Marc Cattelaens (WFG Kreis Kleve), Brigitte Jansen (Gesch\u00e4ftsf\u00fchrerin WFG Kreis Kleve), Frank Stefan Al\u00ec (cfaconsulting), Sandra Kimm-Hammacher (Stadt Rees), \u00a0Christoph Kepser (Moderator), Andrea Schwan (Kreis Kleve, Fachbereichsleiterin Jugend, Soziales und Jobcenter), Fabian Gertsen (Stadt Rees) und Rainer Jan\u00dfen (Stadt Rees). | Foto: WFG Kreis Kleve\u00a0\u00a0\u00a0<\/p>\n","protected":false},"excerpt":{"rendered":"<p>Kreis Kleve\/ Rees. Volles Haus im Hotel Rheinpark Rees. Zum Unternehmerfr\u00fchst\u00fcck der Wirtschaftsf\u00f6rderung Kreis Kleve in Kooperation mit der Stadt Rees erschienen zahlreiche interessierte G\u00e4ste. Die Veranstaltung stand unter dem Motto: \u201eFachkr\u00e4ftemangel: Herausforderungen und zukunftsweisende L\u00f6sungsans\u00e4tze\u201c. Er\u00f6ffnet wurde das Unternehmerfr\u00fchst\u00fcck durch B\u00fcrgermeister Sebastian Hense, der den G\u00e4sten aktuelle lokale Themen vorstellte. &nbsp;Einen gro\u00dfen wirtschaftlichen Schub [&hellip;]<\/p>\n","protected":false},"author":3,"featured_media":5480,"comment_status":"closed","ping_status":"closed","sticky":false,"template":"","format":"standard","meta":{"_et_pb_use_builder":"","_et_pb_old_content":"","_et_gb_content_width":"","footnotes":""},"categories":[1],"tags":[],"class_list":["post-5479","post","type-post","status-publish","format-standard","has-post-thumbnail","hentry","category-allgemein"],"_links":{"self":[{"href":"https:\/\/standort-niederrhein.de\/en\/wp-json\/wp\/v2\/posts\/5479","targetHints":{"allow":["GET"]}}],"collection":[{"href":"https:\/\/standort-niederrhein.de\/en\/wp-json\/wp\/v2\/posts"}],"about":[{"href":"https:\/\/standort-niederrhein.de\/en\/wp-json\/wp\/v2\/types\/post"}],"author":[{"embeddable":true,"href":"https:\/\/standort-niederrhein.de\/en\/wp-json\/wp\/v2\/users\/3"}],"replies":[{"embeddable":true,"href":"https:\/\/standort-niederrhein.de\/en\/wp-json\/wp\/v2\/comments?post=5479"}],"version-history":[{"count":1,"href":"https:\/\/standort-niederrhein.de\/en\/wp-json\/wp\/v2\/posts\/5479\/revisions"}],"predecessor-version":[{"id":5481,"href":"https:\/\/standort-niederrhein.de\/en\/wp-json\/wp\/v2\/posts\/5479\/revisions\/5481"}],"wp:featuredmedia":[{"embeddable":true,"href":"https:\/\/standort-niederrhein.de\/en\/wp-json\/wp\/v2\/media\/5480"}],"wp:attachment":[{"href":"https:\/\/standort-niederrhein.de\/en\/wp-json\/wp\/v2\/media?parent=5479"}],"wp:term":[{"taxonomy":"category","embeddable":true,"href":"https:\/\/standort-niederrhein.de\/en\/wp-json\/wp\/v2\/categories?post=5479"},{"taxonomy":"post_tag","embeddable":true,"href":"https:\/\/standort-niederrhein.de\/en\/wp-json\/wp\/v2\/tags?post=5479"}],"curies":[{"name":"wp","href":"https:\/\/api.w.org\/{rel}","templated":true}]}}