{"id":5476,"date":"2025-01-31T07:00:00","date_gmt":"2025-01-31T06:00:00","guid":{"rendered":"https:\/\/invest-in-niederrhein.de\/?p=5476"},"modified":"2025-01-29T10:05:58","modified_gmt":"2025-01-29T09:05:58","slug":"neues-seniorengerechtes-kleeblattquartier-bereichert-das-gewerbe-und-mischgebiet-hardt","status":"publish","type":"post","link":"https:\/\/standort-niederrhein.de\/en\/2025\/01\/31\/neues-seniorengerechtes-kleeblattquartier-bereichert-das-gewerbe-und-mischgebiet-hardt\/","title":{"rendered":"Neues seniorengerechtes \u201eKleeblattquartier\u201c bereichert das Gewerbe- und Mischgebiet Hardt"},"content":{"rendered":"\n<p><strong>M\u00f6nchengladbach.<\/strong> Baubeginn war im April 2023, mittlerweile sind alle Geb\u00e4ude bezogen: Am Tomper Weg haben sich ein Pflegedienst samt Verwaltung, eine Physiotherapie und eine Tagespflege angesiedelt, dazu entstanden 19 seniorengerechte Wohnungen. F\u00fcr die WFMG \u2013 Wirtschaftsf\u00f6rderung M\u00f6nchengladbach GmbH, die das Grundst\u00fcck an die Investoren-gemeinschaft Gormanns\/Schotes verkauft hatte, eine richtungsweisende Entwicklung.<\/p>\n\n\n\n<p>Vier Bauk\u00f6rper, die wie die Bl\u00e4tter eines Kleeblatts miteinander verbunden sind: Das ist die namensgebende Idee hinter dem \u201eKleeblattquartier\u201c, das im Gewerbe- und Mischgebiet Hardt neu entstanden ist. Zudem spiegelt der Name die vier zentralen Dienstleistungen wider, die seit dem Sommer 2024 am Tomper Weg 9-21 angeboten werden: Pflegedienst, Physiotherapie, Logop\u00e4die und Tagespflege. Denn auf 1.800 Quadratmetern sind, zentral abgebildet \u00fcber die WeKo GmbH, konkret eine ambulante Pflegeeinrichtung, eine Pflegedienst-Verwaltung, eine Physiotherapie-Praxis, eine Tagespflege sowie 19 seniorengerechte Wohnungen entstanden. 15 neue Arbeitspl\u00e4tze konnten direkt im Quartier neu geschaffen werden. Regelm\u00e4\u00dfig am Standort arbeiten f\u00fcr WeKo somit insgesamt 19 Personen \u2013 zuz\u00fcglich ambulante Pflege sowie die Hauswirtschaft, die in den Wohnungen erbracht wird.<\/p>\n\n\n\n<p>Das neue Quartier vereint barrierefreies Wohnen mit einem umfassenden Angebot an Dienstleistungen. Dabei steht im Mittelpunkt, den Bewohnern ein selbstbestimmtes Leben zu erm\u00f6glichen. Alle k\u00f6nnen frei entscheiden, ob und welche Dienstleistungen in Anspruch genommen werden \u2013 ganz ohne Verpflichtungen. Gleichzeitig ist das Kleeblattquartier als offener Ort gedacht, der von G\u00e4sten jederzeit besucht werden kann. Das Konzept werde sehr gut angenommen, berichtet Holger Wenschuh, Gesch\u00e4ftsf\u00fchrer der WeKo GmbH: \u201eEs gibt viel positives Feedback von Kundinnen und Kunden sowie deren Angeh\u00f6rigen\u201c. In der Tagespflege w\u00fcrden bis dato durchschnittlich 15 Personen betreut, in den 19 Wohnungen lebten weitere 25 Personen, die teilweise oder bei Bedarf die Dienstleistungen des Quartiers nutzen. \u201eWir versorgen zudem auch umliegende Stadtteile und haben sogar noch freie Kapazit\u00e4ten.\u201c<\/p>\n\n\n\n<p>Neben der Lage im Gewerbe- und Mischgebiet Hardt ist auch die Tatsache, dass die urspr\u00fcnglich geplanten Fertigstellungstermine und der gesetzte Investitionsrahmen eingehalten werden konnten, heutzutage nicht ganz allt\u00e4glich. \u201eDies gelang durch eine vorausschauende Planung, sorgf\u00e4ltige Koordination der Gewerke und eine enge Zusammenarbeit mit erfahrenen Partnern\u201c, berichtet Sebastian Schotes von der Investorengemeinschaft Gormanns\/Schotes. \u201eEin gutes Projektmanagement und das Engagement aller Beteiligten haben ebenfalls wesentlich dazu beigetragen\u201c, f\u00fcgt Sebastian Gormanns hinzu. Die beiden Investoren hatten das insgesamt rund 3.500 Quadratmeter gro\u00dfe Grundst\u00fcck seinerzeit von der WFMG gekauft, die Schotes-Firmengruppe plante das Projekt unter Anwendung modernster Bauweisen und nachhaltiger Technologien im KfW-Effizienzhaus-40-Standard. Baubeginn war im April 2023, damals im Beisein von Oberb\u00fcrgermeister Felix Heinrichs und der WFMG-Gesch\u00e4ftsf\u00fchrung.<\/p>\n\n\n\n<p>\u201eEin modernes, generationengerechtes und in nachhaltiger Bauweise errichtetes Quartier wie dieses ist eine echte Bereicherung f\u00fcr den Wirtschaftsstandort und zeigt, wie spannend der Nutzungsmix speziell in Mischgebieten heutzutage sein kann\u201c, sagt Rafael Lendzion, Teamleiter Unternehmensservice bei der WFMG. In solchen stehen die beiden Nutzungsarten Wohnen und Unterbringung von Gewerbebetrieben gleichberechtigt nebeneinander. Nun gelte es, \u00e4hnliche Konzepte auch andernorts im Stadtgebiet zu realisieren und unterschiedlichste Nutzungen zusammenzuf\u00fchren. Denn im Gewerbe- und Mischgebiet Hardt sind die weiteren Gestaltungsm\u00f6glichkeiten recht limitiert \u2013 der Tatsache geschuldet, dass dieses \u201ebis auf ganz wenige Restfl\u00e4chen\u201c voll vermarktet sei, so Lendzion weiter.<\/p>\n\n\n\n<p>Quelle: <a href=\"http:\/\/www.wfmg.de\">WFMG<\/a><\/p>\n\n\n<figure class=\"wp-block-post-featured-image\"><img loading=\"lazy\" decoding=\"async\" width=\"2560\" height=\"1920\" src=\"https:\/\/standort-niederrhein.de\/wp-content\/uploads\/2025\/01\/PMWFMG-2025-01-29-Kleeblattquartier-scaled.jpg\" class=\"attachment-post-thumbnail size-post-thumbnail wp-post-image\" alt=\"\" style=\"object-fit:cover;\" srcset=\"https:\/\/standort-niederrhein.de\/wp-content\/uploads\/2025\/01\/PMWFMG-2025-01-29-Kleeblattquartier-scaled.jpg 2560w, https:\/\/standort-niederrhein.de\/wp-content\/uploads\/2025\/01\/PMWFMG-2025-01-29-Kleeblattquartier-1280x960.jpg 1280w, https:\/\/standort-niederrhein.de\/wp-content\/uploads\/2025\/01\/PMWFMG-2025-01-29-Kleeblattquartier-980x735.jpg 980w, https:\/\/standort-niederrhein.de\/wp-content\/uploads\/2025\/01\/PMWFMG-2025-01-29-Kleeblattquartier-480x360.jpg 480w\" sizes=\"(min-width: 0px) and (max-width: 480px) 480px, (min-width: 481px) and (max-width: 980px) 980px, (min-width: 981px) and (max-width: 1280px) 1280px, (min-width: 1281px) 2560px, 100vw\" \/><\/figure>\n\n\n<p>Das neu entstandene Kleeblattquartier am Tomper Weg in Hardt | Foto: Corinna Wirtz Fotografie<\/p>\n","protected":false},"excerpt":{"rendered":"<p>M\u00f6nchengladbach. Baubeginn war im April 2023, mittlerweile sind alle Geb\u00e4ude bezogen: Am Tomper Weg haben sich ein Pflegedienst samt Verwaltung, eine Physiotherapie und eine Tagespflege angesiedelt, dazu entstanden 19 seniorengerechte Wohnungen. F\u00fcr die WFMG \u2013 Wirtschaftsf\u00f6rderung M\u00f6nchengladbach GmbH, die das Grundst\u00fcck an die Investoren-gemeinschaft Gormanns\/Schotes verkauft hatte, eine richtungsweisende Entwicklung. Vier Bauk\u00f6rper, die wie die [&hellip;]<\/p>\n","protected":false},"author":3,"featured_media":5477,"comment_status":"closed","ping_status":"closed","sticky":false,"template":"","format":"standard","meta":{"_et_pb_use_builder":"","_et_pb_old_content":"","_et_gb_content_width":"","footnotes":""},"categories":[1],"tags":[],"class_list":["post-5476","post","type-post","status-publish","format-standard","has-post-thumbnail","hentry","category-allgemein"],"_links":{"self":[{"href":"https:\/\/standort-niederrhein.de\/en\/wp-json\/wp\/v2\/posts\/5476","targetHints":{"allow":["GET"]}}],"collection":[{"href":"https:\/\/standort-niederrhein.de\/en\/wp-json\/wp\/v2\/posts"}],"about":[{"href":"https:\/\/standort-niederrhein.de\/en\/wp-json\/wp\/v2\/types\/post"}],"author":[{"embeddable":true,"href":"https:\/\/standort-niederrhein.de\/en\/wp-json\/wp\/v2\/users\/3"}],"replies":[{"embeddable":true,"href":"https:\/\/standort-niederrhein.de\/en\/wp-json\/wp\/v2\/comments?post=5476"}],"version-history":[{"count":1,"href":"https:\/\/standort-niederrhein.de\/en\/wp-json\/wp\/v2\/posts\/5476\/revisions"}],"predecessor-version":[{"id":5478,"href":"https:\/\/standort-niederrhein.de\/en\/wp-json\/wp\/v2\/posts\/5476\/revisions\/5478"}],"wp:featuredmedia":[{"embeddable":true,"href":"https:\/\/standort-niederrhein.de\/en\/wp-json\/wp\/v2\/media\/5477"}],"wp:attachment":[{"href":"https:\/\/standort-niederrhein.de\/en\/wp-json\/wp\/v2\/media?parent=5476"}],"wp:term":[{"taxonomy":"category","embeddable":true,"href":"https:\/\/standort-niederrhein.de\/en\/wp-json\/wp\/v2\/categories?post=5476"},{"taxonomy":"post_tag","embeddable":true,"href":"https:\/\/standort-niederrhein.de\/en\/wp-json\/wp\/v2\/tags?post=5476"}],"curies":[{"name":"wp","href":"https:\/\/api.w.org\/{rel}","templated":true}]}}