{"id":5464,"date":"2025-01-30T06:00:00","date_gmt":"2025-01-30T05:00:00","guid":{"rendered":"https:\/\/invest-in-niederrhein.de\/?p=5464"},"modified":"2025-01-27T13:50:11","modified_gmt":"2025-01-27T12:50:11","slug":"foerderprojekt-sinarsis-geht-in-kamp-lintfort-an-den-start","status":"publish","type":"post","link":"https:\/\/standort-niederrhein.de\/en\/2025\/01\/30\/foerderprojekt-sinarsis-geht-in-kamp-lintfort-an-den-start\/","title":{"rendered":"F\u00f6rderprojekt \u201eSINArsis\u201c geht in Kamp-Lintfort an den Start"},"content":{"rendered":"\n<p><strong>Kamp-Lintfort. <\/strong>Ende Dezember erhielt die Stadt Kamp-Lintfort endlich den erhofften F\u00f6rderbescheid f\u00fcr das Projekt \u201eSINArsis\u201c, welches sich mit der Sicherung von internationalen Studierenden als Nachwuchsfachkr\u00e4fte in der wir4-Region befasst<\/p>\n\n\n\n<p>Bereits im Mai 2024 hatte die Stadt die Projektskizze im Rahmen des Bundeswettbewerbs \u201eZukunft Region\u201c und dem F\u00f6rderaufruf \u201eSt\u00e4rkung der Wertsch\u00f6pfung vor Ort\u201c des Bundesministeriums f\u00fcr Wirtschaft und Klimaschutz (BMWK) eingereicht. In dem Wettbewerb konnte sich die Projektskizze erfolgreich durchsetzen, sodass der Stadt auf der Jahrestagung des BMWK im September 2024 die Urkunde durch Staatssekret\u00e4r Sven Giegold verliehen wurde und im Dezember der F\u00f6rderbescheid des BMWK folgte. Das Projekt \u201eSINArsis\u201c kann ab sofort in die zwei Jahre dauernde Entwicklungsphase starten.<\/p>\n\n\n\n<p><strong>Internationale Studierende in Kamp-Lintfort sollen noch besser in ihre neue Heimat \u2013 und besonders in den lokalen Arbeitsmarkt \u2013 integriert werden<\/strong><br>\u201eFachkr\u00e4ftesicherung ist eine brennende und anhaltende Herausforderung f\u00fcr unsere Unternehmen und damit unseren Standort insgesamt. \u201eWir haben das Gl\u00fcck, dass mit der Ansiedlung der Hochschule Rhein-Waal am Campus Kamp-Lintfort es gelungen ist, viele junge Menschen aus aller Welt in unsere Stadt zu holen und sie hier auszubilden. Jetzt muss es uns noch besser gelingen, dieses hochinteressante Potenzial an Nachwuchsfachkr\u00e4ften in unserer Stadt und Region heimisch werden zu lassen und f\u00fcr unsere Wirtschaft langfristig zu begeistern und zu halten\u201c, f\u00fchrt B\u00fcrgermeister Prof. Dr. Christoph Landscheidt die Motivation zum Projekt \u201eSINArsis\u201c aus.<\/p>\n\n\n\n<p>Der etwas sperrige Name \u201eSINArsis\u201c steht f\u00fcr die Sicherung von Nachwuchsfachkr\u00e4ften durch regionale soziale Integration internationaler Studierender in Wirtschaft und Stadtgesellschaft. Es sollen Ma\u00dfnahmen entwickelt und Netzwerke geschaffen werden, die Studierenden zum einen dabei helfen, in der Stadt und Region heimisch zu werden und ihnen zum anderen den Zugang zu Unternehmen und Arbeitschancen in der Region erleichtern. Dabei richtet sich \u201eSINArsis\u201c sowohl an Studienabsolventen und Absolventinnen sowie an Studienabrechende.<\/p>\n\n\n\n<p><strong>Netzwerk soll Studierende zielgerichtet und unb\u00fcrokratisch unterst\u00fctzen<\/strong><br>Geplant ist, ein zentrales Vermittlungsnetzwerk zu schaffen, das internationale Studierende im Prozess zur Arbeitsaufnahme oder in eine Ausbildung bedarfsorientiert und unb\u00fcrokratisch begleitet.\u00a0 Mit Vernetzungsangeboten in Kultur, Sport und Ehrenamt, sollen die jungen Menschen mehr Zugang zum Stadtgeschehen und Teilhabe am \u00f6ffentlichen Leben erhalten, sodass sie sich in Stadt und Region zu Hause f\u00fchlen k\u00f6nnen. Damit das gelingt, zielt das Projekt im ersten Schritt darauf ab, ein genaues Verst\u00e4ndnis der Bedarfe und Erwartungen der verschiedenen Zielgruppen zu erlangen. Darauf aufbauend werden die entsprechenden Ma\u00dfnahmen mit den notwendigen Akteuren und Strukturen erarbeitet. Durch breite Beteiligung und Einbeziehung der Studierenden, der Unternehmen und B\u00fcrger in den Entwicklungsprozess will man sicherstellen, dass die Ma\u00dfnahmen zielgerecht sind und eine hohe Akzeptanz erfahren.<\/p>\n\n\n\n<p><strong>Zweij\u00e4hrige Entwicklungsphase des Projekts beginnt jetzt<\/strong><br>Der Bundeswettbewerb \u201eZukunft Region\u201c sieht eine zweistufige F\u00f6rderung vor. In der jetzt startenden zweij\u00e4hrigen Entwicklungsphase sollen die in der Projektskizze dargelegten Ma\u00dfnahmen konkret ausgearbeitet werden. Ziel ist, dass am Ende der Entwicklungsphase ein Umsetzungskonzept feststeht, welches sich f\u00fcr die anschlie\u00dfende gef\u00f6rderte Umsetzungsphase erfolgreich qualifiziert. Es besteht dann die Chance, das Konzept \u00fcber eine weitere gef\u00f6rderte Phase von f\u00fcnf Jahren in die Praxis zu bringen und m\u00f6glichst langfristig zu verstetigen.<\/p>\n\n\n\n<p>Quelle: <a href=\"https:\/\/www.kamp-lintfort.de\/de\/pressemitteilungen\/foerderprojekt-sinarsis-geht-in-kamp-lintfort-an-den-start\/\">Stadt Kamp-Lintfort<\/a><\/p>\n","protected":false},"excerpt":{"rendered":"<p>Kamp-Lintfort. Ende Dezember erhielt die Stadt Kamp-Lintfort endlich den erhofften F\u00f6rderbescheid f\u00fcr das Projekt \u201eSINArsis\u201c, welches sich mit der Sicherung von internationalen Studierenden als Nachwuchsfachkr\u00e4fte in der wir4-Region befasst Bereits im Mai 2024 hatte die Stadt die Projektskizze im Rahmen des Bundeswettbewerbs \u201eZukunft Region\u201c und dem F\u00f6rderaufruf \u201eSt\u00e4rkung der Wertsch\u00f6pfung vor Ort\u201c des Bundesministeriums f\u00fcr [&hellip;]<\/p>\n","protected":false},"author":3,"featured_media":0,"comment_status":"closed","ping_status":"closed","sticky":false,"template":"","format":"standard","meta":{"_et_pb_use_builder":"","_et_pb_old_content":"","_et_gb_content_width":"","footnotes":""},"categories":[1],"tags":[],"class_list":["post-5464","post","type-post","status-publish","format-standard","hentry","category-allgemein"],"_links":{"self":[{"href":"https:\/\/standort-niederrhein.de\/en\/wp-json\/wp\/v2\/posts\/5464","targetHints":{"allow":["GET"]}}],"collection":[{"href":"https:\/\/standort-niederrhein.de\/en\/wp-json\/wp\/v2\/posts"}],"about":[{"href":"https:\/\/standort-niederrhein.de\/en\/wp-json\/wp\/v2\/types\/post"}],"author":[{"embeddable":true,"href":"https:\/\/standort-niederrhein.de\/en\/wp-json\/wp\/v2\/users\/3"}],"replies":[{"embeddable":true,"href":"https:\/\/standort-niederrhein.de\/en\/wp-json\/wp\/v2\/comments?post=5464"}],"version-history":[{"count":1,"href":"https:\/\/standort-niederrhein.de\/en\/wp-json\/wp\/v2\/posts\/5464\/revisions"}],"predecessor-version":[{"id":5465,"href":"https:\/\/standort-niederrhein.de\/en\/wp-json\/wp\/v2\/posts\/5464\/revisions\/5465"}],"wp:attachment":[{"href":"https:\/\/standort-niederrhein.de\/en\/wp-json\/wp\/v2\/media?parent=5464"}],"wp:term":[{"taxonomy":"category","embeddable":true,"href":"https:\/\/standort-niederrhein.de\/en\/wp-json\/wp\/v2\/categories?post=5464"},{"taxonomy":"post_tag","embeddable":true,"href":"https:\/\/standort-niederrhein.de\/en\/wp-json\/wp\/v2\/tags?post=5464"}],"curies":[{"name":"wp","href":"https:\/\/api.w.org\/{rel}","templated":true}]}}