{"id":5461,"date":"2025-01-27T07:00:00","date_gmt":"2025-01-27T06:00:00","guid":{"rendered":"https:\/\/invest-in-niederrhein.de\/?p=5461"},"modified":"2025-01-27T13:44:32","modified_gmt":"2025-01-27T12:44:32","slug":"gruene-woche-tolles-feedback-fuer-den-niederrhein","status":"publish","type":"post","link":"https:\/\/standort-niederrhein.de\/en\/2025\/01\/27\/gruene-woche-tolles-feedback-fuer-den-niederrhein\/","title":{"rendered":"Gr\u00fcne Woche: Tolles Feedback f\u00fcr den Niederrhein"},"content":{"rendered":"\n<p><strong>Berlin\/ Niederrhein. <\/strong>\u201eDer Auftritt des Niederrhein in Berlin ist \u2013 wie erwartet \u2013 ein sch\u00f6ner Erfolg f\u00fcr die Agrar- und Tourismuswirtschaft.\u201c Dieses Fazit hat Ingo Brohl, Landrat des Kreises Wesel, nach den ersten Tagen der Gr\u00fcnen Woche in Berlin gezogen. Erstmalig ist das Land Nordrhein-Westfalen mit einer ausgew\u00e4hlten Partnerregion vertreten. F\u00fcr die Premiere war der Niederrhein ausgew\u00e4hlt worden. Am Er\u00f6ffnungsabend in der NRW-Halle konnten Ministerpr\u00e4sident Henrik W\u00fcst und Silke Gori\u00dfen, Ministerin f\u00fcr Landwirtschaft und Verbraucherschutz, insgesamt mehr als 100 Aussteller begr\u00fc\u00dfen, die hochwertige und regional erzeugte Lebensmittel pr\u00e4sentierten \u2013 viele davon vom Niederrhein.<\/p>\n\n\n\n<p>Gro\u00df ist das das Interesse an den St\u00e4nden. \u201eDas Thema Radfahren ist besonders gefragt. Aber auch die Produkte, die am Niederrhein angebaut werden, ziehen Besucher zu den Anbietern des Niederrheins\u201c, freut sich Nina J\u00f6rgens. Die Prokuristin vertritt die Niederrhein Tourismus GmbH an der Spree. Zusammen mit den LEADER-Regionen des Niederrheins sowie den Vereinen \u201eGenussregion Niederrhein e.V.\u201c und \u201eAgrobusiness Niederrhein e.V.\u201c pr\u00e4sentiert man sich als Partnerregion. Unterst\u00fctzung erfolgt durch die Stadt Xanten, die Gemeinde Schermbeck, den Naturpark Hohe Mark, den Naturpark Schwalm-Nette und die WFG Kreis Viersen.<\/p>\n\n\n\n<p>\u201eDer Niederrhein beweist in Berlin einmal mehr, dass er als durch und durch sympathische und attraktive Region punkten kann\u201c, so Christoph Gerwers, Landrat des Kreises Kleve. Davon konnten sich die Besucherinnen und Besucher der Gr\u00fcnen Woche zehn Tage lang \u00fcberzeugen.<\/p>\n\n\n\n<p>Quelle: <a href=\"https:\/\/www.niederrhein-tourismus.de\/presse-oeffentlichkeitsarbeit\/presse\/gruene-woche-tolles-feedback-fuer-den-niederrhein\">Niederrhein Tourismus GmbH<\/a><\/p>\n\n\n<figure class=\"wp-block-post-featured-image\"><img loading=\"lazy\" decoding=\"async\" width=\"685\" height=\"1024\" src=\"https:\/\/standort-niederrhein.de\/wp-content\/uploads\/2025\/01\/Gruene-Woche_NRW-Laenderabend_Thomas-Michaelis.jpg\" class=\"attachment-post-thumbnail size-post-thumbnail wp-post-image\" alt=\"\" style=\"object-fit:cover;\" srcset=\"https:\/\/standort-niederrhein.de\/wp-content\/uploads\/2025\/01\/Gruene-Woche_NRW-Laenderabend_Thomas-Michaelis.jpg 685w, https:\/\/standort-niederrhein.de\/wp-content\/uploads\/2025\/01\/Gruene-Woche_NRW-Laenderabend_Thomas-Michaelis-480x718.jpg 480w\" sizes=\"(min-width: 0px) and (max-width: 480px) 480px, (min-width: 481px) 685px, 100vw\" \/><\/figure>\n\n\n<p>Freuten sich \u00fcber die Resonanz des Publikums (v.l.): Nina J\u00f6rgens (Niederrhein Tourismus), Pauline Becker (TIX, Touristeninformation Xanten), Silke Gori\u00dfen, Ministerin f\u00fcr Landwirtschaft und Verbraucherschutz des Landes Nordrhein-Westfalen, und Ingo Brohl, Landrat Kreis Wesel und Aufsichtsratsvorsitzender von Niederrhein Tourismus. | Foto: Thomas Michaelis<\/p>\n","protected":false},"excerpt":{"rendered":"<p>Berlin\/ Niederrhein. \u201eDer Auftritt des Niederrhein in Berlin ist \u2013 wie erwartet \u2013 ein sch\u00f6ner Erfolg f\u00fcr die Agrar- und Tourismuswirtschaft.\u201c Dieses Fazit hat Ingo Brohl, Landrat des Kreises Wesel, nach den ersten Tagen der Gr\u00fcnen Woche in Berlin gezogen. Erstmalig ist das Land Nordrhein-Westfalen mit einer ausgew\u00e4hlten Partnerregion vertreten. F\u00fcr die Premiere war der [&hellip;]<\/p>\n","protected":false},"author":3,"featured_media":5462,"comment_status":"closed","ping_status":"closed","sticky":false,"template":"","format":"standard","meta":{"_et_pb_use_builder":"","_et_pb_old_content":"","_et_gb_content_width":"","footnotes":""},"categories":[1],"tags":[],"class_list":["post-5461","post","type-post","status-publish","format-standard","has-post-thumbnail","hentry","category-allgemein"],"_links":{"self":[{"href":"https:\/\/standort-niederrhein.de\/en\/wp-json\/wp\/v2\/posts\/5461","targetHints":{"allow":["GET"]}}],"collection":[{"href":"https:\/\/standort-niederrhein.de\/en\/wp-json\/wp\/v2\/posts"}],"about":[{"href":"https:\/\/standort-niederrhein.de\/en\/wp-json\/wp\/v2\/types\/post"}],"author":[{"embeddable":true,"href":"https:\/\/standort-niederrhein.de\/en\/wp-json\/wp\/v2\/users\/3"}],"replies":[{"embeddable":true,"href":"https:\/\/standort-niederrhein.de\/en\/wp-json\/wp\/v2\/comments?post=5461"}],"version-history":[{"count":1,"href":"https:\/\/standort-niederrhein.de\/en\/wp-json\/wp\/v2\/posts\/5461\/revisions"}],"predecessor-version":[{"id":5463,"href":"https:\/\/standort-niederrhein.de\/en\/wp-json\/wp\/v2\/posts\/5461\/revisions\/5463"}],"wp:featuredmedia":[{"embeddable":true,"href":"https:\/\/standort-niederrhein.de\/en\/wp-json\/wp\/v2\/media\/5462"}],"wp:attachment":[{"href":"https:\/\/standort-niederrhein.de\/en\/wp-json\/wp\/v2\/media?parent=5461"}],"wp:term":[{"taxonomy":"category","embeddable":true,"href":"https:\/\/standort-niederrhein.de\/en\/wp-json\/wp\/v2\/categories?post=5461"},{"taxonomy":"post_tag","embeddable":true,"href":"https:\/\/standort-niederrhein.de\/en\/wp-json\/wp\/v2\/tags?post=5461"}],"curies":[{"name":"wp","href":"https:\/\/api.w.org\/{rel}","templated":true}]}}