{"id":5457,"date":"2025-01-29T06:00:00","date_gmt":"2025-01-29T05:00:00","guid":{"rendered":"https:\/\/invest-in-niederrhein.de\/?p=5457"},"modified":"2025-01-24T09:39:45","modified_gmt":"2025-01-24T08:39:45","slug":"regionalkonferenz-smart-cities-2025-digitalisierung-im-fokus","status":"publish","type":"post","link":"https:\/\/standort-niederrhein.de\/en\/2025\/01\/29\/regionalkonferenz-smart-cities-2025-digitalisierung-im-fokus\/","title":{"rendered":"Regionalkonferenz Smart Cities 2025: Digitalisierung im Fokus"},"content":{"rendered":"\n<p><strong>M\u00f6nchengladbach.<\/strong> M\u00f6nchengladbach wird im M\u00e4rz 2025 zum Zentrum des kommunalen Austauschs rund um die digitale Stadt von morgen. Am Mittwoch, den 12. M\u00e4rz, findet in M\u00f6nchengladbach die Regionalkonferenz Smart Cities des Bundesministeriums f\u00fcr Wohnen, Stadtentwicklung und Bauwesen (BMWSB) statt. Austragungsort ist die Redbox am Nordpark, die bereits am Folgetag Schauplatz des renommierten SmartCity.Summit Niederrhein sein wird.<\/p>\n\n\n\n<p>Die Regionalkonferenz bietet kommunalen Vertreterinnen und Vertretern eine einzigartige Gelegenheit, innovative Ans\u00e4tze und bew\u00e4hrte L\u00f6sungen aus den Modellprojekten Smart Cities kennenzulernen. Neben spannenden Impulsen und einer Podiumsdiskussion steht der Austausch im Vordergrund: &#8220;Digitalisierung ist f\u00fcr Kommunen ein unverzichtbarer Bestandteil, um ihrer Verantwortung gegen\u00fcber B\u00fcrgerinnen und B\u00fcrgern gerecht zu werden. Doch keine Kommune sollte die Fehler anderer wiederholen m\u00fcssen &#8211; nur gemeinsam kann eine bundesweit erfolgreiche digitale Transformation gelingen&#8221;, erkl\u00e4rt Chris Demmer, Smart City Koordinator der Stadt M\u00f6nchengladbach.<\/p>\n\n\n\n<p>Ein H\u00f6hepunkt der Konferenz unter dem Titel &#8220;Beteiligen. Bef\u00e4higen. Best\u00e4rken.&nbsp; \u2013 Smart City gemeinsam gestalten&#8221; werden Workshops zu Themen wie KI-Anwendungen und innovativer B\u00fcrgerbeteiligung sein. Die &#8220;Elevator Pitches&#8221;, bei denen Kommunen ihre Projekte pr\u00e4sentieren und wertvolle Einblicke geben, runden das Programm ab. &#8220;Verwaltungen stehen zunehmend vor komplexen Herausforderungen und die Erwartungen an ihre Leistungsf\u00e4higkeit wachsen stetig. Digitalisierung bietet die Chance, diesen Anforderungen effizient und b\u00fcrgernah zu begegnen \u2013 sie ist nicht nur eine Option, sondern eine Notwendigkeit. Daher freue ich mich auf besonders viele kommunale Vertreter vor Ort&#8221;, betont Kira Tillmanns, Programmleiterin des Modellprojekts Smart Cities in M\u00f6nchengladbach.<\/p>\n\n\n\n<p>Das vollst\u00e4ndige Programm gibt es <a href=\"https:\/\/stadt.mg\/rksc25\">online<\/a>, Informationen zum SmartCity.Summit-Niederrhein <a href=\"https:\/\/smart-city-summit.com\/\">hier<\/a>. <\/p>\n\n\n\n<p>Quelle: <a href=\"http:\/\/www.moenchengladbach.de\">Stadt M\u00f6nchengladbach<\/a><\/p>\n\n\n<figure class=\"wp-block-post-featured-image\"><img loading=\"lazy\" decoding=\"async\" width=\"400\" height=\"225\" src=\"https:\/\/standort-niederrhein.de\/wp-content\/uploads\/2025\/01\/292339V.jpg\" class=\"attachment-post-thumbnail size-post-thumbnail wp-post-image\" alt=\"\" style=\"object-fit:cover;\" srcset=\"https:\/\/standort-niederrhein.de\/wp-content\/uploads\/2025\/01\/292339V.jpg 400w, https:\/\/standort-niederrhein.de\/wp-content\/uploads\/2025\/01\/292339V-300x169.jpg 300w\" sizes=\"(max-width: 400px) 100vw, 400px\" \/><\/figure>\n\n\n<p>\u00a9 BMWSB<\/p>\n","protected":false},"excerpt":{"rendered":"<p>M\u00f6nchengladbach. M\u00f6nchengladbach wird im M\u00e4rz 2025 zum Zentrum des kommunalen Austauschs rund um die digitale Stadt von morgen. Am Mittwoch, den 12. M\u00e4rz, findet in M\u00f6nchengladbach die Regionalkonferenz Smart Cities des Bundesministeriums f\u00fcr Wohnen, Stadtentwicklung und Bauwesen (BMWSB) statt. Austragungsort ist die Redbox am Nordpark, die bereits am Folgetag Schauplatz des renommierten SmartCity.Summit Niederrhein sein [&hellip;]<\/p>\n","protected":false},"author":3,"featured_media":5458,"comment_status":"closed","ping_status":"closed","sticky":false,"template":"","format":"standard","meta":{"_et_pb_use_builder":"","_et_pb_old_content":"","_et_gb_content_width":"","footnotes":""},"categories":[1],"tags":[],"class_list":["post-5457","post","type-post","status-publish","format-standard","has-post-thumbnail","hentry","category-allgemein"],"_links":{"self":[{"href":"https:\/\/standort-niederrhein.de\/en\/wp-json\/wp\/v2\/posts\/5457","targetHints":{"allow":["GET"]}}],"collection":[{"href":"https:\/\/standort-niederrhein.de\/en\/wp-json\/wp\/v2\/posts"}],"about":[{"href":"https:\/\/standort-niederrhein.de\/en\/wp-json\/wp\/v2\/types\/post"}],"author":[{"embeddable":true,"href":"https:\/\/standort-niederrhein.de\/en\/wp-json\/wp\/v2\/users\/3"}],"replies":[{"embeddable":true,"href":"https:\/\/standort-niederrhein.de\/en\/wp-json\/wp\/v2\/comments?post=5457"}],"version-history":[{"count":1,"href":"https:\/\/standort-niederrhein.de\/en\/wp-json\/wp\/v2\/posts\/5457\/revisions"}],"predecessor-version":[{"id":5459,"href":"https:\/\/standort-niederrhein.de\/en\/wp-json\/wp\/v2\/posts\/5457\/revisions\/5459"}],"wp:featuredmedia":[{"embeddable":true,"href":"https:\/\/standort-niederrhein.de\/en\/wp-json\/wp\/v2\/media\/5458"}],"wp:attachment":[{"href":"https:\/\/standort-niederrhein.de\/en\/wp-json\/wp\/v2\/media?parent=5457"}],"wp:term":[{"taxonomy":"category","embeddable":true,"href":"https:\/\/standort-niederrhein.de\/en\/wp-json\/wp\/v2\/categories?post=5457"},{"taxonomy":"post_tag","embeddable":true,"href":"https:\/\/standort-niederrhein.de\/en\/wp-json\/wp\/v2\/tags?post=5457"}],"curies":[{"name":"wp","href":"https:\/\/api.w.org\/{rel}","templated":true}]}}