{"id":5454,"date":"2025-01-28T06:00:00","date_gmt":"2025-01-28T05:00:00","guid":{"rendered":"https:\/\/invest-in-niederrhein.de\/?p=5454"},"modified":"2025-01-23T10:59:37","modified_gmt":"2025-01-23T09:59:37","slug":"hinter-dem-neuen-busbahnhof-entsteht-ein-platz-auf-zeit","status":"publish","type":"post","link":"https:\/\/standort-niederrhein.de\/en\/2025\/01\/28\/hinter-dem-neuen-busbahnhof-entsteht-ein-platz-auf-zeit\/","title":{"rendered":"Hinter dem neuen Busbahnhof entsteht ein Platz auf Zeit"},"content":{"rendered":"\n<p><strong>M\u00f6nchengladbach.<\/strong> Noch laufen die Bauarbeiten f\u00fcr den neuen Zentralen Omnibusbahnhof (ZOB) am Europaplatz auf Hochtouren. Der neue ZOB ist so effizient konzipiert, dass er weniger Platz als sein Vorg\u00e4nger ben\u00f6tigt. Dadurch bleibt eine Fl\u00e4che frei, die einmal zusammen mit dem Haus-Westland-Grundst\u00fcck f\u00fcr das Projekt &#8220;19 H\u00e4user&#8221; dienen soll. Um zu vermeiden, dass diese Fl\u00e4che nach Fertigstellung des neuen ZOB als eingez\u00e4unte Brache den aufgewerteten Stadteingang pr\u00e4gt, hat die Stadt gemeinsam mit ihrer Marketinggesellschaft (MGMG) ein Konzept f\u00fcr eine Zwischennutzung entwickelt. In der zust\u00e4ndigen Bezirksvertretung Nord wurde der Politik und der interessierten \u00d6ffentlichkeit nun ein Zwischenbericht zu den Planungen vorgestellt.<\/p>\n\n\n\n<p>&#8220;Wenn die Bauarbeiten am ZOB zu Ende gehen, haben wir absehbar f\u00fcr mehrere Jahre eine beachtliche freie Fl\u00e4che direkt am gr\u00f6\u00dften Verkehrsknotenpunkt der Stadt. Diese Chance wollen wir ergreifen und haben uns \u00fcber Fachbereiche hinweg Gedanken dazu gemacht, wie der neugewonnene Bereich in der Zwischenzeit f\u00fcr die Stadtgesellschaft genutzt werden kann. Ich bin zuversichtlich, dass viele M\u00f6nchengladbacherinnen und M\u00f6nchengladbacher diesen Platz auf Zeit schnell in ihr Herz schlie\u00dfen und hier sch\u00f6ne Stunden verbringen werden&#8221;, sagt die Technische Beigeordnete Claudia Schwan-Schmitz.<\/p>\n\n\n\n<p>Die Fl\u00e4che, die derzeit eingez\u00e4unt ist und vor allem f\u00fcr die Baustelleneinrichtung am ZOB genutzt wird, ist gr\u00f6\u00dfer, als sie auf den ersten Blick wirkt. Mit ca. 5.365 Quadratmetern entspricht ihr Ausma\u00df in etwa dem Alten Markt. Den Sonnenhausplatz k\u00f6nnte man hier mehr als zweimal unterbringen. Das Potential, das diese Fl\u00e4che aufgrund ihrer Gr\u00f6\u00dfe und der zentralen Lage hat, will die Stadt bis zu ihrer k\u00fcnftigen Bebauung nutzen und hier vielf\u00e4ltige tempor\u00e4re Angebote unterbringen.<\/p>\n\n\n\n<p>Zentrales Element der derzeitigen \u00dcberlegungen ist der mittlere Bereich, der \u00fcber ein Wegekreuz Verbindungen in unterschiedliche Richtungen schaffen soll. Zum einen k\u00f6nnte hier ein Weg vom Europalatz zu Haus Westland f\u00fchren, durch das man dann wieder quer \u00fcber das Grundst\u00fcck in Richtung Steinmetzstra\u00dfe und dem Gr\u00fcnderzeitviertel gelangen soll. Zum anderen sollen von der zentralen Mitte die weiteren Bereiche des Platzes erreicht werden k\u00f6nnen. Geplant ist hier, dass Foodtrucks, Pop-Up-L\u00e4den oder eine Aktionsb\u00fchne stehen und die Menschen mit ihren Angeboten auf die Fl\u00e4che locken.<\/p>\n\n\n\n<p>Links der zentralen Wegeverbindung soll ein Eventbereich entstehen, der f\u00fcr ganz unterschiedliche Aktionen genutzt werden kann. Hier k\u00f6nnte ein mobiles Sportfeld ebenso Platz finden wie ein Riesenrad oder ein Festzelt. Auch Kunst- und Kulturangebote oder eine Lichtillumination k\u00f6nnten hier stattfinden. Die Marketinggesellschaft hat bereits Gespr\u00e4che mit Veranstaltern aufgenommen, wie diese Fl\u00e4che bespielt werden kann. Dem Eventbereich k\u00f6nnte auch eine Bedeutung als Ausweichstandort zukommen, wenn der Alte Markt in den n\u00e4chsten Jahren umgestaltet wird.<\/p>\n\n\n\n<p>Rechts der zentralen Erschlie\u00dfung schlie\u00dft sich in den Pl\u00e4nen zun\u00e4chst ein Aufenthaltsbereich an. Hier k\u00f6nnten die Speisen der benachbarten Food Trucks verzehrt oder an einem &#8220;Stadtstrand&#8221; das sch\u00f6ne Wetter genossen werden. Die dahinterliegende Zone an der Humboldtstra\u00dfe soll \u00fcberwiegend einer Quartiersnutzung dienen und zum Beispiel einen Urban-Gardening-Bereich und einen Quartierstreffpunkt enthalten.<\/p>\n\n\n\n<p>Ziel der nur auf Zeit ausgerichteten Ma\u00dfnahme ist es, m\u00f6glichst ohne zus\u00e4tzliche Haushaltsbelastung auszukommen. Dazu geh\u00f6rt, dass hier mobile Elemente Platz finden, die zuvor oder danach an anderen Stellen der Stadt genutzt werden k\u00f6nnen. Beispiele sind die &#8220;Enzis&#8221; genannten Sitzgelegenheiten oder die versetzbaren B\u00e4ume in Pflanzk\u00fcbeln am Sonnenhausplatz, der ja dauerhaft begr\u00fcnt werden soll. Zudem sollen notwendige Investitionen durch Einnahmen aus der Bespielung des Platzes oder Einsparungen an anderer Stelle, die etwa ein Bauzaun um eine Brachfl\u00e4che verursachen w\u00fcrde, ausgeglichen werden.<\/p>\n\n\n\n<p>Quelle: <a href=\"http:\/\/www.moenchengladbach.de\">Stadt M\u00f6nchengladbach<\/a><\/p>\n\n\n<figure class=\"wp-block-post-featured-image\"><img loading=\"lazy\" decoding=\"async\" width=\"2560\" height=\"1580\" src=\"https:\/\/standort-niederrhein.de\/wp-content\/uploads\/2025\/01\/292309P-scaled.jpg\" class=\"attachment-post-thumbnail size-post-thumbnail wp-post-image\" alt=\"\" style=\"object-fit:cover;\" srcset=\"https:\/\/standort-niederrhein.de\/wp-content\/uploads\/2025\/01\/292309P-scaled.jpg 2560w, https:\/\/standort-niederrhein.de\/wp-content\/uploads\/2025\/01\/292309P-1280x790.jpg 1280w, https:\/\/standort-niederrhein.de\/wp-content\/uploads\/2025\/01\/292309P-980x605.jpg 980w, https:\/\/standort-niederrhein.de\/wp-content\/uploads\/2025\/01\/292309P-480x296.jpg 480w\" sizes=\"(min-width: 0px) and (max-width: 480px) 480px, (min-width: 481px) and (max-width: 980px) 980px, (min-width: 981px) and (max-width: 1280px) 1280px, (min-width: 1281px) 2560px, 100vw\" \/><\/figure>\n\n\n<p>Zwischennutzung Europaplatz | Copyright:\u00a0 NetCo Professional Services GmbH<\/p>\n","protected":false},"excerpt":{"rendered":"<p>M\u00f6nchengladbach. Noch laufen die Bauarbeiten f\u00fcr den neuen Zentralen Omnibusbahnhof (ZOB) am Europaplatz auf Hochtouren. Der neue ZOB ist so effizient konzipiert, dass er weniger Platz als sein Vorg\u00e4nger ben\u00f6tigt. Dadurch bleibt eine Fl\u00e4che frei, die einmal zusammen mit dem Haus-Westland-Grundst\u00fcck f\u00fcr das Projekt &#8220;19 H\u00e4user&#8221; dienen soll. Um zu vermeiden, dass diese Fl\u00e4che nach [&hellip;]<\/p>\n","protected":false},"author":3,"featured_media":5455,"comment_status":"closed","ping_status":"closed","sticky":false,"template":"","format":"standard","meta":{"_et_pb_use_builder":"","_et_pb_old_content":"","_et_gb_content_width":"","footnotes":""},"categories":[1],"tags":[],"class_list":["post-5454","post","type-post","status-publish","format-standard","has-post-thumbnail","hentry","category-allgemein"],"_links":{"self":[{"href":"https:\/\/standort-niederrhein.de\/en\/wp-json\/wp\/v2\/posts\/5454","targetHints":{"allow":["GET"]}}],"collection":[{"href":"https:\/\/standort-niederrhein.de\/en\/wp-json\/wp\/v2\/posts"}],"about":[{"href":"https:\/\/standort-niederrhein.de\/en\/wp-json\/wp\/v2\/types\/post"}],"author":[{"embeddable":true,"href":"https:\/\/standort-niederrhein.de\/en\/wp-json\/wp\/v2\/users\/3"}],"replies":[{"embeddable":true,"href":"https:\/\/standort-niederrhein.de\/en\/wp-json\/wp\/v2\/comments?post=5454"}],"version-history":[{"count":1,"href":"https:\/\/standort-niederrhein.de\/en\/wp-json\/wp\/v2\/posts\/5454\/revisions"}],"predecessor-version":[{"id":5456,"href":"https:\/\/standort-niederrhein.de\/en\/wp-json\/wp\/v2\/posts\/5454\/revisions\/5456"}],"wp:featuredmedia":[{"embeddable":true,"href":"https:\/\/standort-niederrhein.de\/en\/wp-json\/wp\/v2\/media\/5455"}],"wp:attachment":[{"href":"https:\/\/standort-niederrhein.de\/en\/wp-json\/wp\/v2\/media?parent=5454"}],"wp:term":[{"taxonomy":"category","embeddable":true,"href":"https:\/\/standort-niederrhein.de\/en\/wp-json\/wp\/v2\/categories?post=5454"},{"taxonomy":"post_tag","embeddable":true,"href":"https:\/\/standort-niederrhein.de\/en\/wp-json\/wp\/v2\/tags?post=5454"}],"curies":[{"name":"wp","href":"https:\/\/api.w.org\/{rel}","templated":true}]}}