{"id":5448,"date":"2025-01-24T07:00:00","date_gmt":"2025-01-24T06:00:00","guid":{"rendered":"https:\/\/invest-in-niederrhein.de\/?p=5448"},"modified":"2025-01-22T10:53:05","modified_gmt":"2025-01-22T09:53:05","slug":"erfolgreicher-start-nach-firmenuebernahme","status":"publish","type":"post","link":"https:\/\/standort-niederrhein.de\/en\/2025\/01\/24\/erfolgreicher-start-nach-firmenuebernahme\/","title":{"rendered":"Erfolgreicher Start nach Firmen\u00fcbernahme"},"content":{"rendered":"\n<p><strong>Kreis Kleve\/ Goch. <\/strong>Die Betriebs\u00fcbergabe ist gegl\u00fcckt, so viel l\u00e4sst sich nach gut zwei Monaten mit Fug und Recht sagen. Seit dem 01.11.2024 \u00a0\u00a0sind Michael Jan\u00dfen und Florian R\u00fctters die neuen Chefs der V\u00f6lcker Druck GmbH in Goch. Nun erhielt die Druckerei Besuch von der Wirtschaftsf\u00f6rderung Kreis Kleve und der Stadt Goch. B\u00fcrgermeister Ulrich Knickrehm, Wirtschaftsf\u00f6rderer R\u00fcdiger Wenzel, Kreis-Wirtschaftsf\u00f6rderin Brigitte Jansen und Marc Cattelaens, bei der Kreis-WFG zust\u00e4ndig f\u00fcr Unternehmensservice und Kommunikation, machten sich in den R\u00e4umlichkeiten an der Boschstra\u00dfe 10 ein Bild von der Leistungsf\u00e4higkeit des Gocher Traditionsunternehmens.<\/p>\n\n\n\n<p>Florian R\u00fctters war bereits viele Jahren dort Betriebsleiter, Michael Jan\u00dfen kam im Juli 2024 zur Gocher Druckerei. Im Jahr zuvor hatten beide an der dreiteiligen Seminarreihe \u201eInformieren \u2013 Planen \u2013 Gr\u00fcnden\u201c der Wirtschaftsf\u00f6rderung Kreis Kleve teilgenommen und konnten sich so noch intensiver auf die Selbstst\u00e4ndigkeit vorbereiten. Nach der Betriebs\u00fcbergabe durch Heiner V\u00f6lcker-Janssen und mehr als 180 Jahre nach der Firmengr\u00fcndung besch\u00e4ftigt V\u00f6lcker Druck aktuell mehr als zehn Mitarbeitende.<\/p>\n\n\n\n<p>Mit ihrer Strategie, auf Spezialprodukte zu setzen, bei denen es nicht auf Masse, sondern auf Individualit\u00e4t ankommt, behauptet sich V\u00f6lcker Druck erfolgreich auf einem hart umk\u00e4mpften Markt. Nicht nur viele Privatkunden, sondern auch ortsans\u00e4ssige und regionale Firmen setzen auf das Know-how der Gocher Druckerei. Aber auch internationale Firmen bescheren Auftr\u00e4ge, etwa wenn es um die Produktion von Adventskalendern, Einladungs- oder Visitenkarten geht. Beliebt sind innovative Produkte wie Endlos-Faltkarten, Springw\u00fcrfel, Pop Up-, Lamellen- oder Schiebekarten. Diese werden von V\u00f6lcker Druck nach den Vorgaben der Kunden individuell gefertigt oder auf Wunsch auch mit eigenen Ideen kreativ gestaltet. Brosch\u00fcren, Speisekarten, Bl\u00f6cke und Verpackungen runden das Portfolio ab. Dabei muss es gar nicht unbedingt die gro\u00dfe Auflage sein: \u201eWir fertigen auch in geringer St\u00fcckzahl an, und bieten, falls gew\u00fcnscht, auch einen direkten Lieferservice an\u201c, betont Florian R\u00fctters.<\/p>\n\n\n\n<p>Die G\u00e4ste zeigten sich beeindruckt von der Kreativit\u00e4t der neuen Gesch\u00e4ftsf\u00fchrer, vom Engagement des ganzen Teams und der Vielfalt der Produktpalette.<\/p>\n\n\n\n<p>Quelle: <a href=\"http:\/\/www.wfg-kreis-kleve.de\">WFG Kreis Kleve <\/a><\/p>\n\n\n<figure class=\"wp-block-post-featured-image\"><img loading=\"lazy\" decoding=\"async\" width=\"2560\" height=\"1793\" src=\"https:\/\/standort-niederrhein.de\/wp-content\/uploads\/2025\/01\/voelcker-druck-2025-2-scaled.jpg\" class=\"attachment-post-thumbnail size-post-thumbnail wp-post-image\" alt=\"\" style=\"object-fit:cover;\" srcset=\"https:\/\/standort-niederrhein.de\/wp-content\/uploads\/2025\/01\/voelcker-druck-2025-2-scaled.jpg 2560w, https:\/\/standort-niederrhein.de\/wp-content\/uploads\/2025\/01\/voelcker-druck-2025-2-1280x897.jpg 1280w, https:\/\/standort-niederrhein.de\/wp-content\/uploads\/2025\/01\/voelcker-druck-2025-2-980x686.jpg 980w, https:\/\/standort-niederrhein.de\/wp-content\/uploads\/2025\/01\/voelcker-druck-2025-2-480x336.jpg 480w\" sizes=\"(min-width: 0px) and (max-width: 480px) 480px, (min-width: 481px) and (max-width: 980px) 980px, (min-width: 981px) and (max-width: 1280px) 1280px, (min-width: 1281px) 2560px, 100vw\" \/><\/figure>\n\n\n<p>Von Links:<strong> <\/strong>Michael Jan\u00dfen (Gesch\u00e4ftsf\u00fchrer V\u00f6lcker Druck), Ulrich Knickrehm (B\u00fcrgermeister Stadt Goch),<strong> <\/strong>Marc Cattelaens (WFG Kreis Kleve), Brigitte Jansen (Gesch\u00e4ftsf\u00fchrerin WFG Kreis Kleve), Florian R\u00fctters (Gesch\u00e4ftsf\u00fchrer V\u00f6lcker Druck) und R\u00fcdiger Wenzel (Wirtschaftsf\u00f6rderer Stadt Goch) im Empfangsbereich von V\u00f6lcker Druck. | Foto: WFG Kreis Kleve\u00a0<\/p>\n","protected":false},"excerpt":{"rendered":"<p>Kreis Kleve\/ Goch. Die Betriebs\u00fcbergabe ist gegl\u00fcckt, so viel l\u00e4sst sich nach gut zwei Monaten mit Fug und Recht sagen. Seit dem 01.11.2024 \u00a0\u00a0sind Michael Jan\u00dfen und Florian R\u00fctters die neuen Chefs der V\u00f6lcker Druck GmbH in Goch. Nun erhielt die Druckerei Besuch von der Wirtschaftsf\u00f6rderung Kreis Kleve und der Stadt Goch. B\u00fcrgermeister Ulrich Knickrehm, [&hellip;]<\/p>\n","protected":false},"author":3,"featured_media":5449,"comment_status":"closed","ping_status":"closed","sticky":false,"template":"","format":"standard","meta":{"_et_pb_use_builder":"","_et_pb_old_content":"","_et_gb_content_width":"","footnotes":""},"categories":[1],"tags":[],"class_list":["post-5448","post","type-post","status-publish","format-standard","has-post-thumbnail","hentry","category-allgemein"],"_links":{"self":[{"href":"https:\/\/standort-niederrhein.de\/en\/wp-json\/wp\/v2\/posts\/5448","targetHints":{"allow":["GET"]}}],"collection":[{"href":"https:\/\/standort-niederrhein.de\/en\/wp-json\/wp\/v2\/posts"}],"about":[{"href":"https:\/\/standort-niederrhein.de\/en\/wp-json\/wp\/v2\/types\/post"}],"author":[{"embeddable":true,"href":"https:\/\/standort-niederrhein.de\/en\/wp-json\/wp\/v2\/users\/3"}],"replies":[{"embeddable":true,"href":"https:\/\/standort-niederrhein.de\/en\/wp-json\/wp\/v2\/comments?post=5448"}],"version-history":[{"count":1,"href":"https:\/\/standort-niederrhein.de\/en\/wp-json\/wp\/v2\/posts\/5448\/revisions"}],"predecessor-version":[{"id":5450,"href":"https:\/\/standort-niederrhein.de\/en\/wp-json\/wp\/v2\/posts\/5448\/revisions\/5450"}],"wp:featuredmedia":[{"embeddable":true,"href":"https:\/\/standort-niederrhein.de\/en\/wp-json\/wp\/v2\/media\/5449"}],"wp:attachment":[{"href":"https:\/\/standort-niederrhein.de\/en\/wp-json\/wp\/v2\/media?parent=5448"}],"wp:term":[{"taxonomy":"category","embeddable":true,"href":"https:\/\/standort-niederrhein.de\/en\/wp-json\/wp\/v2\/categories?post=5448"},{"taxonomy":"post_tag","embeddable":true,"href":"https:\/\/standort-niederrhein.de\/en\/wp-json\/wp\/v2\/tags?post=5448"}],"curies":[{"name":"wp","href":"https:\/\/api.w.org\/{rel}","templated":true}]}}