{"id":5446,"date":"2025-01-27T06:00:00","date_gmt":"2025-01-27T05:00:00","guid":{"rendered":"https:\/\/invest-in-niederrhein.de\/?p=5446"},"modified":"2025-01-22T10:48:11","modified_gmt":"2025-01-22T09:48:11","slug":"im-fruehjahr-beginnen-weitere-projekte-im-stadtumbau-uerdingen","status":"publish","type":"post","link":"https:\/\/standort-niederrhein.de\/en\/2025\/01\/27\/im-fruehjahr-beginnen-weitere-projekte-im-stadtumbau-uerdingen\/","title":{"rendered":"Im Fr\u00fchjahr beginnen weitere Projekte im Stadtumbau Uerdingen"},"content":{"rendered":"\n<p><strong>Krefeld.<\/strong> In diesem Fr\u00fchjahr beginnt die Umsetzung weiterer Teilprojekte f\u00fcr den Stadtumbau Uerdingen. So sollen im M\u00e4rz die Sanierungsarbeiten an den Herberzh\u00e4usern starten. Die Baustelle wird in der so genannten Hochzeitsnische vor dem Marktplatz und auf dem Bereich entlang der Fassaden der Hausnummern 1 und 5 eingerichtet. Neben der umfassenden Sanierung der Bausubstanz steht der Umbau des Komplexes zum Begegnungsort auf dem Plan. Entstehen sollen ein begr\u00fcnter Innenhof, eine Stadtteilb\u00fccherei und R\u00e4ume zur kulturellen Nutzung durch die Volkshochschule und die Musikschule. Ein Fahrstuhl wird eingebaut, ein gl\u00e4serner Anbau soll viel nat\u00fcrliches Licht ins Geb\u00e4ude bringen. F\u00fcr die Sanierung hat der Stadtrat insgesamt rund zw\u00f6lf Millionen Euro bereitgestellt.<\/p>\n\n\n\n<p>Ebenfalls im M\u00e4rz beginnt die Umgestaltung der Kronenstra\u00dfe, nachdem die Kanalbauarbeiten dort abgeschlossen sind. Gebaut wird von S\u00fcd nach Nord, also von der Casinogasse \u00fcber das Rheintor bis zur Einm\u00fcndung Am Zollhof. Die Arbeiten sollen etwa zw\u00f6lf Monate dauern. Ziel ist es, die Kronenstra\u00dfe gestalterisch besser an den Rheindeich anzubinden, den Verkehr zu reduzieren und die Aufenthaltsqualit\u00e4t im gesamten Uferbereich zu erh\u00f6hen. Weitere Projekte des Stadtumbaus sind derweil in Vorbereitung. Am 6. M\u00e4rz um 18 Uhr wird im Pfarrheim Oberstra\u00dfe eine erste B\u00fcrgerversammlung zur Umgestaltung der Alte Krefelder Stra\u00dfe angesetzt. Geplant ist dort unter anderem, die Geschwindigkeit f\u00fcr den Autoverkehr zu reduzieren, eine Lieferzone einzurichten, die Aufenthaltsqualit\u00e4t durch breitere Gehwege f\u00fcr die Fu\u00dfg\u00e4nger zu verbessern sowie den Fahrradverkehr in beide Richtungen zuzulassen. Dabei wird der Querschnitt der Stra\u00dfe ver\u00e4ndert, es kommt zu einer Neuordnung und Reduzierung der vorhandenen Parkpl\u00e4tze. Es sollen zudem neue Abstellm\u00f6glichkeiten f\u00fcr Fahrr\u00e4der geschaffen werden.<\/p>\n\n\n\n<p>F\u00fcr die Aufwertung der kleinen Nebengassen, die von der Fu\u00dfg\u00e4ngerzone abzweigen, werden aktuell die Planungsleistungen vergeben. Auch das neue Marktkonzept f\u00fcr Uerdingen, das durch ein externes B\u00fcro erarbeitet wurde, soll im Fr\u00fchjahr vorgestellt werden. F\u00fcr das Untere Werft wird der Sieger des st\u00e4dtebaulichen Wettbewerbs nun mit der Ausf\u00fchrungsplanung beauftragt. Dort kann es allerdings erst nach Fertigstellung der Bauma\u00dfnahmen am \u201eRheinblick\u201c mit den Arbeiten losgehen.<br>Kurz vor Jahresende hat die Stadt Krefeld eine weitere Landesf\u00f6rderung f\u00fcr den Stadtumbau Uerdingen in H\u00f6he von 772.000 Euro erhalten. Damit k\u00f6nnen f\u00fcr die Bauma\u00dfnahmen weitere Planungsleistungen beauftragt und gleichzeitig wichtige Projekte wie das Hof- und Fassadenprogramm, das Quartiersmanagement und der Verf\u00fcgungsfonds weiter fortgef\u00fchrt werden.<\/p>\n\n\n\n<p>Quelle: <a href=\"http:\/\/www.krefeld.de\">Stadt Krefeld<\/a><\/p>\n","protected":false},"excerpt":{"rendered":"<p>Krefeld. In diesem Fr\u00fchjahr beginnt die Umsetzung weiterer Teilprojekte f\u00fcr den Stadtumbau Uerdingen. So sollen im M\u00e4rz die Sanierungsarbeiten an den Herberzh\u00e4usern starten. Die Baustelle wird in der so genannten Hochzeitsnische vor dem Marktplatz und auf dem Bereich entlang der Fassaden der Hausnummern 1 und 5 eingerichtet. Neben der umfassenden Sanierung der Bausubstanz steht der [&hellip;]<\/p>\n","protected":false},"author":3,"featured_media":0,"comment_status":"closed","ping_status":"closed","sticky":false,"template":"","format":"standard","meta":{"_et_pb_use_builder":"","_et_pb_old_content":"","_et_gb_content_width":"","footnotes":""},"categories":[1],"tags":[],"class_list":["post-5446","post","type-post","status-publish","format-standard","hentry","category-allgemein"],"_links":{"self":[{"href":"https:\/\/standort-niederrhein.de\/en\/wp-json\/wp\/v2\/posts\/5446","targetHints":{"allow":["GET"]}}],"collection":[{"href":"https:\/\/standort-niederrhein.de\/en\/wp-json\/wp\/v2\/posts"}],"about":[{"href":"https:\/\/standort-niederrhein.de\/en\/wp-json\/wp\/v2\/types\/post"}],"author":[{"embeddable":true,"href":"https:\/\/standort-niederrhein.de\/en\/wp-json\/wp\/v2\/users\/3"}],"replies":[{"embeddable":true,"href":"https:\/\/standort-niederrhein.de\/en\/wp-json\/wp\/v2\/comments?post=5446"}],"version-history":[{"count":1,"href":"https:\/\/standort-niederrhein.de\/en\/wp-json\/wp\/v2\/posts\/5446\/revisions"}],"predecessor-version":[{"id":5447,"href":"https:\/\/standort-niederrhein.de\/en\/wp-json\/wp\/v2\/posts\/5446\/revisions\/5447"}],"wp:attachment":[{"href":"https:\/\/standort-niederrhein.de\/en\/wp-json\/wp\/v2\/media?parent=5446"}],"wp:term":[{"taxonomy":"category","embeddable":true,"href":"https:\/\/standort-niederrhein.de\/en\/wp-json\/wp\/v2\/categories?post=5446"},{"taxonomy":"post_tag","embeddable":true,"href":"https:\/\/standort-niederrhein.de\/en\/wp-json\/wp\/v2\/tags?post=5446"}],"curies":[{"name":"wp","href":"https:\/\/api.w.org\/{rel}","templated":true}]}}