{"id":5443,"date":"2025-01-26T06:00:00","date_gmt":"2025-01-26T05:00:00","guid":{"rendered":"https:\/\/invest-in-niederrhein.de\/?p=5443"},"modified":"2025-01-22T09:04:08","modified_gmt":"2025-01-22T08:04:08","slug":"neue-photovoltaikanlagen-am-verwaltungsstandort-grevenbroich","status":"publish","type":"post","link":"https:\/\/standort-niederrhein.de\/en\/2025\/01\/26\/neue-photovoltaikanlagen-am-verwaltungsstandort-grevenbroich\/","title":{"rendered":"Neue Photovoltaikanlagen am Verwaltungsstandort Grevenbroich"},"content":{"rendered":"\n<p><strong>Rhein-Kreis Neuss\/ Grevenbroich<\/strong>. Der Rhein-Kreis Neuss investiert weiter kr\u00e4ftig in sein Solar-Ausbauprogramm auf seinen Geb\u00e4uden. Gleich zwei neue Photovoltaikanlagen f\u00fcr insgesamt rund 490.000 Euro entstehen am Verwaltungsstandort Grevenbroich. Auf dem Dach des Altbaus an der Lindenstra\u00dfe wird bis M\u00e4rz eine Photovoltaikanlage mit einer Leistung von 63,5 Kilowatt-Peak (kWp) errichtet. Derzeit laufen die Ger\u00fcstaufbauten f\u00fcr die Installation. Die Anlage besteht aus 146 PV-Modulen und soll j\u00e4hrlich rund 59.000 Kilowattstunden klimafreundlichen Strom liefern.\u00a0<\/p>\n\n\n\n<p>Bereits wenige Wochen sp\u00e4ter entsteht eine weitere Photovoltaikanlage auf dem Neubau Auf der Schanze, nach Angaben der Kreisverwaltung die bisher gr\u00f6\u00dfte und leistungsst\u00e4rkste auf D\u00e4chern von Kreisgeb\u00e4uden. Die PV-Anlage besteht aus weiteren 992 Solarmodulen und hat eine Leistung von rund 436 kWp. Sie kann j\u00e4hrlich bis zu 414.200 Kilowattstunden klimafreundlichen Strom produzieren, doppelt so viel wie die bisherigen PV-Anlagen zusammen produzieren k\u00f6nnen.&nbsp;<\/p>\n\n\n\n<p>Die mit Ziegeln beziehungsweise Betondachstein eingedeckten D\u00e4cher des Kreishauses Grevenbroich werden nahezu komplett mit PV-Modulen belegt. Da sich die Objekte in direkter Umgebung zu dem denkmalgesch\u00fctzten St\u00e4ndehaus befinden, gab es spezielle Auflagen der Unteren Denkmalbeh\u00f6rde der Stadt Grevenbroich an die PV-Module: Sie m\u00fcssen einerseits komplett schwarz &#8211; ohne Binnen-Struktur &#8211; und andererseits entspiegelt sein. Die Montage der Photovoltaikanlagen wird im laufenden Verwaltungsbetrieb stattfinden.<\/p>\n\n\n\n<p>\u201eWir wollen weiter vorbildlich beim Klimaschutz vorangehen. Mit den beiden neuen Photovoltaikanlagen hat das Amt f\u00fcr Geb\u00e4udewirtschaft bereits die f\u00fcnfte umweltfreundliche PV-Anlage auf unseren Kreisgeb\u00e4uden umgesetzt. Ich w\u00fcnsche mir m\u00f6glichst viele Photovoltaikanlagen auf \u00f6ffentlichen und privaten Geb\u00e4uden. Damit k\u00f6nnen wir alle einen wirksamen Beitrag f\u00fcr den Klimaschutz leisten\u201c, betont Landrat Hans-J\u00fcrgen Petrauschke. B\u00fcrger k\u00f6nnen sich daf\u00fcr unter <a href=\"http:\/\/www.rhein-kreis-neuss.de\/solarpotenzialkataster\">www.rhein-kreis-neuss.de\/solarpotenzialkataster<\/a> kostenfrei \u00fcber das Potenzial ihres Geb\u00e4udes f\u00fcr Solarstrom informieren.<\/p>\n\n\n\n<p>\u201eDie Ma\u00dfnahme ist ein weiterer bedeutender Schritt in unserer Photovoltaik-Offensive und leistet einen wichtigen Beitrag zur Energieeffizienz unserer Geb\u00e4ude und damit auch zum Klimaschutz\u201c, freut sich auch Baudezernent Harald Vieten. Bis zu j\u00e4hrlich 192 Tonnen klimasch\u00e4dliche CO2-Emissionen k\u00f6nnen allein durch die beiden neuen PV-Anlagen vermieden werden.<\/p>\n\n\n\n<p>Im Rahmen der Ausbauoffensive ist es das Ziel, in den n\u00e4chsten Jahren auf allen geeigneten Verwaltungs- und Schulgeb\u00e4uden des Kreises sukzessive Photovoltaik-Anlagen errichten zu lassen. Daf\u00fcr hat das Amt f\u00fcr Geb\u00e4udewirtschaft alle kreiseigenen Geb\u00e4uded\u00e4cher untersucht, klassifiziert und ein mehrj\u00e4hriges Ausbauprogramm erstellt. Der Kreistag hatte f\u00fcr das Programm einstimmig den Weg frei gemacht. Die f\u00fcnf Photovoltaikanlagen der ersten Ausbauphase k\u00f6nnen zusammen j\u00e4hrlich bis zu 675.000 klimafreundlichen Strom produzieren und 274 Tonnen sch\u00e4dliche CO2-Emissionen vermeiden.<\/p>\n\n\n\n<p>Quelle: <a href=\"http:\/\/www.rhein-kreis-neuss.de\">Rhein-Kreis Neuss<\/a><\/p>\n\n\n<figure class=\"wp-block-post-featured-image\"><img loading=\"lazy\" decoding=\"async\" width=\"2560\" height=\"1703\" src=\"https:\/\/standort-niederrhein.de\/wp-content\/uploads\/2025\/01\/DSC_7844-scaled.jpg\" class=\"attachment-post-thumbnail size-post-thumbnail wp-post-image\" alt=\"\" style=\"object-fit:cover;\" srcset=\"https:\/\/standort-niederrhein.de\/wp-content\/uploads\/2025\/01\/DSC_7844-scaled.jpg 2560w, https:\/\/standort-niederrhein.de\/wp-content\/uploads\/2025\/01\/DSC_7844-1280x852.jpg 1280w, https:\/\/standort-niederrhein.de\/wp-content\/uploads\/2025\/01\/DSC_7844-980x652.jpg 980w, https:\/\/standort-niederrhein.de\/wp-content\/uploads\/2025\/01\/DSC_7844-480x319.jpg 480w\" sizes=\"(min-width: 0px) and (max-width: 480px) 480px, (min-width: 481px) and (max-width: 980px) 980px, (min-width: 981px) and (max-width: 1280px) 1280px, (min-width: 1281px) 2560px, 100vw\" \/><\/figure>\n\n\n<p>Landrat Hans-J\u00fcrgen Petrauschke (r.), Architektin Anna-Elisa Sch\u00f6nauer von der Geb\u00e4udewirtschaft und Baudezernent Harald Vieten vor dem Grevenbroicher Kreishaus, auf dessen D\u00e4chern zwei neue Photovoltaikanlagen mit \u00fcber 1.000 Solarmodulen entstehen. | Foto:<strong> <\/strong>S. B\u00fcntig\/ Rhein-Kreis Neuss<\/p>\n","protected":false},"excerpt":{"rendered":"<p>Rhein-Kreis Neuss\/ Grevenbroich. Der Rhein-Kreis Neuss investiert weiter kr\u00e4ftig in sein Solar-Ausbauprogramm auf seinen Geb\u00e4uden. Gleich zwei neue Photovoltaikanlagen f\u00fcr insgesamt rund 490.000 Euro entstehen am Verwaltungsstandort Grevenbroich. Auf dem Dach des Altbaus an der Lindenstra\u00dfe wird bis M\u00e4rz eine Photovoltaikanlage mit einer Leistung von 63,5 Kilowatt-Peak (kWp) errichtet. Derzeit laufen die Ger\u00fcstaufbauten f\u00fcr die [&hellip;]<\/p>\n","protected":false},"author":3,"featured_media":5444,"comment_status":"closed","ping_status":"closed","sticky":false,"template":"","format":"standard","meta":{"_et_pb_use_builder":"","_et_pb_old_content":"","_et_gb_content_width":"","footnotes":""},"categories":[1],"tags":[],"class_list":["post-5443","post","type-post","status-publish","format-standard","has-post-thumbnail","hentry","category-allgemein"],"_links":{"self":[{"href":"https:\/\/standort-niederrhein.de\/en\/wp-json\/wp\/v2\/posts\/5443","targetHints":{"allow":["GET"]}}],"collection":[{"href":"https:\/\/standort-niederrhein.de\/en\/wp-json\/wp\/v2\/posts"}],"about":[{"href":"https:\/\/standort-niederrhein.de\/en\/wp-json\/wp\/v2\/types\/post"}],"author":[{"embeddable":true,"href":"https:\/\/standort-niederrhein.de\/en\/wp-json\/wp\/v2\/users\/3"}],"replies":[{"embeddable":true,"href":"https:\/\/standort-niederrhein.de\/en\/wp-json\/wp\/v2\/comments?post=5443"}],"version-history":[{"count":1,"href":"https:\/\/standort-niederrhein.de\/en\/wp-json\/wp\/v2\/posts\/5443\/revisions"}],"predecessor-version":[{"id":5445,"href":"https:\/\/standort-niederrhein.de\/en\/wp-json\/wp\/v2\/posts\/5443\/revisions\/5445"}],"wp:featuredmedia":[{"embeddable":true,"href":"https:\/\/standort-niederrhein.de\/en\/wp-json\/wp\/v2\/media\/5444"}],"wp:attachment":[{"href":"https:\/\/standort-niederrhein.de\/en\/wp-json\/wp\/v2\/media?parent=5443"}],"wp:term":[{"taxonomy":"category","embeddable":true,"href":"https:\/\/standort-niederrhein.de\/en\/wp-json\/wp\/v2\/categories?post=5443"},{"taxonomy":"post_tag","embeddable":true,"href":"https:\/\/standort-niederrhein.de\/en\/wp-json\/wp\/v2\/tags?post=5443"}],"curies":[{"name":"wp","href":"https:\/\/api.w.org\/{rel}","templated":true}]}}