{"id":5436,"date":"2025-01-24T06:00:00","date_gmt":"2025-01-24T05:00:00","guid":{"rendered":"https:\/\/invest-in-niederrhein.de\/?p=5436"},"modified":"2025-01-30T12:34:50","modified_gmt":"2025-01-30T11:34:50","slug":"buergermeister-der-euregio-grossstaedte-nachhaltige-quartiersentwicklung","status":"publish","type":"post","link":"https:\/\/standort-niederrhein.de\/en\/2025\/01\/24\/buergermeister-der-euregio-grossstaedte-nachhaltige-quartiersentwicklung\/","title":{"rendered":"B\u00fcrgermeister der Euregio-Gro\u00dfst\u00e4dte: Nachhaltige Quartiersentwicklung"},"content":{"rendered":"\n<p><strong>Moers.<\/strong> Sich innerhalb der Euregio-Rhein-Waal austauschen und erfolgreich zusammenarbeiten \u2013 dieses Ziel stand erneut im Mittelpunkt, als sich die B\u00fcrgermeister der sieben Euregio-Gro\u00dfst\u00e4dte Nijmegen, Apeldoorn, Arnhem, Ede, D\u00fcsseldorf, Duisburg und Moers in den R\u00e4umlichkeiten des Eurotec-Looop in Moers trafen.\u00a0<\/p>\n\n\n\n<p>Im Fokus der diesj\u00e4hrigen Gespr\u00e4che stand ein neues Projekt zur nachhaltigen Quartiersentwicklung auf der Agenda. Die Stadtoberh\u00e4upter er\u00f6rterten, wie sie das Gelingen einer klimaneutralen und resilienten Gestaltung von Stadtteilen und Stadtquartieren bestm\u00f6glich gemeinsam vorantreiben k\u00f6nnen. Vor dem Hintergrund des Pariser Klimaschutzabkommens, die das Ziel hat, die Durchschnittstemperatur nicht st\u00e4rker als 1,5 Grad steigen zu lassen, sollen kooperativ die jeweiligen kreativen Ideen und Ans\u00e4tze aller Partner auf der Stadtquartiersebene betrachtet werden.<\/p>\n\n\n\n<p>Das zu diesem Zweck ins Leben gerufene Projekt 100.000 plus.zero stellt einen weiteren wichtigen Baustein in der erfolgreichen, grenz\u00fcberschreitenden Zusammenarbeit der Euregio-Gro\u00dfst\u00e4dte dar. Gemeinsam mit den sechs Partnern warb die Stadt Ede als Leadpartner F\u00f6rdermittel in H\u00f6he von rund 50.000 Euro aus dem INTERREG-Programm ein. In der Folge werden L\u00f6sungsans\u00e4tze f\u00fcr eine nachhaltige Quartiersentwicklung ausgelotet und erarbeitet, von denen die beteiligten Gro\u00dfst\u00e4dte profitieren \u2013 und die auch kleineren St\u00e4dten der Region als Vorbild dienen k\u00f6nnen.&nbsp;<\/p>\n\n\n\n<p>Die besondere Bedeutung dieses Projektes konnte beim Treffen von den beteiligten B\u00fcrgermeistern als nicht hoch genug hervorgehoben werden. So betont auch B\u00fcrgermeister Christoph Fleischhauer, dass es f\u00fcr diese Mammutaufgabe keine Musterl\u00f6sungen oder Blaupausen gibt. Gleichwohl bietet der jetzige Ansatz einen hohen grenz\u00fcberschreitenden Mehrwert. \u201eObwohl jede Stadt sehr individuell auf die Herausforderungen reagieren muss, gibt es dennoch viele Strategien und Projekte, die eine Vorbildfunktion haben k\u00f6nnen und die so oder so \u00e4hnlich auch in anderen Kommunen Anwendung finden k\u00f6nnten.\u201c<\/p>\n\n\n\n<p>St\u00e4dte betreten bei der immer dringender werdenden Klimafolgenanpassung und der resilienten Stadtentwicklung oft Neuland. Und mehr noch: Die Folgen des Klimawandels stellen aktuell gerade auch f\u00fcr Kommunen \u201aper se\u2018 eine Herausforderung in h\u00f6chstem Ma\u00dfe dar \u2013 sind sie doch in vielen Bereichen die treibenden Kr\u00e4fte bei zentralen Transformationsaufgaben. Zu betrachten und zu bearbeiten ist die gesamte thematische Klaviatur an Klimafolgenanpassungen von der Verkehrs-, Energie- und Bau- bis hin zur Boden- und Agrarwende.&nbsp;<\/p>\n\n\n\n<p>Quelle: <a href=\"https:\/\/www.moers.de\/rathaus-politik\/aktuelles\/presse\/buergermeister-der-euregio-grossstaedte-nachhaltige\">Stadt Moers<\/a><\/p>\n\n\n<figure class=\"wp-block-post-featured-image\"><img loading=\"lazy\" decoding=\"async\" width=\"2560\" height=\"1719\" src=\"https:\/\/standort-niederrhein.de\/wp-content\/uploads\/2025\/01\/EuregioTreffen-scaled.jpg\" class=\"attachment-post-thumbnail size-post-thumbnail wp-post-image\" alt=\"\" style=\"object-fit:cover;\" srcset=\"https:\/\/standort-niederrhein.de\/wp-content\/uploads\/2025\/01\/EuregioTreffen-scaled.jpg 2560w, https:\/\/standort-niederrhein.de\/wp-content\/uploads\/2025\/01\/EuregioTreffen-1280x860.jpg 1280w, https:\/\/standort-niederrhein.de\/wp-content\/uploads\/2025\/01\/EuregioTreffen-980x658.jpg 980w, https:\/\/standort-niederrhein.de\/wp-content\/uploads\/2025\/01\/EuregioTreffen-480x322.jpg 480w\" sizes=\"(min-width: 0px) and (max-width: 480px) 480px, (min-width: 481px) and (max-width: 980px) 980px, (min-width: 981px) and (max-width: 1280px) 1280px, (min-width: 1281px) 2560px, 100vw\" \/><\/figure>\n\n\n<p>Auf der Jahrestagung der sieben Euregio-Gro\u00dfst\u00e4dte in Moers trafen sich Karsten T\u00fcckmantel (D\u00fcsseldorf), Andreas Kochs (Euregio Rhein-Waal), Ahmed Marcouch (Arnheim), Christoph Fleischhauer (Moers), Peter Messerschmidt (Apeldoorn), Martin Murrack (Duisburg), Helmut Hardt (StadtUmBau GmbH), Hubert Bruls (Nijmegen) und Ren\u00e9 Verhulst (Ede) (v.l.). | Foto: pst<\/p>\n","protected":false},"excerpt":{"rendered":"<p>Moers. Sich innerhalb der Euregio-Rhein-Waal austauschen und erfolgreich zusammenarbeiten \u2013 dieses Ziel stand erneut im Mittelpunkt, als sich die B\u00fcrgermeister der sieben Euregio-Gro\u00dfst\u00e4dte Nijmegen, Apeldoorn, Arnhem, Ede, D\u00fcsseldorf, Duisburg und Moers in den R\u00e4umlichkeiten des Eurotec-Looop in Moers trafen.\u00a0 Im Fokus der diesj\u00e4hrigen Gespr\u00e4che stand ein neues Projekt zur nachhaltigen Quartiersentwicklung auf der Agenda. Die [&hellip;]<\/p>\n","protected":false},"author":3,"featured_media":5437,"comment_status":"closed","ping_status":"closed","sticky":false,"template":"","format":"standard","meta":{"_et_pb_use_builder":"","_et_pb_old_content":"","_et_gb_content_width":"","footnotes":""},"categories":[1],"tags":[],"class_list":["post-5436","post","type-post","status-publish","format-standard","has-post-thumbnail","hentry","category-allgemein"],"_links":{"self":[{"href":"https:\/\/standort-niederrhein.de\/en\/wp-json\/wp\/v2\/posts\/5436","targetHints":{"allow":["GET"]}}],"collection":[{"href":"https:\/\/standort-niederrhein.de\/en\/wp-json\/wp\/v2\/posts"}],"about":[{"href":"https:\/\/standort-niederrhein.de\/en\/wp-json\/wp\/v2\/types\/post"}],"author":[{"embeddable":true,"href":"https:\/\/standort-niederrhein.de\/en\/wp-json\/wp\/v2\/users\/3"}],"replies":[{"embeddable":true,"href":"https:\/\/standort-niederrhein.de\/en\/wp-json\/wp\/v2\/comments?post=5436"}],"version-history":[{"count":2,"href":"https:\/\/standort-niederrhein.de\/en\/wp-json\/wp\/v2\/posts\/5436\/revisions"}],"predecessor-version":[{"id":5491,"href":"https:\/\/standort-niederrhein.de\/en\/wp-json\/wp\/v2\/posts\/5436\/revisions\/5491"}],"wp:featuredmedia":[{"embeddable":true,"href":"https:\/\/standort-niederrhein.de\/en\/wp-json\/wp\/v2\/media\/5437"}],"wp:attachment":[{"href":"https:\/\/standort-niederrhein.de\/en\/wp-json\/wp\/v2\/media?parent=5436"}],"wp:term":[{"taxonomy":"category","embeddable":true,"href":"https:\/\/standort-niederrhein.de\/en\/wp-json\/wp\/v2\/categories?post=5436"},{"taxonomy":"post_tag","embeddable":true,"href":"https:\/\/standort-niederrhein.de\/en\/wp-json\/wp\/v2\/tags?post=5436"}],"curies":[{"name":"wp","href":"https:\/\/api.w.org\/{rel}","templated":true}]}}