{"id":5430,"date":"2025-01-25T06:00:00","date_gmt":"2025-01-25T05:00:00","guid":{"rendered":"https:\/\/invest-in-niederrhein.de\/?p=5430"},"modified":"2025-01-20T13:30:56","modified_gmt":"2025-01-20T12:30:56","slug":"ein-offenes-ohr-fuer-die-anliegen-der-mitarbeitenden","status":"publish","type":"post","link":"https:\/\/standort-niederrhein.de\/en\/2025\/01\/25\/ein-offenes-ohr-fuer-die-anliegen-der-mitarbeitenden\/","title":{"rendered":"Ein offenes Ohr f\u00fcr die Anliegen der Mitarbeitenden"},"content":{"rendered":"\n<p><strong>Kreis Kleve.<\/strong> Zahlreiche Unternehmerinnen und Unternehmer nutzten in Issum die M\u00f6glichkeit, sich zum Thema Personalrekrutierung informieren und inspirieren zu lassen. In Kooperation mit den Gemeinden Issum und Rheurdt hatte die Kreis-WfG in den B\u00fcrgersaal Issum eingeladen. Das Unternehmerfr\u00fchst\u00fcck stand unter dem Motto: \u201eFachkr\u00e4ftemangel: Herausforderungen und zukunftsweisende L\u00f6sungsans\u00e4tze\u201c. <\/p>\n\n\n\n<p>Er\u00f6ffnet wurde das Unternehmerfr\u00fchst\u00fcck durch Alexander Alberts, allgemeiner Vertreter des B\u00fcrgermeisters der Gemeinde Issum, der den G\u00e4sten aktuelle lokale Themen vorstellte. Trotz angespannter Haushaltslage, so Alberts, investiere die Gemeinde kr\u00e4ftig, vor allem in Infrastruktur und Bildung, um attraktiv f\u00fcr B\u00fcrger und Neuansiedlungen zu bleiben &#8211; bis zum Jahr 2028 insgesamt rund 60,6 Millionen Euro. Dirk Ketelaers, B\u00fcrgermeister der Nachbargemeinde Rheurdt, \u00e4u\u00dferte seine Freude dar\u00fcber, dass die Gemeinde in den kommenden Jahren das Gewerbegebiet im Ortsteil Schaephuysen erweitern wird. Zudem, so Ketelaers, \u201eentstehen in Rheurdt und Schaphuysen kleine, aber feine Baugebiete\u201c. Erfolgreich sei der erste 24-Stunden-Smartstore in Schaephuysen angelaufen, der im Herbst 2024 er\u00f6ffnet hatte.<\/p>\n\n\n\n<p>Anschlie\u00dfend stellte Gesch\u00e4ftsf\u00fchrerin Brigitte Jansen den G\u00e4sten die vielf\u00e4ltigen Aktivit\u00e4ten der Kreis-Wirtschaftsf\u00f6rderung vor und lud sie ein, den Kontakt dorthin zu suchen, wenn Bedarf an Beratung, Unterst\u00fctzung und Information besteht oder der Kontakt zur Hochschule Rhein-Waal gesucht wird. Au\u00dferdem warb Jansen f\u00fcr die Teilnahme an der n\u00e4chsten \u00d6KOPROFIT\u00ae-Runde &#8211; ein Projekt, das Unternehmen im Kreis Kleve dabei unterst\u00fctzt, ihre Umweltbilanz zu verbessern und dadurch Kosten einzusparen.<\/p>\n\n\n\n<p>Barbara Ossyra, Vorsitzende der Gesch\u00e4ftsf\u00fchrung der Agentur f\u00fcr Arbeit Wesel, und Andrea Schwan, Fachbereichsleiterin Jugend, Soziales und Jobcenter des Kreises Kleve, pr\u00e4sentierten ihre jeweiligen Beratungs- und Unterst\u00fctzungsangebote. &nbsp;Weiter ging es mit einem Vortrag unter dem Titel \u201eJobturbo \u2013 F\u00f6rderung beruflicher Weiterentwicklung -Fachkr\u00e4fteeinwanderungsgesetz &#8211; Die Bundesagentur f\u00fcr Arbeit und das Jobcenter stellen sich vor\u201c. &nbsp;Sascha Bongertmann sowie Nils Heuer von der Agentur f\u00fcr Arbeit und Max J\u00fcrgens vom Jobcenter Kreis Kleve zeigten den Unternehmerinnen und Unternehmern hilfreiche F\u00f6rderm\u00f6glichkeiten auf.<\/p>\n\n\n\n<p>In einer Gespr\u00e4chsrunde, moderiert durch Andrea Franken, ging es abschlie\u00dfend um Erfolg bringende Ma\u00dfnahmen beim Recruiting. Die Voortmann Steuerungstechnik GmbH aus Issum ist ein Spezialist f\u00fcr Pneumatik, Drucklufttechnik, Hydraulik und Verladetechnik und z\u00e4hlt mehr als 200 Mitarbeitende. Der gesch\u00e4ftsf\u00fchrende Gesellschafter Christian Loy erl\u00e4uterte den G\u00e4sten, dass sein Unternehmen verschiedenste Wege und Kan\u00e4le nutze, um neue Mitarbeiter zu gewinnen. Dazu z\u00e4hlen das Videoportal TikTok, aber auch Ausbildungsmessen, Kooperation mit Schulen und Mitarbeitende-werben-Mitarbeitende-Programme. Eva-Maria Wolf, HR-Managerin bei der Ophardt Hygiene-Technik GmbH mit rund 130 Mitarbeitenden in Issum, setzt unter anderem auf flexible Arbeitsangebote wie Homeoffice und Teilzeit. \u201eEin moderner Arbeitsplatz mit einer guten technischen Ausstattung ist ebenso wichtig wie eine famili\u00e4re Arbeitsatmosph\u00e4re\u201c, betonte Wolf. Auch die Gemeine Rheurdt mit rund 50 Mitarbeitenden bietet Arbeiten im Homeoffice an. B\u00fcrgermeister Ketelaers betonte: \u201eMeine T\u00fcr steht immer offen, wir sind offen f\u00fcr Anregungen.\u201c F\u00fcr Alexander Alberts und die Gemeinde Issum ist es wichtig, den Mitarbeitenden, neben flexiblen Arbeitszeiten, auch Fortbildungsm\u00f6glichkeiten und Perspektiven zu bieten. <\/p>\n\n\n\n<p>Quelle: <a href=\"http:\/\/www.wfg-kreis-kleve.de\">WFG Kreis Kleve<\/a><\/p>\n\n\n<figure class=\"wp-block-post-featured-image\"><img loading=\"lazy\" decoding=\"async\" width=\"2560\" height=\"1626\" src=\"https:\/\/standort-niederrhein.de\/wp-content\/uploads\/2025\/01\/MVO_6736fff-scaled.jpg\" class=\"attachment-post-thumbnail size-post-thumbnail wp-post-image\" alt=\"\" style=\"object-fit:cover;\" srcset=\"https:\/\/standort-niederrhein.de\/wp-content\/uploads\/2025\/01\/MVO_6736fff-scaled.jpg 2560w, https:\/\/standort-niederrhein.de\/wp-content\/uploads\/2025\/01\/MVO_6736fff-1280x813.jpg 1280w, https:\/\/standort-niederrhein.de\/wp-content\/uploads\/2025\/01\/MVO_6736fff-980x622.jpg 980w, https:\/\/standort-niederrhein.de\/wp-content\/uploads\/2025\/01\/MVO_6736fff-480x305.jpg 480w\" sizes=\"(min-width: 0px) and (max-width: 480px) 480px, (min-width: 481px) and (max-width: 980px) 980px, (min-width: 981px) and (max-width: 1280px) 1280px, (min-width: 1281px) 2560px, 100vw\" \/><\/figure>\n\n\n<p>Die Protagonisten des Unternehmerfr\u00fchst\u00fccks in Issum (von links): Christian Loy (Voortmann Steuerungstechnik GmbH), Sascha Bongertmann (Bundesagentur f\u00fcr Arbeit), Eva-Maria Wolf (Ophardt Hygiene-Technik GmbH), Andrea Franken (Moderatorin), Andrea Schwan (Kreis Kleve, Fachbereich Jugend, Soziales und Jobcenter), \u00a0\u00a0Dirk Ketelaers (B\u00fcrgermeister Rheurdt),\u00a0 Brigitte Jansen (Kreis-Wirtschaftsf\u00f6rderin), Marc Cattelaens (WFG Kreis Kleve), Alexander Alberts (allgemeiner Vertreter des B\u00fcrgermeisters der Gemeinde Issum), Max J\u00fcrgens (Jobcenter Kreis Kleve), Barbara Ossyra\u00a0 (Gesch\u00e4ftsf\u00fchrerin Agentur f\u00fcr Arbeit Wesel) und Nils Heuer (Bundesagentur f\u00fcr Arbeit). | Foto: WFG Kreis Kleve<\/p>\n","protected":false},"excerpt":{"rendered":"<p>Kreis Kleve. Zahlreiche Unternehmerinnen und Unternehmer nutzten in Issum die M\u00f6glichkeit, sich zum Thema Personalrekrutierung informieren und inspirieren zu lassen. In Kooperation mit den Gemeinden Issum und Rheurdt hatte die Kreis-WfG in den B\u00fcrgersaal Issum eingeladen. Das Unternehmerfr\u00fchst\u00fcck stand unter dem Motto: \u201eFachkr\u00e4ftemangel: Herausforderungen und zukunftsweisende L\u00f6sungsans\u00e4tze\u201c. Er\u00f6ffnet wurde das Unternehmerfr\u00fchst\u00fcck durch Alexander Alberts, allgemeiner [&hellip;]<\/p>\n","protected":false},"author":3,"featured_media":5431,"comment_status":"closed","ping_status":"closed","sticky":false,"template":"","format":"standard","meta":{"_et_pb_use_builder":"","_et_pb_old_content":"","_et_gb_content_width":"","footnotes":""},"categories":[1],"tags":[],"class_list":["post-5430","post","type-post","status-publish","format-standard","has-post-thumbnail","hentry","category-allgemein"],"_links":{"self":[{"href":"https:\/\/standort-niederrhein.de\/en\/wp-json\/wp\/v2\/posts\/5430","targetHints":{"allow":["GET"]}}],"collection":[{"href":"https:\/\/standort-niederrhein.de\/en\/wp-json\/wp\/v2\/posts"}],"about":[{"href":"https:\/\/standort-niederrhein.de\/en\/wp-json\/wp\/v2\/types\/post"}],"author":[{"embeddable":true,"href":"https:\/\/standort-niederrhein.de\/en\/wp-json\/wp\/v2\/users\/3"}],"replies":[{"embeddable":true,"href":"https:\/\/standort-niederrhein.de\/en\/wp-json\/wp\/v2\/comments?post=5430"}],"version-history":[{"count":1,"href":"https:\/\/standort-niederrhein.de\/en\/wp-json\/wp\/v2\/posts\/5430\/revisions"}],"predecessor-version":[{"id":5432,"href":"https:\/\/standort-niederrhein.de\/en\/wp-json\/wp\/v2\/posts\/5430\/revisions\/5432"}],"wp:featuredmedia":[{"embeddable":true,"href":"https:\/\/standort-niederrhein.de\/en\/wp-json\/wp\/v2\/media\/5431"}],"wp:attachment":[{"href":"https:\/\/standort-niederrhein.de\/en\/wp-json\/wp\/v2\/media?parent=5430"}],"wp:term":[{"taxonomy":"category","embeddable":true,"href":"https:\/\/standort-niederrhein.de\/en\/wp-json\/wp\/v2\/categories?post=5430"},{"taxonomy":"post_tag","embeddable":true,"href":"https:\/\/standort-niederrhein.de\/en\/wp-json\/wp\/v2\/tags?post=5430"}],"curies":[{"name":"wp","href":"https:\/\/api.w.org\/{rel}","templated":true}]}}