{"id":5405,"date":"2025-01-15T06:00:00","date_gmt":"2025-01-15T05:00:00","guid":{"rendered":"https:\/\/invest-in-niederrhein.de\/?p=5405"},"modified":"2025-01-15T13:48:13","modified_gmt":"2025-01-15T12:48:13","slug":"kreishaushalt-2025-eingebracht","status":"publish","type":"post","link":"https:\/\/standort-niederrhein.de\/en\/2025\/01\/15\/kreishaushalt-2025-eingebracht\/","title":{"rendered":"Kreishaushalt 2025 eingebracht"},"content":{"rendered":"\n<p><strong>Kreis Viersen. <\/strong>Der Haushaltsentwurf des Kreises Viersen f\u00fcr das Jahr 2025 hat Gesamtertr\u00e4ge von 516,0 Mio. Euro und Gesamtaufwendungen von 537,6 Mio. Euro. Das geht aus dem Entwurf hervor, den Landrat Dr. Andreas Coenen am 09.01.2025 in den Kreistag eingebracht hat.<\/p>\n\n\n\n<p>&#8220;Die aktuellen Zahlen aus der Wirtschaft und auch die Prognosen sind schlecht. Dabei spitzt sich die finanzielle Lage fast aller Kreise, St\u00e4dte und Gemeinden in diesem Jahr weiter zu&#8221;, sagt Landrat Dr. Andreas Coenen. &#8220;Wir sehen uns mit h\u00f6heren Kosten konfrontiert, planen jedoch nur eine ma\u00dfvolle Erh\u00f6hung der Kreisumlage und nutzen alle Instrumente, die uns zur Verf\u00fcgung stehen, um den Haushalt auszugleichen.&#8221;<\/p>\n\n\n\n<p>Unter Ber\u00fccksichtigung eines globalen Minderaufwands von 5,3 Mio. Euro weist der Haushalt damit einen Fehlbedarf von 16,2 Mio. Euro aus. Dieser wird durch die Inanspruchnahme der Ausgleichsr\u00fccklage in gleicher H\u00f6he gedeckt und gilt damit als fiktiv ausgeglichen. Der Hebesatz der Kreisumlage wird um 1,3 Prozentpunkte auf dann 36,5 Prozent erh\u00f6ht.<\/p>\n\n\n\n<p>Nach der Einbringung des Haushaltsentwurfes beginnen nun die Beratungen in den Fachaussch\u00fcssen. Am 20.03.2025 ist die Beratung im Kreisausschuss und am 27.03.2025 die Verabschiedung des Haushalts im Kreistag vorgesehen.<\/p>\n\n\n\n<p>Quelle: <a href=\"http:\/\/www.kreis-viersen.de\">Kreis Viersen<\/a><\/p>\n","protected":false},"excerpt":{"rendered":"<p>Kreis Viersen. Der Haushaltsentwurf des Kreises Viersen f\u00fcr das Jahr 2025 hat Gesamtertr\u00e4ge von 516,0 Mio. Euro und Gesamtaufwendungen von 537,6 Mio. Euro. Das geht aus dem Entwurf hervor, den Landrat Dr. Andreas Coenen am 09.01.2025 in den Kreistag eingebracht hat. &#8220;Die aktuellen Zahlen aus der Wirtschaft und auch die Prognosen sind schlecht. Dabei spitzt [&hellip;]<\/p>\n","protected":false},"author":3,"featured_media":0,"comment_status":"closed","ping_status":"closed","sticky":false,"template":"","format":"standard","meta":{"_et_pb_use_builder":"","_et_pb_old_content":"","_et_gb_content_width":"","footnotes":""},"categories":[1],"tags":[],"class_list":["post-5405","post","type-post","status-publish","format-standard","hentry","category-allgemein"],"_links":{"self":[{"href":"https:\/\/standort-niederrhein.de\/en\/wp-json\/wp\/v2\/posts\/5405","targetHints":{"allow":["GET"]}}],"collection":[{"href":"https:\/\/standort-niederrhein.de\/en\/wp-json\/wp\/v2\/posts"}],"about":[{"href":"https:\/\/standort-niederrhein.de\/en\/wp-json\/wp\/v2\/types\/post"}],"author":[{"embeddable":true,"href":"https:\/\/standort-niederrhein.de\/en\/wp-json\/wp\/v2\/users\/3"}],"replies":[{"embeddable":true,"href":"https:\/\/standort-niederrhein.de\/en\/wp-json\/wp\/v2\/comments?post=5405"}],"version-history":[{"count":1,"href":"https:\/\/standort-niederrhein.de\/en\/wp-json\/wp\/v2\/posts\/5405\/revisions"}],"predecessor-version":[{"id":5406,"href":"https:\/\/standort-niederrhein.de\/en\/wp-json\/wp\/v2\/posts\/5405\/revisions\/5406"}],"wp:attachment":[{"href":"https:\/\/standort-niederrhein.de\/en\/wp-json\/wp\/v2\/media?parent=5405"}],"wp:term":[{"taxonomy":"category","embeddable":true,"href":"https:\/\/standort-niederrhein.de\/en\/wp-json\/wp\/v2\/categories?post=5405"},{"taxonomy":"post_tag","embeddable":true,"href":"https:\/\/standort-niederrhein.de\/en\/wp-json\/wp\/v2\/tags?post=5405"}],"curies":[{"name":"wp","href":"https:\/\/api.w.org\/{rel}","templated":true}]}}