{"id":5399,"date":"2025-01-12T06:00:00","date_gmt":"2025-01-12T05:00:00","guid":{"rendered":"https:\/\/invest-in-niederrhein.de\/?p=5399"},"modified":"2025-01-10T08:10:27","modified_gmt":"2025-01-10T07:10:27","slug":"kreis-wesel-ist-neues-mitglied-der-agfs-nrw","status":"publish","type":"post","link":"https:\/\/standort-niederrhein.de\/en\/2025\/01\/12\/kreis-wesel-ist-neues-mitglied-der-agfs-nrw\/","title":{"rendered":"Kreis Wesel ist neues Mitglied der AGFS NRW"},"content":{"rendered":"\n<p>Kreis Wesel. Der Kreis Wesel ist das 112. Mitglied der Arbeitsgemeinschaft fu\u00dfg\u00e4nger- und fahrradfreundlicher St\u00e4dte, Gemeinden und Kreise in Nordrhein-Westfalen e. V. (AGFS NRW). Landrat Ingo Brohl erhielt am 9.&nbsp;Januar&nbsp;2025 die Mitgliedsurkunde von Oliver Krischer, Minister f\u00fcr Umwelt, Naturschutz und Verkehr, und Christine Fuchs, Vorstand der AGFS NRW.<\/p>\n\n\n\n<p>\u201eDer Rad- und Fu\u00dfverkehr sind tragende S\u00e4ulen f\u00fcr eine nachhaltige Mobilit\u00e4t. Die Landesregierung setzt sich deshalb konsequent f\u00fcr ihren Erhalt und Ausbau ein. Der Austausch zwischen engagierten Kommunen ist ein wichtiger Baustein, um die Nahmobilit\u00e4t weiter zu st\u00e4rken. Der Kreis Wesel ist in vielen Bereichen aktiv und unterst\u00fctzt seine Kommunen vorbildlich bei der Fu\u00df- und Radverkehrsf\u00f6rderung. Zuk\u00fcnftig wird er von der AGFS&nbsp;NRW und deren vielf\u00e4ltigen Erfahrungen profitieren, um das vorhandene Potenzial zu heben,&#8221; sagte Umwelt- und Verkehrsminister Oliver Krischer bei der offiziellen Aufnahme des Kreises.<\/p>\n\n\n\n<p><strong>Vorbildliche Wegeweisung und fahrradfreundlicher Arbeitgeber<\/strong><br>Eine Auswahlkommission unter Federf\u00fchrung des Landes NRW \u00fcberzeugte sich im Oktober 2024 von den Ma\u00dfnahmen und Aktivit\u00e4ten vor Ort und empfahl schlie\u00dflich dem Minister, den Kreis als fu\u00dfg\u00e4nger- und fahrradfreundlich auszuzeichnen. Neben der guten Vernetzung der unterschiedlichen Fachbereiche, die f\u00fcr Mobilit\u00e4t zust\u00e4ndig sind, und einem engagierten Team stach bei der Bereisung die vorbildliche Wegweisung f\u00fcr den Radverkehr hervor: 570 km Radwege sind bereits mit dem Knotenpunktsystem ausgeschildert &#8211; im n\u00e4chsten Jahr sollen es 800 km werden.\u00a0<\/p>\n\n\n\n<p>Auch Christine Fuchs, Vorstand der AGFS NRW \u00e4u\u00dferte sich positiv: \u201eDie Verwaltung hat glaubhaft dargestellt, dass der Fu\u00df- und Radverkehr im Kreis Wesel eine hohe Priorit\u00e4t haben. Das Engagement f\u00e4ngt bei der Unterst\u00fctzung der Kommunen an und geht mit der Aktivierung der Mitarbeitenden weiter, wie die Auszeichnung als fahrradfreundlicher Arbeitgeber zeigt. Wir freuen uns auf die Zusammenarbeit und den Austausch mit unserem neuesten Mitglied.\u201c<\/p>\n\n\n\n<p><strong>Mitglieder profitieren von zahlreichen Angeboten<\/strong><br>\u201eDer Kreis Wesel setzt sich schon lange konsequent f\u00fcr guten Fu\u00df- und Radverkehr ein, denn gerade hier am Niederrhein gibt es zahlreiche M\u00f6glichkeiten, einen ausgewogenen Mobilit\u00e4tsmix zu etablieren. Die Aufnahme in die AGFS NRW ist f\u00fcr uns der n\u00e4chste logische Schritt und wir sind sehr zufrieden, dass unser Engagement mit der Auszeichnung als fu\u00dfg\u00e4nger- und fahrradfreundlichen Kreis gew\u00fcrdigt wird. Besonders freuen wir uns auf den Austausch mit den anderen Mitgliedern der Arbeitsgemeinschaft und auf neue Anregungen f\u00fcr unsere kontinuierliche Arbeit an einem ausgewogenen modernen Mobilit\u00e4tsmix,\u201c so Landrat Ingo Brohl.<\/p>\n\n\n\n<p>Mitglieder der AGFS NRW k\u00f6nnen beispielsweise auf besondere F\u00f6rdermittel des Landes zugreifen, verschiedene Brosch\u00fcren sowie Aktionsmaterialien nutzen oder an Facharbeitskreisen und Workshops teilnehmen. Auch der Austausch und die gute Vernetzung mit anderen AGFS-Mitgliedern sind ein wesentlicher Gewinn. Angelegt ist die Mitgliedschaft f\u00fcr einen Zeitraum von sieben Jahren, danach wird eine Neubewertung vorgenommen.<\/p>\n\n\n\n<p><strong>Die AGFS NRW<\/strong><br>Die Arbeitsgemeinschaft fu\u00dfg\u00e4nger- und fahrradfreundlicher St\u00e4dte, Gemeinden und Kreise in Nordrhein-Westfalen e.V. (AGFS NRW) setzt sich seit 1993 f\u00fcr die F\u00f6rderung aktiver Mobilit\u00e4t ein. Die Basis daf\u00fcr bildet eine sichere, durchg\u00e4ngige und komfortable Infrastruktur f\u00fcr den Fu\u00df- und Radverkehr. Bei deren Umsetzung unterst\u00fctzt der kommunale Verein seine Mitglieder mit Fachinformationen, Beratungsangeboten, Kampagnen sowie Aktionen und bietet ihnen die M\u00f6glichkeit zum Erfahrungsaustausch. Als Sprachrohr vertritt die AGFS NRW die Interessen ihrer Mitglieder gegen\u00fcber der Landes- und Bundespolitik und steht zudem im intensiven Austausch mit Akteurinnen und Akteuren der Wirtschaft, der Wissenschaft und anderer Verb\u00e4nde.<\/p>\n\n\n\n<p>Quelle: <a href=\"https:\/\/www.kreis-wesel.de\/aktuelles\/presse\/kreis-wesel-ist-neues-mitglied-der-agfs-nrw-gutes-teamwork-und-unterstuetzung-der\">Kreis Wesel<\/a><\/p>\n\n\n<figure class=\"wp-block-post-featured-image\"><img loading=\"lazy\" decoding=\"async\" width=\"2560\" height=\"1526\" src=\"https:\/\/standort-niederrhein.de\/wp-content\/uploads\/2025\/01\/p01301_agfs-scaled.jpg\" class=\"attachment-post-thumbnail size-post-thumbnail wp-post-image\" alt=\"\" style=\"object-fit:cover;\" srcset=\"https:\/\/standort-niederrhein.de\/wp-content\/uploads\/2025\/01\/p01301_agfs-scaled.jpg 2560w, https:\/\/standort-niederrhein.de\/wp-content\/uploads\/2025\/01\/p01301_agfs-1280x763.jpg 1280w, https:\/\/standort-niederrhein.de\/wp-content\/uploads\/2025\/01\/p01301_agfs-980x584.jpg 980w, https:\/\/standort-niederrhein.de\/wp-content\/uploads\/2025\/01\/p01301_agfs-480x286.jpg 480w\" sizes=\"(min-width: 0px) and (max-width: 480px) 480px, (min-width: 481px) and (max-width: 980px) 980px, (min-width: 981px) and (max-width: 1280px) 1280px, (min-width: 1281px) 2560px, 100vw\" \/><\/figure>\n\n\n<p>Minister Oliver Krischer und Christine Fuchs vom AGFS unterzeichneten gemeinsam mit Landrat Ingo Brohl die Urkunde zur Aufnahme des Kreises Wesel in die AGFS NRW. | Foto: Kreis Wesel<\/p>\n","protected":false},"excerpt":{"rendered":"<p>Kreis Wesel. Der Kreis Wesel ist das 112. Mitglied der Arbeitsgemeinschaft fu\u00dfg\u00e4nger- und fahrradfreundlicher St\u00e4dte, Gemeinden und Kreise in Nordrhein-Westfalen e. V. (AGFS NRW). Landrat Ingo Brohl erhielt am 9.&nbsp;Januar&nbsp;2025 die Mitgliedsurkunde von Oliver Krischer, Minister f\u00fcr Umwelt, Naturschutz und Verkehr, und Christine Fuchs, Vorstand der AGFS NRW. \u201eDer Rad- und Fu\u00dfverkehr sind tragende S\u00e4ulen [&hellip;]<\/p>\n","protected":false},"author":3,"featured_media":5400,"comment_status":"closed","ping_status":"closed","sticky":false,"template":"","format":"standard","meta":{"_et_pb_use_builder":"","_et_pb_old_content":"","_et_gb_content_width":"","footnotes":""},"categories":[1],"tags":[],"class_list":["post-5399","post","type-post","status-publish","format-standard","has-post-thumbnail","hentry","category-allgemein"],"_links":{"self":[{"href":"https:\/\/standort-niederrhein.de\/en\/wp-json\/wp\/v2\/posts\/5399","targetHints":{"allow":["GET"]}}],"collection":[{"href":"https:\/\/standort-niederrhein.de\/en\/wp-json\/wp\/v2\/posts"}],"about":[{"href":"https:\/\/standort-niederrhein.de\/en\/wp-json\/wp\/v2\/types\/post"}],"author":[{"embeddable":true,"href":"https:\/\/standort-niederrhein.de\/en\/wp-json\/wp\/v2\/users\/3"}],"replies":[{"embeddable":true,"href":"https:\/\/standort-niederrhein.de\/en\/wp-json\/wp\/v2\/comments?post=5399"}],"version-history":[{"count":1,"href":"https:\/\/standort-niederrhein.de\/en\/wp-json\/wp\/v2\/posts\/5399\/revisions"}],"predecessor-version":[{"id":5401,"href":"https:\/\/standort-niederrhein.de\/en\/wp-json\/wp\/v2\/posts\/5399\/revisions\/5401"}],"wp:featuredmedia":[{"embeddable":true,"href":"https:\/\/standort-niederrhein.de\/en\/wp-json\/wp\/v2\/media\/5400"}],"wp:attachment":[{"href":"https:\/\/standort-niederrhein.de\/en\/wp-json\/wp\/v2\/media?parent=5399"}],"wp:term":[{"taxonomy":"category","embeddable":true,"href":"https:\/\/standort-niederrhein.de\/en\/wp-json\/wp\/v2\/categories?post=5399"},{"taxonomy":"post_tag","embeddable":true,"href":"https:\/\/standort-niederrhein.de\/en\/wp-json\/wp\/v2\/tags?post=5399"}],"curies":[{"name":"wp","href":"https:\/\/api.w.org\/{rel}","templated":true}]}}