{"id":5391,"date":"2025-01-09T06:00:00","date_gmt":"2025-01-09T05:00:00","guid":{"rendered":"https:\/\/invest-in-niederrhein.de\/?p=5391"},"modified":"2025-01-09T11:40:48","modified_gmt":"2025-01-09T10:40:48","slug":"partnerregion-niederrhein-praesentiert-sich-auf-der-gruenen-woche-2025-in-berlin","status":"publish","type":"post","link":"https:\/\/standort-niederrhein.de\/en\/2025\/01\/09\/partnerregion-niederrhein-praesentiert-sich-auf-der-gruenen-woche-2025-in-berlin\/","title":{"rendered":"\u201ePartnerregion Niederrhein\u201c pr\u00e4sentiert sich auf der Gr\u00fcnen Woche 2025 in Berlin"},"content":{"rendered":"\n<p><strong>Kreis Wesel. <\/strong>Bereits zum zw\u00f6lften Mal wird sich der Niederrhein auf der Internationalen Gr\u00fcnen Woche in Berlin pr\u00e4sentieren. In diesem Jahr \u00fcbernimmt der Niederrhein erstmals die Rolle der Partnerregion in der NRW-L\u00e4nderhalle, die vom Ministerium f\u00fcr Landwirtschaft und Verbraucherschutz des Landes NRW organisiert wird.<\/p>\n\n\n\n<p>Neben Landrat Ingo Brohl, der traditionell zur Er\u00f6ffnung der Messe anwesend ist, reist diesmal eine gro\u00dfe Delegation von B\u00fcrgermeisterinnen und B\u00fcrgermeistern aus dem Kreis Wesel sowie den angrenzenden Kreisen nach Berlin. Auch Christoph Gerwers, Landrat des Kreises Kleve, wird vor Ort sein, um die Region zu repr\u00e4sentieren.<\/p>\n\n\n\n<p>Unter dem Motto \u201eMit Herz f\u00fcr den Niederrhein\u201c pr\u00e4sentieren die Akteure der LEADER-Regionen des Niederrheins sowie die Vereine \u201eGenussregion Niederrhein e.V.\u201c, \u201eAgrobusiness Niederrhein e.V.\u201c und der \u201eNiederrhein Tourismus GmbH\u201c die Region in einem gemeinsamen, zentralen Areal der NRW-L\u00e4nderhalle.<\/p>\n\n\n\n<p>Die Pr\u00e4sentation zeigt die facettenreiche Vielfalt des Niederrheins, die f\u00fcr genussvolle Produkte, zukunftsorientierte Landwirtschaft, nachhaltige und gesunde Ern\u00e4hrung sowie innovativen Ideenreichtum steht. Die Besucherinnen und Besucher k\u00f6nnen f\u00fcr den Niederrhein typische und qualitativ hochwertige Produkte probieren und die Region in all seiner Brandbreite kennenlernen. Neben der Land- und Ern\u00e4hrungswirtschaft pr\u00e4gt auch die hohe Lebensqualit\u00e4t den Niederrhein. Die Region bietet ein starkes Netzwerk aus Unternehmen, Forschungseinrichtungen und Verb\u00e4nden, die sich auf Nachhaltigkeit und Umweltbewusstsein konzentrieren.<\/p>\n\n\n\n<p>Landrat Ingo Brohl: \u201eF\u00fcr den l\u00e4ndlichen und landwirtschaftlich gepr\u00e4gten Niederrhein ist die Gr\u00fcne Woche in Berlin seit vielen Jahren ein fester Termin im Kalender. Dass der Niederrhein in diesem Jahr als NRW-Partnerregion besonders im Fokus steht, freut alle, die sich f\u00fcr unsere regionale Lebensmittelerzeugung einsetzen. Ich pers\u00f6nlich freue mich sehr dar\u00fcber, dass wir die gesamte Wertsch\u00f6pfungskette unserer heimischen Landwirtschaft und die vielf\u00e4ltigen Ern\u00e4hrungsprodukte pr\u00e4sentieren k\u00f6nnen. Zur niederrheinischen Genusswelt geh\u00f6rt auch die hohe Attraktivit\u00e4t f\u00fcr touristische Aufenthalte in unserer Region. Auch darauf werden wir in Berlin aufmerksam machen. Landwirtschaft und Qualit\u00e4tstourismus gehen am Niederrhein Hand in Hand und tragen entscheidend zur Zukunftsf\u00e4higkeit unserer Region bei.\u201c<\/p>\n\n\n\n<p>F\u00fcr die Landr\u00e4te, B\u00fcrgermeisterinnen und B\u00fcrgermeister vom Niederrhein ist die St\u00e4rkung des l\u00e4ndlichen Raums durch regionale Vernetzung ein zentrales Anliegen. Auf der 89. Ausgabe der Gr\u00fcnen Woche werden 300.000 G\u00e4ste erwartet. 1.400 Aussteller aus 60 L\u00e4ndern pr\u00e4sentieren die Themen Ern\u00e4hrungswirtschaft, Landwirtschaft und Gartenbau und richten sich sowohl an Fachbesucher als auch an das allgemeine Publikum.&nbsp;<\/p>\n\n\n\n<p>Die Organisation und Konzeption des Gr\u00fcne Woche Auftritts des Landes Nordrhein-Westfalen tr\u00e4gt das nordrhein-westf\u00e4lische Landesamt f\u00fcr Natur, Umwelt und Verbraucherschutz (LANUV) f\u00fcr das Landwirtschaftsministerium NRW.<\/p>\n\n\n\n<p>Quelle: <a href=\"https:\/\/www.kreis-wesel.de\/aktuelles\/presse\/partnerregion-niederrhein-praesentiert-sich-auf-der-gruenen-woche-2025-berlin\">Kreis Wesel<\/a><\/p>\n\n\n<figure class=\"wp-block-post-featured-image\"><img loading=\"lazy\" decoding=\"async\" width=\"2560\" height=\"1707\" src=\"https:\/\/standort-niederrhein.de\/wp-content\/uploads\/2025\/01\/p01101_gruene_woche_auftakt-scaled.jpg\" class=\"attachment-post-thumbnail size-post-thumbnail wp-post-image\" alt=\"\" style=\"object-fit:cover;\" srcset=\"https:\/\/standort-niederrhein.de\/wp-content\/uploads\/2025\/01\/p01101_gruene_woche_auftakt-scaled.jpg 2560w, https:\/\/standort-niederrhein.de\/wp-content\/uploads\/2025\/01\/p01101_gruene_woche_auftakt-1280x854.jpg 1280w, https:\/\/standort-niederrhein.de\/wp-content\/uploads\/2025\/01\/p01101_gruene_woche_auftakt-980x653.jpg 980w, https:\/\/standort-niederrhein.de\/wp-content\/uploads\/2025\/01\/p01101_gruene_woche_auftakt-480x320.jpg 480w\" sizes=\"(min-width: 0px) and (max-width: 480px) 480px, (min-width: 481px) and (max-width: 980px) 980px, (min-width: 981px) and (max-width: 1280px) 1280px, (min-width: 1281px) 2560px, 100vw\" \/><\/figure>\n\n\n<p>B\u00fcrgermeister der Gemeinde Uedem Rainer Weber, Landrat des Kreises Kleve Christoph Gerwers, B\u00fcrgermeister der Gemeinde H\u00fcnxe Dirk Buschmann, B\u00fcrgermeisterin der Gemeinde Sonsbeck Nadine Bogedain, B\u00fcrgermeister der Stadt Kempen Christoph Dellmans, B\u00fcrgermeister der Stadt Xanten Thomas G\u00f6rtz, B\u00fcrgermeisterin der Stadt Dinslaken Michaela Eisl\u00f6ffel, B\u00fcrgermeister der Gemeinde Alpen Thomas Ahls, B\u00fcrgermeister der Stadt Geldern Sven Kaiser, B\u00fcrgermeister der Stadt Voerde Dirk Haarmann, B\u00fcrgermeister der Gemeinde Issum Clemens Br\u00fcx und Landrat Ingo Brohl (v.l.) | Foto: Kreis Wesel<\/p>\n","protected":false},"excerpt":{"rendered":"<p>Kreis Wesel. Bereits zum zw\u00f6lften Mal wird sich der Niederrhein auf der Internationalen Gr\u00fcnen Woche in Berlin pr\u00e4sentieren. In diesem Jahr \u00fcbernimmt der Niederrhein erstmals die Rolle der Partnerregion in der NRW-L\u00e4nderhalle, die vom Ministerium f\u00fcr Landwirtschaft und Verbraucherschutz des Landes NRW organisiert wird. Neben Landrat Ingo Brohl, der traditionell zur Er\u00f6ffnung der Messe anwesend [&hellip;]<\/p>\n","protected":false},"author":3,"featured_media":5392,"comment_status":"closed","ping_status":"closed","sticky":false,"template":"","format":"standard","meta":{"_et_pb_use_builder":"","_et_pb_old_content":"","_et_gb_content_width":"","footnotes":""},"categories":[1],"tags":[],"class_list":["post-5391","post","type-post","status-publish","format-standard","has-post-thumbnail","hentry","category-allgemein"],"_links":{"self":[{"href":"https:\/\/standort-niederrhein.de\/en\/wp-json\/wp\/v2\/posts\/5391","targetHints":{"allow":["GET"]}}],"collection":[{"href":"https:\/\/standort-niederrhein.de\/en\/wp-json\/wp\/v2\/posts"}],"about":[{"href":"https:\/\/standort-niederrhein.de\/en\/wp-json\/wp\/v2\/types\/post"}],"author":[{"embeddable":true,"href":"https:\/\/standort-niederrhein.de\/en\/wp-json\/wp\/v2\/users\/3"}],"replies":[{"embeddable":true,"href":"https:\/\/standort-niederrhein.de\/en\/wp-json\/wp\/v2\/comments?post=5391"}],"version-history":[{"count":1,"href":"https:\/\/standort-niederrhein.de\/en\/wp-json\/wp\/v2\/posts\/5391\/revisions"}],"predecessor-version":[{"id":5393,"href":"https:\/\/standort-niederrhein.de\/en\/wp-json\/wp\/v2\/posts\/5391\/revisions\/5393"}],"wp:featuredmedia":[{"embeddable":true,"href":"https:\/\/standort-niederrhein.de\/en\/wp-json\/wp\/v2\/media\/5392"}],"wp:attachment":[{"href":"https:\/\/standort-niederrhein.de\/en\/wp-json\/wp\/v2\/media?parent=5391"}],"wp:term":[{"taxonomy":"category","embeddable":true,"href":"https:\/\/standort-niederrhein.de\/en\/wp-json\/wp\/v2\/categories?post=5391"},{"taxonomy":"post_tag","embeddable":true,"href":"https:\/\/standort-niederrhein.de\/en\/wp-json\/wp\/v2\/tags?post=5391"}],"curies":[{"name":"wp","href":"https:\/\/api.w.org\/{rel}","templated":true}]}}