{"id":5388,"date":"2025-01-08T06:00:00","date_gmt":"2025-01-08T05:00:00","guid":{"rendered":"https:\/\/invest-in-niederrhein.de\/?p=5388"},"modified":"2025-01-09T11:32:14","modified_gmt":"2025-01-09T10:32:14","slug":"messe-beruf-konkret-ab-sofort-jaehrlich","status":"publish","type":"post","link":"https:\/\/standort-niederrhein.de\/en\/2025\/01\/08\/messe-beruf-konkret-ab-sofort-jaehrlich\/","title":{"rendered":"Messe \u201eBeruf Konkret\u201c ab sofort j\u00e4hrlich"},"content":{"rendered":"\n<p><strong>M\u00f6nchengladbach.<\/strong> Nach der Messe ist vor der Messe: Nachdem die Berufs- und Studienorientierungsmesse \u201eBeruf Konkret\u201c 2024 \u00fcberaus erfolgreich \u00fcber die B\u00fchne gegangen ist, steht jetzt schon fest, dass die n\u00e4chste Auflage gem\u00e4\u00df des neuen, j\u00e4hrlichen Rhythmus\u2018 am Mittwoch, 24. September, und Donnerstag, 25. September 2025 durchgef\u00fchrt werden wird. Ort ist erneut die RED BOX im Nordpark in M\u00f6nchengladbach, wo die Organisatoren MGconnect (das Fachkr\u00e4ftenachwuchs-Team der Wirtschaftsf\u00f6rderung M\u00f6nchengladbach), Agentur f\u00fcr Arbeit sowie Stadt M\u00f6nchengladbach in diesem Jahr 130 ausstellende Unternehmen und rund 4.000 Sch\u00fclerinnen und Sch\u00fcler der neunten und zehnten Klassen aller Schulformen begr\u00fc\u00dfen konnten. Sie informierten sich an den St\u00e4nden der Firmen \u00fcber Ausbildungsm\u00f6glichkeiten und Karrierechancen.<\/p>\n\n\n\n<p>\u201eDie gro\u00dfe Nachfrage von Unternehmen, den Sch\u00fclerinnen und Sch\u00fclern sowie den Schulen zeigt uns, dass wir mit der Entscheidung, `Beruf Konkret\u00b4 ab sofort j\u00e4hrlich statt wie bisher alle zwei Jahre durchzuf\u00fchren, richtig liegen\u201c, sagt Axel Tillmanns, Teamleiter bei MGconnect. Im Vorfeld der letztj\u00e4hrigen Messe waren bereits mehrere Monate im Voraus alle Pl\u00e4tze an Austeller vergeben. \u201eEs empfiehlt sich also, sich so fr\u00fch wie m\u00f6glich f\u00fcr die n\u00e4chste Auflage von `Beruf Konkret\u00b4 am 24. und 25. September 2025 anzumelden\u201c, r\u00e4t MGconnect-Projektmanagerin Ricarda Sybertz allen interessierten Unternehmen. \u201eM\u00f6glichkeiten zur Anmeldung und Infos zur Messe werden auf <a href=\"https:\/\/www.beruf-konkret.de\/\">www.beruf-konkret.de<\/a> ver\u00f6ffentlicht.\u201c<\/p>\n\n\n\n<p>Dort stehen au\u00dferdem Informationen zu den sogenannten Business-Tagen, die MGconnect j\u00e4hrlich zu verschiedenen Leit-Branchen in der Stadt anbietet, bereit. Mitte Dezember fand beispielsweise in den R\u00e4umen der Kreishandwerkerschaft M\u00f6nchengladbach der \u201eBusiness-Tag Handwerk\u201c statt, der sich an Sch\u00fclerinnen und Sch\u00fcler ab der Jahrgangsstufe 9 richtete. Vorgestellt wurden die Gewerke Elektronik, Kfz-Mechatronik, Metallbau, Anlagenmechanik f\u00fcr Sanit\u00e4r-, Heizung- und Klimatechnik und Tischlerei. Im ersten Quartal 2025 werden weitere Businesstage zu den Branchen Banking &amp; Finance, Gesundheitswesen, Digitalwirtschaft, Handel, Verwaltung, Aviation, Textilwirtschaft und Sport durchgef\u00fchrt.<\/p>\n\n\n\n<p>Ein Erfolg wurde \u201eBeruf Konkret\u201c nicht zuletzt durch das Engagement der teilnehmenden Unternehmen, die an beiden Messetagen zahlreiche Gespr\u00e4che mit potenziellen Auszubildenden gef\u00fchrt haben. \u201eWir hoffen deshalb, dass auch die Aussteller mittel- und langfristig von unserer Messe profitieren und die passenden Auszubildenden finden werden\u201c, erkl\u00e4rt Axel Tillmanns. Das Team von MGconnect hatte \u00fcber ein halbes Jahr lang viel Zeit, Engagement und Herzblut in das Gelingen der Veranstaltung gesteckt. Prominente Botschafter wie die beiden Ex-Borussen-Profis Patrick Herrmann und Tony Jantschke sowie der in M\u00f6nchengladbach aufgewachsene Rap-Star Eko Fresh hatten in kurzen Videos auf Social Media f\u00fcr \u201eBeruf Konkret\u201c geworben. \u201eMit der Verl\u00e4ngerung der Messe in die digitale Welt mithilfe der Web-App `vlipsnap\u00b4 ist uns ein weiterer innovativer Fortschritt gelungen\u201c, unterstreicht Yvonne Cremer, Projektmanagerin bei MGconnect. Die Web-Applikation erm\u00f6glicht es Sch\u00fclerinnen und Sch\u00fclern sowie Unternehmen, \u00fcber eine QR-Code-Connection berufliche Kontakte nachhaltiger zu kn\u00fcpfen und \u00fcber eine Chat-Funktion auch nach dem Event in Kontakt zu bleiben.<\/p>\n\n\n\n<p>F\u00fcr Unternehmen ist die Teilnahme an \u201eBeruf Konkret\u201c \u2013 wie an s\u00e4mtlichen anderen Veranstaltungen von MGconnect zur Berufsorientierung \u2013 nach wie vor ohne Kostenbeteiligung m\u00f6glich. \u201eDas ist nicht selbstverst\u00e4ndlich, denn gewerbliche Anbieter von Berufsorientierungsmessen rufen allein f\u00fcr die Bereitstellung von Info-St\u00e4nden inzwischen Summen im vierstelligen Bereich auf. Das entspricht allerdings nicht unserem Verst\u00e4ndnis von Chancen, die wir dem Fachkr\u00e4ftenachwuchs von morgen bieten wollen\u201c, betont Jan Finken, Stiftungsmanager bei MGconnect. \u201eGleichwohl m\u00fcssen wir die Ausgabenseite im Blick behalten. Sach- und Personalkosten werden immer h\u00f6her, eine `schwarze Null\u00b4 zu schreiben, immer schwieriger.\u201c<\/p>\n\n\n\n<p>Aus diesem Grund legt das Nachwuchskr\u00e4fte-Team der Wirtschaftsf\u00f6rderung allen teilnehmenden Ausstellern und interessierten Unternehmen die MGconnect-Stiftung ans Herz: Im Jahr 2010 von der WFMG und einigen M\u00f6nchengladbacher Unternehmen ins Leben gerufen, werden mit dem Stiftungskapital seitdem Ma\u00dfnahmen von MGconnect zur beruflichen Bildung unterst\u00fctzt. \u201eWenn Unternehmen uns auf diesem Weg helfen wollen, freuen wir uns \u00fcber jede Spende, die uns diesem Ziel n\u00e4herbringt\u201c, sagt Jan Finken. <\/p>\n\n\n\n<p>Quelle: <a href=\"http:\/\/www.wfmg.de\">WFMG<\/a><\/p>\n\n\n<figure class=\"wp-block-post-featured-image\"><img loading=\"lazy\" decoding=\"async\" width=\"2500\" height=\"1667\" src=\"https:\/\/standort-niederrhein.de\/wp-content\/uploads\/2025\/01\/PMMGc-2025-01-06-Beruf-konkret-2025-2.jpg\" class=\"attachment-post-thumbnail size-post-thumbnail wp-post-image\" alt=\"\" style=\"object-fit:cover;\" srcset=\"https:\/\/standort-niederrhein.de\/wp-content\/uploads\/2025\/01\/PMMGc-2025-01-06-Beruf-konkret-2025-2.jpg 2500w, https:\/\/standort-niederrhein.de\/wp-content\/uploads\/2025\/01\/PMMGc-2025-01-06-Beruf-konkret-2025-2-1280x854.jpg 1280w, https:\/\/standort-niederrhein.de\/wp-content\/uploads\/2025\/01\/PMMGc-2025-01-06-Beruf-konkret-2025-2-980x653.jpg 980w, https:\/\/standort-niederrhein.de\/wp-content\/uploads\/2025\/01\/PMMGc-2025-01-06-Beruf-konkret-2025-2-480x320.jpg 480w\" sizes=\"(min-width: 0px) and (max-width: 480px) 480px, (min-width: 481px) and (max-width: 980px) 980px, (min-width: 981px) and (max-width: 1280px) 1280px, (min-width: 1281px) 2500px, 100vw\" \/><\/figure>\n\n\n<p>Die Web-App \u201evlipsnap\u201c wurde in dieser Form erstmals bei \u201eBeruf Konkret\u201c genutzt: Sie erm\u00f6glicht es Sch\u00fclerinnen und Sch\u00fclern sowie Unternehmen, \u00fcber eine QR-Code-Connection berufliche Kontakte nachhaltiger zu kn\u00fcpfen und \u00fcber eine Chat-Funktion auch nach dem Event in Kontakt zu bleiben. | Foto: MGconnect\/ Carlos Albuquerque<\/p>\n","protected":false},"excerpt":{"rendered":"<p>M\u00f6nchengladbach. Nach der Messe ist vor der Messe: Nachdem die Berufs- und Studienorientierungsmesse \u201eBeruf Konkret\u201c 2024 \u00fcberaus erfolgreich \u00fcber die B\u00fchne gegangen ist, steht jetzt schon fest, dass die n\u00e4chste Auflage gem\u00e4\u00df des neuen, j\u00e4hrlichen Rhythmus\u2018 am Mittwoch, 24. September, und Donnerstag, 25. September 2025 durchgef\u00fchrt werden wird. Ort ist erneut die RED BOX im [&hellip;]<\/p>\n","protected":false},"author":3,"featured_media":5389,"comment_status":"closed","ping_status":"closed","sticky":false,"template":"","format":"standard","meta":{"_et_pb_use_builder":"","_et_pb_old_content":"","_et_gb_content_width":"","footnotes":""},"categories":[1],"tags":[],"class_list":["post-5388","post","type-post","status-publish","format-standard","has-post-thumbnail","hentry","category-allgemein"],"_links":{"self":[{"href":"https:\/\/standort-niederrhein.de\/en\/wp-json\/wp\/v2\/posts\/5388","targetHints":{"allow":["GET"]}}],"collection":[{"href":"https:\/\/standort-niederrhein.de\/en\/wp-json\/wp\/v2\/posts"}],"about":[{"href":"https:\/\/standort-niederrhein.de\/en\/wp-json\/wp\/v2\/types\/post"}],"author":[{"embeddable":true,"href":"https:\/\/standort-niederrhein.de\/en\/wp-json\/wp\/v2\/users\/3"}],"replies":[{"embeddable":true,"href":"https:\/\/standort-niederrhein.de\/en\/wp-json\/wp\/v2\/comments?post=5388"}],"version-history":[{"count":1,"href":"https:\/\/standort-niederrhein.de\/en\/wp-json\/wp\/v2\/posts\/5388\/revisions"}],"predecessor-version":[{"id":5390,"href":"https:\/\/standort-niederrhein.de\/en\/wp-json\/wp\/v2\/posts\/5388\/revisions\/5390"}],"wp:featuredmedia":[{"embeddable":true,"href":"https:\/\/standort-niederrhein.de\/en\/wp-json\/wp\/v2\/media\/5389"}],"wp:attachment":[{"href":"https:\/\/standort-niederrhein.de\/en\/wp-json\/wp\/v2\/media?parent=5388"}],"wp:term":[{"taxonomy":"category","embeddable":true,"href":"https:\/\/standort-niederrhein.de\/en\/wp-json\/wp\/v2\/categories?post=5388"},{"taxonomy":"post_tag","embeddable":true,"href":"https:\/\/standort-niederrhein.de\/en\/wp-json\/wp\/v2\/tags?post=5388"}],"curies":[{"name":"wp","href":"https:\/\/api.w.org\/{rel}","templated":true}]}}