{"id":5385,"date":"2025-01-07T06:00:00","date_gmt":"2025-01-07T05:00:00","guid":{"rendered":"https:\/\/invest-in-niederrhein.de\/?p=5385"},"modified":"2025-01-09T11:21:38","modified_gmt":"2025-01-09T10:21:38","slug":"tobias-schellhorn-ist-ki-beauftragter-der-kreisverwaltung","status":"publish","type":"post","link":"https:\/\/standort-niederrhein.de\/en\/2025\/01\/07\/tobias-schellhorn-ist-ki-beauftragter-der-kreisverwaltung\/","title":{"rendered":"Tobias Schellhorn ist KI-Beauftragter der Kreisverwaltung"},"content":{"rendered":"\n<p><strong>Rhein-Kreis Neuss.<\/strong>&nbsp;Der Rhein-Kreis Neuss setzt einen weiteren Meilenstein in der digitalen Transformation seiner Verwaltung. Ab sofort wird Tobias Schellhorn als KI-Beauftragter die Entwicklung und Umsetzung von K\u00fcnstlicher Intelligenz (KI) verantworten. Die Bestellung Schellhorns geht einher mit der Planung einer umfassenden KI-Strategie, die IT-Dezernent Harald Vieten in enger Zusammenarbeit mit den Fachabteilungen der Verwaltung und externer Hilfe vorantreiben m\u00f6chte.<\/p>\n\n\n\n<p>\u201eK\u00fcnstliche Intelligenz hat das Potenzial, die \u00f6ffentliche Verwaltung grundlegend zu ver\u00e4ndern und effizienter zu gestalten. Mit Tobias Schellhorn haben wir einen kompetenten Experten innerhalb des Hauses gewinnen k\u00f6nnen, der diese spannende Entwicklung aktiv mitgestalten wird\u201c, erkl\u00e4rt Vieten. Die Einf\u00fchrung einer KI-Strategie werde dem Kreis dabei helfen, die Potenziale von KI in der Verwaltung zu erkennen und zielgerichtet einzusetzen. Zentrale Themen der k\u00fcnftigen KI-Strategie sind der Ausbau von automatisierten Verwaltungsprozessen, die Verbesserung der B\u00fcrgerkommunikation durch intelligente Systeme, aber auch die St\u00e4rkung der IT-Sicherheit.<\/p>\n\n\n\n<p>Schellhorn (35) ist von Beruf Fachinformatiker und konnte vor einigen Wochen sein Nebenstudium in Informations- und Wissensmanagement mit den Schwerpunkten Big Data und K\u00fcnstliche Intelligenz erfolgreich abschlie\u00dfen. Aktuell unterst\u00fctzt er die interne KI-Arbeitsgruppe beim Konzept \u201eChatbot\u201c und entwickelt im kreiseigenen Digitallabor weitere konkrete Anwendungsszenarien f\u00fcr die Verwaltung. \u201eKI bietet nicht nur die M\u00f6glichkeit, Prozesse zu optimieren, sondern auch, neue Serviceangebote f\u00fcr die B\u00fcrgerinnen und B\u00fcrger zu schaffen. Ich freue mich darauf, die Kreisverwaltung auf diesem zukunftsweisenden Weg zu begleiten und durch innovative L\u00f6sungen noch b\u00fcrgern\u00e4her zu gestalten\u201c, so Schellhorn.<\/p>\n\n\n\n<p>Seine Ernennung zum KI-Beauftragten ist Teil eines&nbsp;langfristig angelegten Masterplans Digitalisierung, mit der der Rhein-Kreis Neuss seine Verwaltung f\u00fcr die Zukunft r\u00fcstet. Zusammen mit seiner Stabstelle Digitalisierung hat Vieten einen F\u00fcnf-Punkte-Plan zur Nutzung von K\u00fcnstlicher Intelligenz in der Kreisverwaltung erstellt, der im Ausschuss f\u00fcr Innovation, Digitalisierung und Standortmarketing breite Zustimmung gefunden hat. Neben der bereits erstellten Richtlinie f\u00fcr das Kreispersonal zum sicheren und verantwortungsvollen Einsatz von K\u00fcnstlicher Intelligenz setzt der Plan auch einen Schwerpunkt in der St\u00e4rkung der KI-Kompetenz der Besch\u00e4ftigten durch Fortbildungsangebote.<\/p>\n\n\n\n<p>In Zusammenarbeit mit dem Technologiezentrum Glehn hat Vieten spezielle Seminare und Lehrg\u00e4nge f\u00fcr das Verwaltungspersonal des Kreises und der kreisangeh\u00f6rigen Kommunen konzipiert und in einem gemeinsamen Fortbildungskatalog zusammengefasst. Auch die&nbsp;im&nbsp;vergangenen Jahr erstellte KI-Richtlinie f\u00fcr die Mitarbeiterinnen und Mitarbeiter wurde den Kommunen als eine Art Blaupause zur Verf\u00fcgung gestellt, um sich gegebenenfalls daraus zu bedienen. \u201eWir sitzen alle im gleichen Boot und profitieren gegenseitig von der Zusammenarbeit in der Kreisgemeinschaft\u201c, betont Vieten.<\/p>\n\n\n\n<p>Die Kreisverwaltung wird in den kommenden Monaten eine detaillierte KI-Strategie entwickeln, die unter anderem ethische und datenschutzrechtliche Fragen ber\u00fccksichtigt. Damit soll sichergestellt werden, dass die Einf\u00fchrung von KI-Technologien transparent und verantwortungsbewusst erfolgt. Harald Vieten und Tobias Schellhorn betonen, dass der Mensch auch in der digitalen Zukunft im Mittelpunkt stehen wird:&nbsp;\u201eDer Mensch entscheidet, die KI unterst\u00fctzt.\u201c<\/p>\n\n\n\n<p>Quelle: <a href=\"http:\/\/www.rhein-kreis-neuss.de\">Rhein-Kreis Neuss<\/a><\/p>\n\n\n<figure class=\"wp-block-post-featured-image\"><img loading=\"lazy\" decoding=\"async\" width=\"2560\" height=\"1776\" src=\"https:\/\/standort-niederrhein.de\/wp-content\/uploads\/2025\/01\/P4A1901-scaled.jpg\" class=\"attachment-post-thumbnail size-post-thumbnail wp-post-image\" alt=\"\" style=\"object-fit:cover;\" srcset=\"https:\/\/standort-niederrhein.de\/wp-content\/uploads\/2025\/01\/P4A1901-scaled.jpg 2560w, https:\/\/standort-niederrhein.de\/wp-content\/uploads\/2025\/01\/P4A1901-1280x888.jpg 1280w, https:\/\/standort-niederrhein.de\/wp-content\/uploads\/2025\/01\/P4A1901-980x680.jpg 980w, https:\/\/standort-niederrhein.de\/wp-content\/uploads\/2025\/01\/P4A1901-480x333.jpg 480w\" sizes=\"(min-width: 0px) and (max-width: 480px) 480px, (min-width: 481px) and (max-width: 980px) 980px, (min-width: 981px) and (max-width: 1280px) 1280px, (min-width: 1281px) 2560px, 100vw\" \/><\/figure>\n\n\n<p>Neuer KI-Beauftragter: Tobias Schellhorn (rechts) und Harald Vieten, der IT-Dezernent des Rhein-Kreises Neuss, bringen die Nutzung der K\u00fcnstlichen Intelligenz in der Verwaltung voran. | Foto: D. Staniek\/ Rhein-Kreis Neuss<\/p>\n","protected":false},"excerpt":{"rendered":"<p>Rhein-Kreis Neuss.&nbsp;Der Rhein-Kreis Neuss setzt einen weiteren Meilenstein in der digitalen Transformation seiner Verwaltung. Ab sofort wird Tobias Schellhorn als KI-Beauftragter die Entwicklung und Umsetzung von K\u00fcnstlicher Intelligenz (KI) verantworten. Die Bestellung Schellhorns geht einher mit der Planung einer umfassenden KI-Strategie, die IT-Dezernent Harald Vieten in enger Zusammenarbeit mit den Fachabteilungen der Verwaltung und externer [&hellip;]<\/p>\n","protected":false},"author":3,"featured_media":5386,"comment_status":"closed","ping_status":"closed","sticky":false,"template":"","format":"standard","meta":{"_et_pb_use_builder":"","_et_pb_old_content":"","_et_gb_content_width":"","footnotes":""},"categories":[1],"tags":[],"class_list":["post-5385","post","type-post","status-publish","format-standard","has-post-thumbnail","hentry","category-allgemein"],"_links":{"self":[{"href":"https:\/\/standort-niederrhein.de\/en\/wp-json\/wp\/v2\/posts\/5385","targetHints":{"allow":["GET"]}}],"collection":[{"href":"https:\/\/standort-niederrhein.de\/en\/wp-json\/wp\/v2\/posts"}],"about":[{"href":"https:\/\/standort-niederrhein.de\/en\/wp-json\/wp\/v2\/types\/post"}],"author":[{"embeddable":true,"href":"https:\/\/standort-niederrhein.de\/en\/wp-json\/wp\/v2\/users\/3"}],"replies":[{"embeddable":true,"href":"https:\/\/standort-niederrhein.de\/en\/wp-json\/wp\/v2\/comments?post=5385"}],"version-history":[{"count":1,"href":"https:\/\/standort-niederrhein.de\/en\/wp-json\/wp\/v2\/posts\/5385\/revisions"}],"predecessor-version":[{"id":5387,"href":"https:\/\/standort-niederrhein.de\/en\/wp-json\/wp\/v2\/posts\/5385\/revisions\/5387"}],"wp:featuredmedia":[{"embeddable":true,"href":"https:\/\/standort-niederrhein.de\/en\/wp-json\/wp\/v2\/media\/5386"}],"wp:attachment":[{"href":"https:\/\/standort-niederrhein.de\/en\/wp-json\/wp\/v2\/media?parent=5385"}],"wp:term":[{"taxonomy":"category","embeddable":true,"href":"https:\/\/standort-niederrhein.de\/en\/wp-json\/wp\/v2\/categories?post=5385"},{"taxonomy":"post_tag","embeddable":true,"href":"https:\/\/standort-niederrhein.de\/en\/wp-json\/wp\/v2\/tags?post=5385"}],"curies":[{"name":"wp","href":"https:\/\/api.w.org\/{rel}","templated":true}]}}