{"id":5383,"date":"2025-01-10T06:00:00","date_gmt":"2025-01-10T05:00:00","guid":{"rendered":"https:\/\/invest-in-niederrhein.de\/?p=5383"},"modified":"2025-01-09T11:10:34","modified_gmt":"2025-01-09T10:10:34","slug":"themenmonat-personal-der-wirtschaftsfoerderung","status":"publish","type":"post","link":"https:\/\/standort-niederrhein.de\/en\/2025\/01\/10\/themenmonat-personal-der-wirtschaftsfoerderung\/","title":{"rendered":"Themenmonat Personal der Wirtschaftsf\u00f6rderung"},"content":{"rendered":"\n<p><strong>Viersen.<\/strong> Die Wirtschaftsf\u00f6rderung der Stadt Viersen unterst\u00fctzt mit einer Veranstaltungsreihe Viersener Unternehmen bei der Personalakquise und Personalbindung.<\/p>\n\n\n\n<p>Der Wettbewerb um Talente ist h\u00e4rter denn je und die Personalbindung relevanter denn je. Um dem allgemeinen Fachkr\u00e4ftemangel entgegenzuwirken und somit den Wirtschaftsstandort Viersen zu st\u00e4rken, richtet die Wirtschaftsf\u00f6rderung ab Ende Januar 2025 eine Veranstaltungsreihe aus. &nbsp;<\/p>\n\n\n\n<p>Am 23. Januar startet die Reihe mit einem Business Breakfast unter dem Titel \u201eChancen in der F\u00fchrung \u2013 Mitarbeitende gewinnen und halten\u201c. Im Nachgang zum Unternehmerfr\u00fchst\u00fcck findet am 30. Januar ein thematisch vertiefender Workshop statt. Weitere Veranstaltungen zur Vereinbarkeit von Familie &amp; Beruf sowie Alternativen im Recruitingprozess folgen am 6. Februar sowie am 20. Februar. Den Abschluss des Themenmonats bildet am 26. Februar die vierte AzubiMesse in der Festhalle Viersen, die wieder unter dem Motto \u201eWas bist Du f\u00fcr ein Arbeitstier? Finde es heraus!\u201c stattfindet.<\/p>\n\n\n\n<p>Axel S\u00fc\u00dfbrich, Fachbereichsleiter der Wirtschaftsf\u00f6rderung freut sich, den lokalen Unternehmen Unterst\u00fctzung von Experten anbieten zu k\u00f6nnen: \u201eDie Gewinnung und Sicherung von Fachkr\u00e4ften ist heute eine der gr\u00f6\u00dften Herausforderungen f\u00fcr Unternehmen \u2013 und gleichzeitig der Schl\u00fcssel zu nachhaltigem Erfolg. Mit unserer Veranstaltungsreihe bieten wir gezielte Unterst\u00fctzung f\u00fcr die Unternehmen in der Stadt Viersen. Unser Ziel ist es, Wege aufzuzeigen, wie Personalakquise und Personalbindung in Zeiten des Fachkr\u00e4ftemangels gelingen k\u00f6nnen. Gemeinsam schaffen wir so einen sp\u00fcrbaren Mehrwert f\u00fcr den Wirtschaftsstandort Viersen.\u201c<\/p>\n\n\n\n<p>Weitere Informationen zu den Veranstaltungen sind <a href=\"https:\/\/www.viersen.de\/veranstaltungen\">hier<\/a> zu finden. <\/p>\n\n\n\n<p>Quelle: <a href=\"http:\/\/www.viersen.de\">Stadt Viersen<\/a><\/p>\n","protected":false},"excerpt":{"rendered":"<p>Viersen. Die Wirtschaftsf\u00f6rderung der Stadt Viersen unterst\u00fctzt mit einer Veranstaltungsreihe Viersener Unternehmen bei der Personalakquise und Personalbindung. Der Wettbewerb um Talente ist h\u00e4rter denn je und die Personalbindung relevanter denn je. Um dem allgemeinen Fachkr\u00e4ftemangel entgegenzuwirken und somit den Wirtschaftsstandort Viersen zu st\u00e4rken, richtet die Wirtschaftsf\u00f6rderung ab Ende Januar 2025 eine Veranstaltungsreihe aus. &nbsp; Am [&hellip;]<\/p>\n","protected":false},"author":3,"featured_media":0,"comment_status":"closed","ping_status":"closed","sticky":false,"template":"","format":"standard","meta":{"_et_pb_use_builder":"","_et_pb_old_content":"","_et_gb_content_width":"","footnotes":""},"categories":[1],"tags":[],"class_list":["post-5383","post","type-post","status-publish","format-standard","hentry","category-allgemein"],"_links":{"self":[{"href":"https:\/\/standort-niederrhein.de\/en\/wp-json\/wp\/v2\/posts\/5383","targetHints":{"allow":["GET"]}}],"collection":[{"href":"https:\/\/standort-niederrhein.de\/en\/wp-json\/wp\/v2\/posts"}],"about":[{"href":"https:\/\/standort-niederrhein.de\/en\/wp-json\/wp\/v2\/types\/post"}],"author":[{"embeddable":true,"href":"https:\/\/standort-niederrhein.de\/en\/wp-json\/wp\/v2\/users\/3"}],"replies":[{"embeddable":true,"href":"https:\/\/standort-niederrhein.de\/en\/wp-json\/wp\/v2\/comments?post=5383"}],"version-history":[{"count":1,"href":"https:\/\/standort-niederrhein.de\/en\/wp-json\/wp\/v2\/posts\/5383\/revisions"}],"predecessor-version":[{"id":5384,"href":"https:\/\/standort-niederrhein.de\/en\/wp-json\/wp\/v2\/posts\/5383\/revisions\/5384"}],"wp:attachment":[{"href":"https:\/\/standort-niederrhein.de\/en\/wp-json\/wp\/v2\/media?parent=5383"}],"wp:term":[{"taxonomy":"category","embeddable":true,"href":"https:\/\/standort-niederrhein.de\/en\/wp-json\/wp\/v2\/categories?post=5383"},{"taxonomy":"post_tag","embeddable":true,"href":"https:\/\/standort-niederrhein.de\/en\/wp-json\/wp\/v2\/tags?post=5383"}],"curies":[{"name":"wp","href":"https:\/\/api.w.org\/{rel}","templated":true}]}}