{"id":5374,"date":"2024-12-26T06:00:00","date_gmt":"2024-12-26T05:00:00","guid":{"rendered":"https:\/\/invest-in-niederrhein.de\/?p=5374"},"modified":"2024-12-20T11:32:13","modified_gmt":"2024-12-20T10:32:13","slug":"eroeffnung-logistikzentrum-in-nettetal-kaldenkirchen-ab-januar","status":"publish","type":"post","link":"https:\/\/standort-niederrhein.de\/en\/2024\/12\/26\/eroeffnung-logistikzentrum-in-nettetal-kaldenkirchen-ab-januar\/","title":{"rendered":"Er\u00f6ffnung Logistikzentrum in Nettetal-Kaldenkirchen ab Januar"},"content":{"rendered":"\n<p><strong>Kreis Viersen.<\/strong> Der Kreis Viersen hat in feierlichem Rahmen die Er\u00f6ffnung des Logistikzentrums in Nettetal-Kaldenkirchen gefeiert. Das Logistikzentrum \u00f6ffnet zum 2. Januar 2025 seine Tore. Ab diesem Zeitpunkt werden im Wertstoff- und Logistikzentrum (WLZ) die Haushaltsabf\u00e4lle des Kreises Viersen umgeschlagen. Das bedeutet, dass die von den M\u00fcllsammelfahrzeugen angelieferten Abf\u00e4lle aus den St\u00e4dten und Gemeinden in den geschlossenen und mit entsprechender Filtertechnik ausgestatteten Hallen auf gr\u00f6\u00dfere Lastkraftwagen verladen und zu den jeweiligen Entsorgungsanlagen transportiert werden. Eine direkte Anlieferung zu den Entsorgungsanlagen w\u00e4re f\u00fcr die kleinen M\u00fcllfahrzeuge unwirtschaftlich.<\/p>\n\n\n\n<p>Im Herbst 2023 wurde mit dem Bau des Wertstoff- und Logistikzentrums begonnen, der termingerecht nach einem Jahr Bauzeit fertiggestellt wird. Die Inbetriebnahme erfolgt planm\u00e4\u00dfig in zwei Phasen. Ab dem 2. Januar 2025 \u00f6ffnet das Logistikzentrum (LZ) und ab dem 1. Februar steht dann auch das Wertstoffzentrum (WZ) f\u00fcr die B\u00fcrgerinnen und B\u00fcrger zur Verf\u00fcgung.<\/p>\n\n\n\n<p>&#8220;In Nordrhein-Westfalen liegt die Zust\u00e4ndigkeit f\u00fcr die Abfallentsorgung bei den Kreisen und kreisfreien St\u00e4dten. Das bedeutet, wir m\u00fcssen daf\u00fcr sorgen, dass die in den St\u00e4dten und Gemeinden gesammelten Abf\u00e4lle Umschlaganlagen angedient werden k\u00f6nnen, von denen aus sie dann sachgerecht verwertet oder beseitigt werden&#8221;, erkl\u00e4rt Landrat Dr. Andreas Coenen. &#8220;Mit dem neuen Logistikzentrum stellt der Kreis sicher, dass diese Aufgabe effizient und wirtschaftlich erf\u00fcllt wird.&#8221;<\/p>\n\n\n\n<p>Das Wertstoffzentrum (WZ), das im Februar planm\u00e4\u00dfig er\u00f6ffnet wird, besteht im Wesentlichen aus einem Wertstoffhof, auf dem die B\u00fcrgerinnen und B\u00fcrger des Kreises Viersen ihre Haushaltsabf\u00e4lle benutzerfreundlich abgeben k\u00f6nnen sowie einem Bildungszentrum mit R\u00e4umlichkeiten zur Durchf\u00fchrung von abfallp\u00e4dagogischen Bildungsangeboten.<\/p>\n\n\n\n<p>&#8220;Mit diesem Projekt \u00fcbernimmt der Kreis Viersen \u00fcber seinen Abfallbetrieb eine Schl\u00fcsselstelle einer funktionierenden Abfallwirtschaft in unserem Kreis&#8221;, erg\u00e4nzt Christian B\u00f6ker, Betriebsleiter des Abfallbetriebs Kreis Viersen.<\/p>\n\n\n\n<p>Quelle: <a href=\"http:\/\/www.kreis-viersen.de\">Kreis Viersen<\/a><\/p>\n\n\n<figure class=\"wp-block-post-featured-image\"><img loading=\"lazy\" decoding=\"async\" width=\"2362\" height=\"1772\" src=\"https:\/\/standort-niederrhein.de\/wp-content\/uploads\/2024\/12\/291308P.jpg\" class=\"attachment-post-thumbnail size-post-thumbnail wp-post-image\" alt=\"\" style=\"object-fit:cover;\" srcset=\"https:\/\/standort-niederrhein.de\/wp-content\/uploads\/2024\/12\/291308P.jpg 2362w, https:\/\/standort-niederrhein.de\/wp-content\/uploads\/2024\/12\/291308P-1280x960.jpg 1280w, https:\/\/standort-niederrhein.de\/wp-content\/uploads\/2024\/12\/291308P-980x735.jpg 980w, https:\/\/standort-niederrhein.de\/wp-content\/uploads\/2024\/12\/291308P-480x360.jpg 480w\" sizes=\"(min-width: 0px) and (max-width: 480px) 480px, (min-width: 481px) and (max-width: 980px) 980px, (min-width: 981px) and (max-width: 1280px) 1280px, (min-width: 1281px) 2362px, 100vw\" \/><\/figure>\n\n\n<p>v.l.n.r.: Christian B\u00f6ker (Betriebsleiter des Abfallbetriebs Kreis Viersen), Hans-Willy Troost (stellvertretender Vorsitzender des Betriebsausschusses), Manfred Wolfers Junior (Vorsitzender des Betriebsausschusses), Landrat Dr. Andreas Coenen, Christian K\u00fcsters (B\u00fcrgermeister der Stadt Nettetal), Philipp Clodt (Anlagenleiter des Wertstoff- und Logistikzentrums), Christian Knepperges (stellvertretender Anlagenleiter des Wertstoff- und Logistikzentrums) und Rainer R\u00f6der (Dezernent f\u00fcr Planen, Bauen und Umwelt) | Foto: Kreis Viersen<\/p>\n","protected":false},"excerpt":{"rendered":"<p>Kreis Viersen. Der Kreis Viersen hat in feierlichem Rahmen die Er\u00f6ffnung des Logistikzentrums in Nettetal-Kaldenkirchen gefeiert. Das Logistikzentrum \u00f6ffnet zum 2. Januar 2025 seine Tore. Ab diesem Zeitpunkt werden im Wertstoff- und Logistikzentrum (WLZ) die Haushaltsabf\u00e4lle des Kreises Viersen umgeschlagen. Das bedeutet, dass die von den M\u00fcllsammelfahrzeugen angelieferten Abf\u00e4lle aus den St\u00e4dten und Gemeinden in [&hellip;]<\/p>\n","protected":false},"author":3,"featured_media":5375,"comment_status":"closed","ping_status":"closed","sticky":false,"template":"","format":"standard","meta":{"_et_pb_use_builder":"","_et_pb_old_content":"","_et_gb_content_width":"","footnotes":""},"categories":[1],"tags":[],"class_list":["post-5374","post","type-post","status-publish","format-standard","has-post-thumbnail","hentry","category-allgemein"],"_links":{"self":[{"href":"https:\/\/standort-niederrhein.de\/en\/wp-json\/wp\/v2\/posts\/5374","targetHints":{"allow":["GET"]}}],"collection":[{"href":"https:\/\/standort-niederrhein.de\/en\/wp-json\/wp\/v2\/posts"}],"about":[{"href":"https:\/\/standort-niederrhein.de\/en\/wp-json\/wp\/v2\/types\/post"}],"author":[{"embeddable":true,"href":"https:\/\/standort-niederrhein.de\/en\/wp-json\/wp\/v2\/users\/3"}],"replies":[{"embeddable":true,"href":"https:\/\/standort-niederrhein.de\/en\/wp-json\/wp\/v2\/comments?post=5374"}],"version-history":[{"count":1,"href":"https:\/\/standort-niederrhein.de\/en\/wp-json\/wp\/v2\/posts\/5374\/revisions"}],"predecessor-version":[{"id":5376,"href":"https:\/\/standort-niederrhein.de\/en\/wp-json\/wp\/v2\/posts\/5374\/revisions\/5376"}],"wp:featuredmedia":[{"embeddable":true,"href":"https:\/\/standort-niederrhein.de\/en\/wp-json\/wp\/v2\/media\/5375"}],"wp:attachment":[{"href":"https:\/\/standort-niederrhein.de\/en\/wp-json\/wp\/v2\/media?parent=5374"}],"wp:term":[{"taxonomy":"category","embeddable":true,"href":"https:\/\/standort-niederrhein.de\/en\/wp-json\/wp\/v2\/categories?post=5374"},{"taxonomy":"post_tag","embeddable":true,"href":"https:\/\/standort-niederrhein.de\/en\/wp-json\/wp\/v2\/tags?post=5374"}],"curies":[{"name":"wp","href":"https:\/\/api.w.org\/{rel}","templated":true}]}}