{"id":5371,"date":"2024-12-31T06:00:00","date_gmt":"2024-12-31T05:00:00","guid":{"rendered":"https:\/\/invest-in-niederrhein.de\/?p=5371"},"modified":"2024-12-20T11:55:25","modified_gmt":"2024-12-20T10:55:25","slug":"so-wird-das-recruiting-erfolgreich-2","status":"publish","type":"post","link":"https:\/\/standort-niederrhein.de\/en\/2024\/12\/31\/so-wird-das-recruiting-erfolgreich-2\/","title":{"rendered":"So wird das Recruiting erfolgreich"},"content":{"rendered":"\n<p><strong>Kreis Kleve\/ Rees. <\/strong>Die \u00a0\u00a0Wirtschaftsf\u00f6rderung Kreis Kleve f\u00fchrt die Reihe ihrer Unternehmerfr\u00fchst\u00fccke nun in Kooperation mit der Stadt Rees fort. F\u00fcr Donnerstag, 23. Januar, sind Interessierte von 9 bis 11 Uhr zum Hotel Rheinpark Rees, Vor dem Rheintor 15, in 46459 Rees eingeladen.<\/p>\n\n\n\n<p>Der aktuelle Veranstaltungszyklus besch\u00e4ftigt sich besonders mit dem Thema \u201eFachkr\u00e4ftemangel: Herausforderungen und zukunftsweisende L\u00f6sungsans\u00e4tze\u201c. Bundesagentur f\u00fcr Arbeit und Jobcenter zeigen den Unternehmerinnen und Unternehmern vielf\u00e4ltige Unterst\u00fctzungsm\u00f6glichkeiten auf.<\/p>\n\n\n\n<p>Nach einem Willkommenskaffee ab 8.30 Uhr wird das Unternehmerfr\u00fchst\u00fcck um 9 Uhr mit der Pr\u00e4sentation lokaler Wirtschaftsthemen durch B\u00fcrgermeister Sebastian Hense er\u00f6ffnet. Regionale Entwicklungen erfahren die G\u00e4ste von der Gesch\u00e4ftsf\u00fchrerin der Wirtschaftsf\u00f6rderung Kreis Kleve, Brigitte Jansen. Dann begr\u00fc\u00dft Barbara Ossyra, Vorsitzende der Gesch\u00e4ftsf\u00fchrung der Agentur f\u00fcr Arbeit Wesel, die G\u00e4ste. Unter dem Titel \u201eJobturbo \u2013 F\u00f6rderung beruflicher Weiterentwicklung \u2013 Fachkr\u00e4fteeinwanderungsgesetz \u2013 Die Bundesagentur f\u00fcr Arbeit und das Jobcenter stellen sich vor\u201c geben Sascha Bongertmann und Nils Heuer von der Bundesagentur f\u00fcr Arbeit sowie Max J\u00fcrgens vom Jobcenter hilfreiche Impulse.<\/p>\n\n\n\n<p>Rainer Jan\u00dfen und Fabian Gertsen von der Stadt Rees erl\u00e4utern, wie die Stadtverwaltung Rees in Zeiten des Fachkr\u00e4ftemangels bei der Personalgewinnung vorgeht. In einer Gespr\u00e4chsrunde, moderiert durch Christoph Kepser, werden sich die Talkg\u00e4ste anschlie\u00dfend dar\u00fcber austauschen, welche Konzepte bei der Bew\u00e4ltigung des Fachkr\u00e4ftemangels helfen k\u00f6nnen. In der Runde dabei sind B\u00fcrgermeister Sebastian Hense, Rainer Jan\u00dfen und Fabian Gersten sowie lokale Unternehmer. Anschlie\u00dfend ist Zeit f\u00fcr Fragen und zum Netzwerken. Anmeldungen nimmt die Wirtschaftsf\u00f6rderung Kreis Kleve gerne im Veranstaltungskalender online unter www.wfg-kreis-kleve.de entgegen.<\/p>\n\n\n\n<p>Quelle: <a href=\"http:\/\/www.wfg-kreis-kleve.de\">WFG Kreis Kleve<\/a><\/p>\n\n\n<figure class=\"wp-block-post-featured-image\"><img loading=\"lazy\" decoding=\"async\" width=\"1707\" height=\"2560\" src=\"https:\/\/standort-niederrhein.de\/wp-content\/uploads\/2024\/12\/Ortsschild-UF-Rees-2-scaled.jpg\" class=\"attachment-post-thumbnail size-post-thumbnail wp-post-image\" alt=\"\" style=\"object-fit:cover;\" srcset=\"https:\/\/standort-niederrhein.de\/wp-content\/uploads\/2024\/12\/Ortsschild-UF-Rees-2-scaled.jpg 1707w, https:\/\/standort-niederrhein.de\/wp-content\/uploads\/2024\/12\/Ortsschild-UF-Rees-2-1280x1920.jpg 1280w, https:\/\/standort-niederrhein.de\/wp-content\/uploads\/2024\/12\/Ortsschild-UF-Rees-2-980x1470.jpg 980w, https:\/\/standort-niederrhein.de\/wp-content\/uploads\/2024\/12\/Ortsschild-UF-Rees-2-480x720.jpg 480w\" sizes=\"(min-width: 0px) and (max-width: 480px) 480px, (min-width: 481px) and (max-width: 980px) 980px, (min-width: 981px) and (max-width: 1280px) 1280px, (min-width: 1281px) 1707px, 100vw\" \/><\/figure>\n\n\n<p>Nathalie Tekath-Kochs von der \u00a0\u00a0Wirtschaftsf\u00f6rderung Kreis Kleve pr\u00e4sentiert das Ortsschild der Stadt Rees mit der Einladung zum Unternehmerfr\u00fchst\u00fcck. | Foto: WFG Kreis Kleve<\/p>\n","protected":false},"excerpt":{"rendered":"<p>Kreis Kleve\/ Rees. Die \u00a0\u00a0Wirtschaftsf\u00f6rderung Kreis Kleve f\u00fchrt die Reihe ihrer Unternehmerfr\u00fchst\u00fccke nun in Kooperation mit der Stadt Rees fort. F\u00fcr Donnerstag, 23. Januar, sind Interessierte von 9 bis 11 Uhr zum Hotel Rheinpark Rees, Vor dem Rheintor 15, in 46459 Rees eingeladen. Der aktuelle Veranstaltungszyklus besch\u00e4ftigt sich besonders mit dem Thema \u201eFachkr\u00e4ftemangel: Herausforderungen und [&hellip;]<\/p>\n","protected":false},"author":3,"featured_media":5372,"comment_status":"closed","ping_status":"closed","sticky":false,"template":"","format":"standard","meta":{"_et_pb_use_builder":"","_et_pb_old_content":"","_et_gb_content_width":"","footnotes":""},"categories":[1],"tags":[],"class_list":["post-5371","post","type-post","status-publish","format-standard","has-post-thumbnail","hentry","category-allgemein"],"_links":{"self":[{"href":"https:\/\/standort-niederrhein.de\/en\/wp-json\/wp\/v2\/posts\/5371","targetHints":{"allow":["GET"]}}],"collection":[{"href":"https:\/\/standort-niederrhein.de\/en\/wp-json\/wp\/v2\/posts"}],"about":[{"href":"https:\/\/standort-niederrhein.de\/en\/wp-json\/wp\/v2\/types\/post"}],"author":[{"embeddable":true,"href":"https:\/\/standort-niederrhein.de\/en\/wp-json\/wp\/v2\/users\/3"}],"replies":[{"embeddable":true,"href":"https:\/\/standort-niederrhein.de\/en\/wp-json\/wp\/v2\/comments?post=5371"}],"version-history":[{"count":1,"href":"https:\/\/standort-niederrhein.de\/en\/wp-json\/wp\/v2\/posts\/5371\/revisions"}],"predecessor-version":[{"id":5373,"href":"https:\/\/standort-niederrhein.de\/en\/wp-json\/wp\/v2\/posts\/5371\/revisions\/5373"}],"wp:featuredmedia":[{"embeddable":true,"href":"https:\/\/standort-niederrhein.de\/en\/wp-json\/wp\/v2\/media\/5372"}],"wp:attachment":[{"href":"https:\/\/standort-niederrhein.de\/en\/wp-json\/wp\/v2\/media?parent=5371"}],"wp:term":[{"taxonomy":"category","embeddable":true,"href":"https:\/\/standort-niederrhein.de\/en\/wp-json\/wp\/v2\/categories?post=5371"},{"taxonomy":"post_tag","embeddable":true,"href":"https:\/\/standort-niederrhein.de\/en\/wp-json\/wp\/v2\/tags?post=5371"}],"curies":[{"name":"wp","href":"https:\/\/api.w.org\/{rel}","templated":true}]}}