{"id":5368,"date":"2024-12-24T06:00:00","date_gmt":"2024-12-24T05:00:00","guid":{"rendered":"https:\/\/invest-in-niederrhein.de\/?p=5368"},"modified":"2024-12-20T10:37:11","modified_gmt":"2024-12-20T09:37:11","slug":"spezialfertigung-aus-rees","status":"publish","type":"post","link":"https:\/\/standort-niederrhein.de\/en\/2024\/12\/24\/spezialfertigung-aus-rees\/","title":{"rendered":"Spezialfertigung aus Rees"},"content":{"rendered":"\n<p><strong>Rees.<\/strong> Was simpel klingt, ist ein gefragtes Spezialprodukt aus Rees: die M\u00e4hwerke der Kersten Maschinenfabrik (KEMA). \u201eEine Besonderheit ist sicherlich der hohe Eigenfertigungsanteil. Das schafft Flexibilit\u00e4t und Vertrauen\u201c, erkl\u00e4rt Georg Kersten, Gesch\u00e4ftsf\u00fchrer des Reeser Unternehmens. \u201eWas wir nicht selbst herstellen oder bearbeiten k\u00f6nnen, geben wir an Partner in der Region.\u201c<\/p>\n\n\n\n<p>Und das Produkt-Repertoire des Unternehmens ist vielf\u00e4ltig: Front- und Heckm\u00e4hwerke f\u00fcr die Landwirtschaft sowie kommunale Technik. \u201eIn Europa gibt es nur wenige, vergleichbare Unternehmen\u201c, so Georg Kersten. Insbesondere die Doppelmesser-M\u00e4htechnik hat ein Alleinstellungsmerkmal. Hier schneiden die zwei gegenl\u00e4ufigen Messer das Gras besonders sauber. Das soll zu einem besseren Wiederaufwuchsverhalten f\u00fchren und somit \u00f6kologischer sowie effizienter sein. Diese Technik hat sich die Maschinenfabrik 2018 durch die \u00dcbernahme der Firma Kunzelmann aus Vogtsburg nach Rees geholt und stetig weiterentwickelt.&nbsp;&nbsp;&nbsp;<\/p>\n\n\n\n<p>Von der Reeser Expertise machte sich B\u00fcrgermeister Sebastian Hense gemeinsam mit Wirtschaftsf\u00f6rderer Heinz Streuff ein Bild vor Ort. \u201eRees hat keine gro\u00dfe Industrie, aber wir haben national und international gefragte Nischen-Produkte. Darauf k\u00f6nnen wir als Stadt sehr stolz sein\u201c, so Hense. Insbesondere wenn die Betriebe erfolgreich familiengef\u00fchrt seien und f\u00fcr die Zukunft ger\u00fcstet. Denn die Kersten-S\u00f6hne sind bereits in die Nachfolgeprozesse eingebunden. David Kersten ist Maschinenbau-Ingenieur und Bruder Stefan Betriebswirt. Die Familie setzt auf \u201eMade in Germany\u201c und stetige Weiterentwicklung. \u201eWir passen uns den Anforderungen unserer Kunden und auf dem Markt an. Das Know-How daf\u00fcr haben und halten wir bei uns im Haus\u201c, so Georg Kersten. F\u00fcr diese Arbeit erhielt der Diplom-Ingenieur erst j\u00fcngst im November das goldene Ehrenzeichen zur W\u00fcrdigung der gro\u00dfen Verdienste im Landmaschinen-Handel und -Handwerk vom Bundesverband des LandBauTechnik e.V. \u2013 nur wenige weitere erhalten diese Auszeichnung.<\/p>\n\n\n\n<p>Die Kersten Maschinenfabrik wurde 1918 als Landmaschinenfachbetrieb gegr\u00fcndet. Inzwischen wird das Unternehmen in vierter Generation gef\u00fchrt.<\/p>\n\n\n\n<p>Quelle: <a href=\"http:\/\/www.stadt-rees.de\">Stadt Rees<\/a><\/p>\n\n\n<figure class=\"wp-block-post-featured-image\"><img loading=\"lazy\" decoding=\"async\" width=\"1920\" height=\"2560\" src=\"https:\/\/standort-niederrhein.de\/wp-content\/uploads\/2024\/12\/Pressemitteilung_REES_2024_256_Spezialfertigung-aus-Rees-KEMA-scaled.jpg\" class=\"attachment-post-thumbnail size-post-thumbnail wp-post-image\" alt=\"\" style=\"object-fit:cover;\" srcset=\"https:\/\/standort-niederrhein.de\/wp-content\/uploads\/2024\/12\/Pressemitteilung_REES_2024_256_Spezialfertigung-aus-Rees-KEMA-scaled.jpg 1920w, https:\/\/standort-niederrhein.de\/wp-content\/uploads\/2024\/12\/Pressemitteilung_REES_2024_256_Spezialfertigung-aus-Rees-KEMA-1280x1707.jpg 1280w, https:\/\/standort-niederrhein.de\/wp-content\/uploads\/2024\/12\/Pressemitteilung_REES_2024_256_Spezialfertigung-aus-Rees-KEMA-980x1307.jpg 980w, https:\/\/standort-niederrhein.de\/wp-content\/uploads\/2024\/12\/Pressemitteilung_REES_2024_256_Spezialfertigung-aus-Rees-KEMA-480x640.jpg 480w\" sizes=\"(min-width: 0px) and (max-width: 480px) 480px, (min-width: 481px) and (max-width: 980px) 980px, (min-width: 981px) and (max-width: 1280px) 1280px, (min-width: 1281px) 1920px, 100vw\" \/><\/figure>\n\n\n<p>Ein M\u00e4hwerk aus Rees f\u00fcr nationale und internationale Kunden. Hier: (v. li.) Stefan Kersten, Sebastian Hense, B\u00fcrgermeister Stadt Rees, David Kersten, Georg Kersten und Heinz Streuff, Wirtschaftsf\u00f6rderer der Stadt Rees. | Foto: Stadt Rees<\/p>\n","protected":false},"excerpt":{"rendered":"<p>Rees. Was simpel klingt, ist ein gefragtes Spezialprodukt aus Rees: die M\u00e4hwerke der Kersten Maschinenfabrik (KEMA). \u201eEine Besonderheit ist sicherlich der hohe Eigenfertigungsanteil. Das schafft Flexibilit\u00e4t und Vertrauen\u201c, erkl\u00e4rt Georg Kersten, Gesch\u00e4ftsf\u00fchrer des Reeser Unternehmens. \u201eWas wir nicht selbst herstellen oder bearbeiten k\u00f6nnen, geben wir an Partner in der Region.\u201c Und das Produkt-Repertoire des Unternehmens [&hellip;]<\/p>\n","protected":false},"author":3,"featured_media":5369,"comment_status":"closed","ping_status":"closed","sticky":false,"template":"","format":"standard","meta":{"_et_pb_use_builder":"","_et_pb_old_content":"","_et_gb_content_width":"","footnotes":""},"categories":[1],"tags":[],"class_list":["post-5368","post","type-post","status-publish","format-standard","has-post-thumbnail","hentry","category-allgemein"],"_links":{"self":[{"href":"https:\/\/standort-niederrhein.de\/en\/wp-json\/wp\/v2\/posts\/5368","targetHints":{"allow":["GET"]}}],"collection":[{"href":"https:\/\/standort-niederrhein.de\/en\/wp-json\/wp\/v2\/posts"}],"about":[{"href":"https:\/\/standort-niederrhein.de\/en\/wp-json\/wp\/v2\/types\/post"}],"author":[{"embeddable":true,"href":"https:\/\/standort-niederrhein.de\/en\/wp-json\/wp\/v2\/users\/3"}],"replies":[{"embeddable":true,"href":"https:\/\/standort-niederrhein.de\/en\/wp-json\/wp\/v2\/comments?post=5368"}],"version-history":[{"count":1,"href":"https:\/\/standort-niederrhein.de\/en\/wp-json\/wp\/v2\/posts\/5368\/revisions"}],"predecessor-version":[{"id":5370,"href":"https:\/\/standort-niederrhein.de\/en\/wp-json\/wp\/v2\/posts\/5368\/revisions\/5370"}],"wp:featuredmedia":[{"embeddable":true,"href":"https:\/\/standort-niederrhein.de\/en\/wp-json\/wp\/v2\/media\/5369"}],"wp:attachment":[{"href":"https:\/\/standort-niederrhein.de\/en\/wp-json\/wp\/v2\/media?parent=5368"}],"wp:term":[{"taxonomy":"category","embeddable":true,"href":"https:\/\/standort-niederrhein.de\/en\/wp-json\/wp\/v2\/categories?post=5368"},{"taxonomy":"post_tag","embeddable":true,"href":"https:\/\/standort-niederrhein.de\/en\/wp-json\/wp\/v2\/tags?post=5368"}],"curies":[{"name":"wp","href":"https:\/\/api.w.org\/{rel}","templated":true}]}}