{"id":5358,"date":"2024-12-28T06:00:00","date_gmt":"2024-12-28T05:00:00","guid":{"rendered":"https:\/\/invest-in-niederrhein.de\/?p=5358"},"modified":"2024-12-19T09:16:58","modified_gmt":"2024-12-19T08:16:58","slug":"moenchengladbach-laesst-ein-parkraumkonzept-erarbeiten","status":"publish","type":"post","link":"https:\/\/standort-niederrhein.de\/en\/2024\/12\/28\/moenchengladbach-laesst-ein-parkraumkonzept-erarbeiten\/","title":{"rendered":"M\u00f6nchengladbach l\u00e4sst ein Parkraumkonzept erarbeiten"},"content":{"rendered":"\n<p><strong>M\u00f6nchengladbach.<\/strong> Die Stadt M\u00f6nchengladbach soll ein Parkraumkonzept erhalten. Ziel ist es, ausgewogene und zukunftsf\u00e4hige L\u00f6sungen f\u00fcr die Organisation des ruhenden Verkehrs im gesamten Stadtgebiet aufzuzeigen. Siedlungsbereiche mit besonderer Verkehrsbelastung werden dabei eingehender untersucht. In seiner Sitzung Ende November hat der Ausschuss f\u00fcr Umwelt und Mobilit\u00e4t auf Vorschlag der Verwaltung beschlossen, \u00fcber eine \u00f6ffentliche Vergabe ein geeignetes Fachb\u00fcro mit der Erstellung des Konzepts zu beauftragen.<\/p>\n\n\n\n<p>Zust\u00e4ndig f\u00fcr Mobilit\u00e4t ist die Technische Beigeordnete Claudia Schwan-Schmitz. Die Idee hinter dem Konzept erkl\u00e4rt sie so: &#8220;Gerade bei der Gestaltung des \u00f6ffentlichen Verkehrsraums sto\u00dfen viele berechtige Interessen aufeinander und verursachen Nutzungskonflikte. Immer wieder steht das Thema Parkraum im Fokus. Mit dem Parkraumkonzept wollen wir eine umfassende und systematische Untersuchung der Parkraumsituation in der Gesamtstadt erhalten, die \u00fcber das einzelne Planungsgebiet einer Ma\u00dfnahme hinausgeht. Die Umsetzung k\u00fcnftiger Projekte soll so erleichtert und beschleunigt werden.&#8221;<\/p>\n\n\n\n<p>Die Zielsetzungen hinter dem Konzept sind mannigfaltig. So sollen etwa Parksuchverkehre verringert werden, Verlagerungsm\u00f6glichkeiten auf private und halb\u00f6ffentliche Parkfl\u00e4chen aufgezeigt, das Bewohnerparken optimiert oder ausreichende Parkchancen in angemessener Entfernung sichergestellt werden. Aber auch die F\u00f6rderung alternativer Mobilit\u00e4tsformen wie Carsharing und die M\u00f6glichkeiten, halb\u00f6ffentliche Parkfl\u00e4chen mehrfach zu nutzen, stehen auf der Ideenliste. Au\u00dferdem soll der Ausbau der \u00f6ffentlichen E-Ladeinfrastruktur st\u00e4rker gesteuert werden. Nach erfolgreicher Auftragsvergabe k\u00f6nnte die Konzeptarbeit voraussichtlich im zweiten Quartal 2025 beginnen. Mit einer Fertigstellung ist 2026 zu rechnen.<\/p>\n\n\n\n<p>Quelle: <a href=\"http:\/\/www.moenchengladbach.de\">Stadt M\u00f6nchengladbach<\/a><\/p>\n","protected":false},"excerpt":{"rendered":"<p>M\u00f6nchengladbach. Die Stadt M\u00f6nchengladbach soll ein Parkraumkonzept erhalten. Ziel ist es, ausgewogene und zukunftsf\u00e4hige L\u00f6sungen f\u00fcr die Organisation des ruhenden Verkehrs im gesamten Stadtgebiet aufzuzeigen. Siedlungsbereiche mit besonderer Verkehrsbelastung werden dabei eingehender untersucht. In seiner Sitzung Ende November hat der Ausschuss f\u00fcr Umwelt und Mobilit\u00e4t auf Vorschlag der Verwaltung beschlossen, \u00fcber eine \u00f6ffentliche Vergabe ein [&hellip;]<\/p>\n","protected":false},"author":3,"featured_media":0,"comment_status":"closed","ping_status":"closed","sticky":false,"template":"","format":"standard","meta":{"_et_pb_use_builder":"","_et_pb_old_content":"","_et_gb_content_width":"","footnotes":""},"categories":[1],"tags":[],"class_list":["post-5358","post","type-post","status-publish","format-standard","hentry","category-allgemein"],"_links":{"self":[{"href":"https:\/\/standort-niederrhein.de\/en\/wp-json\/wp\/v2\/posts\/5358","targetHints":{"allow":["GET"]}}],"collection":[{"href":"https:\/\/standort-niederrhein.de\/en\/wp-json\/wp\/v2\/posts"}],"about":[{"href":"https:\/\/standort-niederrhein.de\/en\/wp-json\/wp\/v2\/types\/post"}],"author":[{"embeddable":true,"href":"https:\/\/standort-niederrhein.de\/en\/wp-json\/wp\/v2\/users\/3"}],"replies":[{"embeddable":true,"href":"https:\/\/standort-niederrhein.de\/en\/wp-json\/wp\/v2\/comments?post=5358"}],"version-history":[{"count":1,"href":"https:\/\/standort-niederrhein.de\/en\/wp-json\/wp\/v2\/posts\/5358\/revisions"}],"predecessor-version":[{"id":5359,"href":"https:\/\/standort-niederrhein.de\/en\/wp-json\/wp\/v2\/posts\/5358\/revisions\/5359"}],"wp:attachment":[{"href":"https:\/\/standort-niederrhein.de\/en\/wp-json\/wp\/v2\/media?parent=5358"}],"wp:term":[{"taxonomy":"category","embeddable":true,"href":"https:\/\/standort-niederrhein.de\/en\/wp-json\/wp\/v2\/categories?post=5358"},{"taxonomy":"post_tag","embeddable":true,"href":"https:\/\/standort-niederrhein.de\/en\/wp-json\/wp\/v2\/tags?post=5358"}],"curies":[{"name":"wp","href":"https:\/\/api.w.org\/{rel}","templated":true}]}}