{"id":5356,"date":"2024-12-27T14:08:56","date_gmt":"2024-12-27T13:08:56","guid":{"rendered":"https:\/\/invest-in-niederrhein.de\/?p=5356"},"modified":"2024-12-18T14:10:40","modified_gmt":"2024-12-18T13:10:40","slug":"stadt-legt-angepasste-entwurfsplanung-fuer-willy-goeldenbachs-platz-vor","status":"publish","type":"post","link":"https:\/\/standort-niederrhein.de\/en\/2024\/12\/27\/stadt-legt-angepasste-entwurfsplanung-fuer-willy-goeldenbachs-platz-vor\/","title":{"rendered":"Stadt legt angepasste Entwurfsplanung f\u00fcr Willy-G\u00f6ldenbachs-Platz vor"},"content":{"rendered":"\n<p><strong>Krefeld. <\/strong>Mit dem St\u00e4rkungspaket Innenstadt werden zentrale Pl\u00e4tze in der Krefelder City eine Aufwertung erfahren: F\u00fcr den Willy-G\u00f6ldenbachs-Platz hat die Stadtverwaltung gemeinsam mit dem Kommunalbetrieb Krefeld jetzt die Planung weiterentwickelt und in der Sitzung der Bezirksvertretung Mitte am 10. Dezember vorgestellt. Dabei sind insbesondere f\u00fcr das geplante Fahrradparkhaus und die Boulebahn neue Standorte gefunden worden. Der Willy-G\u00f6ldenbachs-Platz soll weiter begr\u00fcnt werden, um auch Au\u00dfengastronomie dort attraktiver zu machen. \u201eDie Platzgestaltung wird f\u00fcr eine Steigerung der Aufenthaltsqualit\u00e4t in der Innenstadt sorgen. Zusammen mit dem Willy-G\u00f6ldenbachs-Platz sollen auch weitere Pl\u00e4tze in der City wie der Evangelische-Kirch-Platz und der Dr.-Isidor-Hirschfelder-Platz aufgewertet werden\u201c, betont Planungsdezernent Marcus Beyer. Insgesamt entstehen voraussichtlich f\u00fcr die Umgestaltung inklusive Bau des Fahrradparkhauses Kosten in H\u00f6he von 347.000 Euro. F\u00fcr den Bau ist ein Zeitraum von sechs Monaten veranschlagt. Baubeginn soll in 2025 sein.<\/p>\n\n\n\n<p>Urspr\u00fcnglich vollfl\u00e4chig versiegelt und als Parkplatz genutzt, wurde der Willy-G\u00f6ldenbachs-Platz 2008 im n\u00f6rdlichen Bereich entsiegelt und in einen gr\u00fcnen Platz mit Gr\u00fcnfl\u00e4chen, Hecken und Sitzm\u00f6glichkeiten umgebaut. Der s\u00fcdliche Teil des Platzes blieb als Parkplatz mit 20 Stellpl\u00e4tzen erhalten. Der Ausschuss f\u00fcr Planen, Mobilit\u00e4t und Stadtentwicklung hatte die Verwaltung 2021 beauftragt, die bestehenden Parkpl\u00e4tze umzuwandeln und mehr Gr\u00fcnfl\u00e4che zu schaffen. In der jetzt angepassten Entwurfsplanung f\u00fcr den s\u00fcdlichen Bereich bleiben alle Baumstandorte erhalten, auch die vorhandene Wegeverbindung bleibt. Die entsiegelten Fl\u00e4chen werden in Anlehnung an die n\u00f6rdliche Platzgestaltung ebenfalls zum Teil zu Rasenfl\u00e4chen mit einfassenden Hecken umgestaltet.<\/p>\n\n\n\n<p>Auf dem zu erneuernden Teilst\u00fcck des Willy-G\u00f6ldenbachs-Platzes wird ein Radparkhaus mit Platz f\u00fcr 16 R\u00e4der entstehen, die sicher und wettergesch\u00fctzt abgestellt werden k\u00f6nnen. Das Fahrradparkhaus wird automatisiert betrieben. Dabei werden die Stellpl\u00e4tze mithilfe der Paternoster-Technologie in die jeweilige Position gebracht. Vorgesehen sind zwei nebeneinander zu errichtende T\u00fcrme mit jeweils acht Stellpl\u00e4tzen. Auf einer vergleichsweise kleinen Grundfl\u00e4che k\u00f6nnen somit mehrere Fahrr\u00e4der unter geringem Platzverbrauch sicher abgestellt werden. Das Fahrradparkhaus wird so errichtet, dass es mit einer H\u00f6he von 7,75 Metern m\u00f6glichst keine st\u00f6rende Wirkung oder Sichtbeeintr\u00e4chtigung f\u00fcr die Anlieger darstellt. Es erh\u00e4lt seinen Standort gegen\u00fcber der Scheutenstra\u00dfe 59\/61. Der Zugang ist zur Scheutenstra\u00dfe ausgerichtet, da der Radverkehr \u00fcber diese Stra\u00dfe erschlossen wird. <\/p>\n\n\n\n<p>Die urspr\u00fcnglich im n\u00f6rdlichen Bereich geplante Boulefl\u00e4che wird nun im s\u00fcdlichen Bereich realisiert. Dadurch wird eine wirtschaftliche und nachhaltige Umsetzung erm\u00f6glicht, die keine vorhandene Gr\u00fcnfl\u00e4che versiegelt. Die Parkplatzfl\u00e4chen entfallen mit Ausnahme eines zugewiesenen Behindertenstellplatzes, der an anderer Stelle angesiedelt und \u00fcber die Scheutenstra\u00dfe erschlossen wird. Insgesamt wird mit der Umgestaltung zudem erreicht, dass sich der Parksuchverkehr in diesem Bereich verringert.<\/p>\n\n\n\n<p>Quelle: <a href=\"http:\/\/www.krefeld.de\">Stadt Krefeld<\/a><\/p>\n","protected":false},"excerpt":{"rendered":"<p>Krefeld. Mit dem St\u00e4rkungspaket Innenstadt werden zentrale Pl\u00e4tze in der Krefelder City eine Aufwertung erfahren: F\u00fcr den Willy-G\u00f6ldenbachs-Platz hat die Stadtverwaltung gemeinsam mit dem Kommunalbetrieb Krefeld jetzt die Planung weiterentwickelt und in der Sitzung der Bezirksvertretung Mitte am 10. Dezember vorgestellt. Dabei sind insbesondere f\u00fcr das geplante Fahrradparkhaus und die Boulebahn neue Standorte gefunden worden. [&hellip;]<\/p>\n","protected":false},"author":3,"featured_media":0,"comment_status":"closed","ping_status":"closed","sticky":false,"template":"","format":"standard","meta":{"_et_pb_use_builder":"","_et_pb_old_content":"","_et_gb_content_width":"","footnotes":""},"categories":[1],"tags":[],"class_list":["post-5356","post","type-post","status-publish","format-standard","hentry","category-allgemein"],"_links":{"self":[{"href":"https:\/\/standort-niederrhein.de\/en\/wp-json\/wp\/v2\/posts\/5356","targetHints":{"allow":["GET"]}}],"collection":[{"href":"https:\/\/standort-niederrhein.de\/en\/wp-json\/wp\/v2\/posts"}],"about":[{"href":"https:\/\/standort-niederrhein.de\/en\/wp-json\/wp\/v2\/types\/post"}],"author":[{"embeddable":true,"href":"https:\/\/standort-niederrhein.de\/en\/wp-json\/wp\/v2\/users\/3"}],"replies":[{"embeddable":true,"href":"https:\/\/standort-niederrhein.de\/en\/wp-json\/wp\/v2\/comments?post=5356"}],"version-history":[{"count":1,"href":"https:\/\/standort-niederrhein.de\/en\/wp-json\/wp\/v2\/posts\/5356\/revisions"}],"predecessor-version":[{"id":5357,"href":"https:\/\/standort-niederrhein.de\/en\/wp-json\/wp\/v2\/posts\/5356\/revisions\/5357"}],"wp:attachment":[{"href":"https:\/\/standort-niederrhein.de\/en\/wp-json\/wp\/v2\/media?parent=5356"}],"wp:term":[{"taxonomy":"category","embeddable":true,"href":"https:\/\/standort-niederrhein.de\/en\/wp-json\/wp\/v2\/categories?post=5356"},{"taxonomy":"post_tag","embeddable":true,"href":"https:\/\/standort-niederrhein.de\/en\/wp-json\/wp\/v2\/tags?post=5356"}],"curies":[{"name":"wp","href":"https:\/\/api.w.org\/{rel}","templated":true}]}}