{"id":5348,"date":"2024-12-21T06:00:00","date_gmt":"2024-12-21T05:00:00","guid":{"rendered":"https:\/\/invest-in-niederrhein.de\/?p=5348"},"modified":"2024-12-18T09:52:10","modified_gmt":"2024-12-18T08:52:10","slug":"internationaler-sommer-besuch","status":"publish","type":"post","link":"https:\/\/standort-niederrhein.de\/en\/2024\/12\/21\/internationaler-sommer-besuch\/","title":{"rendered":"Internationaler Sommer-Besuch"},"content":{"rendered":"\n<p><strong>Rees.<\/strong> F\u00fcr die Reeser G\u00e4stef\u00fchrerin Jutta Groot-Severt war es eine au\u00dfergew\u00f6hnliche Gruppe. Internationale Journalisten aus D\u00e4nemark, Ungarn, Norwegen, Indien, Polen, Tschechien, Spanien, Italien, USA und Slowenien f\u00fchrte sie im Rahmen einer Publikationsreise der deutschen Zentrale f\u00fcr Tourismus (DTZ) im Sommer durch Rees und den Niederrhein. \u201eHier sind verschiedene Nationen und nat\u00fcrlich auch Erfahrungen aus den eigenen Heimatl\u00e4ndern zusammengeflossen. Unsere sch\u00f6ne Region aus den Augen anderer Kulturkreise zu sehen und erlebbar zu machen, das war besonders\u201c, so Groot-Severt. Dazu gibt es jetzt eine Presseschau bei der DTZ, in der \u2013 soweit m\u00f6glich \u2013 die Berichte zusammengestellt wurden.\u00a0<\/p>\n\n\n\n<p>Wie es sich f\u00fcr den Niederrhein geh\u00f6rt, unternahm die Gruppe diese Tour nat\u00fcrlich mit dem Fahrrad. Das war eine erste Herausforderung, wie Jutta Groot-Severt berichtet: \u201eNicht jeder ist das Fahrradfahren so gewohnt, wie wir hier. Aber alle haben die Tour gut \u00fcberstanden und konnten den Niederrhein genie\u00dfen.\u201c<\/p>\n\n\n\n<p>Die viert\u00e4gige Reise f\u00fchrte \u00fcber Kalkar, Xanten, Appeldorn, Rees, Bislich nach Wesel. \u00dcber jeden Ort hatte Jutta Groot-Severt Unterlagen auf Englisch vorbereitet und berichtete in ihren F\u00fchrungen \u00fcber die Besonderheiten. Es gab genug Zeit f\u00fcr Erkundungen und nat\u00fcrlich Fotos. \u201eDie Gro\u00dfst\u00e4dte tragen dazu bei, dass Nordrhein-Westfalen das bev\u00f6lkerungsreichste Bundesland ist. Ich sp\u00fcre nicht viel davon\u201c, schreiben beispielsweise die Norweger Torill Berg und Bernt Roald Nilsen in ihrem Blog \u201ereisekick.no\u201c \u00fcber den naturgepr\u00e4gten Niederrhein. Und erg\u00e4nzen zu Rees: \u201eDie Uferpromenade soll die sch\u00f6nste am Rhein sein.\u201c<\/p>\n\n\n\n<p>Karin M\u00d8ller-Olsen aus D\u00e4nemark beschreibt ihre Reise in der Print- und Online Zeitung \u201ePolitiken\u201c Anfang Oktober so: \u201eHier gibt es Vogelgesang und schnatternde G\u00e4nse, den Duft von frisch gem\u00e4htem Heu (\u2026).\u201c<\/p>\n\n\n\n<p>Ebenfalls Ende Oktober ist im amerikanischen \u201eThe Sunday Telegraph\u201c ein Text von Peggy Newland erschienen, die ebenfalls an der Reise teilgenommen hatte. \u201eWe (\u2026) continue to the cycling friendly town Rees, where we grab some kaffeekuchen (\u2026), before lining up with other cyclists for the cycle ferry.\u201d (\u201eWir setzten die Reisen in die fahrradfreundliche Stadt Rees fort, wo wir Kaffee und Kuchen zu uns nahmen, bevor wir mit anderen mit der Fahrradf\u00e4hre \u00fcbersetzten.\u201c)<\/p>\n\n\n\n<p>Es gab noch viele weitere Berichte im Radio und aus \u00dcbersee. In einem Punkt waren sich laut Jutta Groot-Severt alle einig: \u201eUnsere G\u00e4ste waren alle von der sch\u00f6nen und vielf\u00e4ltigen Landschaft begeistert.\u201c<\/p>\n\n\n\n<p>Quelle: <a href=\"http:\/\/www.stadt-rees.de\" data-type=\"link\" data-id=\"http:\/\/www.stadt-rees.de\">Stadt Rees<\/a><\/p>\n\n\n<figure class=\"wp-block-post-featured-image\"><img loading=\"lazy\" decoding=\"async\" width=\"2560\" height=\"1920\" src=\"https:\/\/standort-niederrhein.de\/wp-content\/uploads\/2024\/12\/Pressemitteilung_REES_2024_254_Internationaler-Sommerbesuch-in-Rees-scaled.jpg\" class=\"attachment-post-thumbnail size-post-thumbnail wp-post-image\" alt=\"\" style=\"object-fit:cover;\" srcset=\"https:\/\/standort-niederrhein.de\/wp-content\/uploads\/2024\/12\/Pressemitteilung_REES_2024_254_Internationaler-Sommerbesuch-in-Rees-scaled.jpg 2560w, https:\/\/standort-niederrhein.de\/wp-content\/uploads\/2024\/12\/Pressemitteilung_REES_2024_254_Internationaler-Sommerbesuch-in-Rees-1280x960.jpg 1280w, https:\/\/standort-niederrhein.de\/wp-content\/uploads\/2024\/12\/Pressemitteilung_REES_2024_254_Internationaler-Sommerbesuch-in-Rees-980x735.jpg 980w, https:\/\/standort-niederrhein.de\/wp-content\/uploads\/2024\/12\/Pressemitteilung_REES_2024_254_Internationaler-Sommerbesuch-in-Rees-480x360.jpg 480w\" sizes=\"(min-width: 0px) and (max-width: 480px) 480px, (min-width: 481px) and (max-width: 980px) 980px, (min-width: 981px) and (max-width: 1280px) 1280px, (min-width: 1281px) 2560px, 100vw\" \/><\/figure>\n\n\n<p>Internationale Journalisten durchradelten den Niederrhein \u2013 u.a. auch Rees, hier mit G\u00e4stef\u00fchrerin Jutta Groot-Severt (Mitte mit Signalweste). | Foto: Stadt Rees<\/p>\n","protected":false},"excerpt":{"rendered":"<p>Rees. F\u00fcr die Reeser G\u00e4stef\u00fchrerin Jutta Groot-Severt war es eine au\u00dfergew\u00f6hnliche Gruppe. Internationale Journalisten aus D\u00e4nemark, Ungarn, Norwegen, Indien, Polen, Tschechien, Spanien, Italien, USA und Slowenien f\u00fchrte sie im Rahmen einer Publikationsreise der deutschen Zentrale f\u00fcr Tourismus (DTZ) im Sommer durch Rees und den Niederrhein. \u201eHier sind verschiedene Nationen und nat\u00fcrlich auch Erfahrungen aus den [&hellip;]<\/p>\n","protected":false},"author":3,"featured_media":5349,"comment_status":"closed","ping_status":"closed","sticky":false,"template":"","format":"standard","meta":{"_et_pb_use_builder":"","_et_pb_old_content":"","_et_gb_content_width":"","footnotes":""},"categories":[1],"tags":[],"class_list":["post-5348","post","type-post","status-publish","format-standard","has-post-thumbnail","hentry","category-allgemein"],"_links":{"self":[{"href":"https:\/\/standort-niederrhein.de\/en\/wp-json\/wp\/v2\/posts\/5348","targetHints":{"allow":["GET"]}}],"collection":[{"href":"https:\/\/standort-niederrhein.de\/en\/wp-json\/wp\/v2\/posts"}],"about":[{"href":"https:\/\/standort-niederrhein.de\/en\/wp-json\/wp\/v2\/types\/post"}],"author":[{"embeddable":true,"href":"https:\/\/standort-niederrhein.de\/en\/wp-json\/wp\/v2\/users\/3"}],"replies":[{"embeddable":true,"href":"https:\/\/standort-niederrhein.de\/en\/wp-json\/wp\/v2\/comments?post=5348"}],"version-history":[{"count":1,"href":"https:\/\/standort-niederrhein.de\/en\/wp-json\/wp\/v2\/posts\/5348\/revisions"}],"predecessor-version":[{"id":5350,"href":"https:\/\/standort-niederrhein.de\/en\/wp-json\/wp\/v2\/posts\/5348\/revisions\/5350"}],"wp:featuredmedia":[{"embeddable":true,"href":"https:\/\/standort-niederrhein.de\/en\/wp-json\/wp\/v2\/media\/5349"}],"wp:attachment":[{"href":"https:\/\/standort-niederrhein.de\/en\/wp-json\/wp\/v2\/media?parent=5348"}],"wp:term":[{"taxonomy":"category","embeddable":true,"href":"https:\/\/standort-niederrhein.de\/en\/wp-json\/wp\/v2\/categories?post=5348"},{"taxonomy":"post_tag","embeddable":true,"href":"https:\/\/standort-niederrhein.de\/en\/wp-json\/wp\/v2\/tags?post=5348"}],"curies":[{"name":"wp","href":"https:\/\/api.w.org\/{rel}","templated":true}]}}