{"id":5343,"date":"2024-12-17T05:00:00","date_gmt":"2024-12-17T04:00:00","guid":{"rendered":"https:\/\/invest-in-niederrhein.de\/?p=5343"},"modified":"2024-12-18T09:29:18","modified_gmt":"2024-12-18T08:29:18","slug":"parlamentarisches-fruehstueck-der-metropolregion-rheinland","status":"publish","type":"post","link":"https:\/\/standort-niederrhein.de\/en\/2024\/12\/17\/parlamentarisches-fruehstueck-der-metropolregion-rheinland\/","title":{"rendered":"Parlamentarisches Fr\u00fchst\u00fcck der Metropolregion Rheinland"},"content":{"rendered":"\n<p><strong>Rheinland.<\/strong> Das Rheinland ist die Heimat einer Vielzahl ressourcen- und energieintensiver Industrien. Entsprechend gro\u00df ist das Potenzial der Kreislaufwirtschaft f\u00fcr die erfolgreiche Transformation zur Klimaneutralit\u00e4t. Die Frage, welche zirkul\u00e4ren Wertsch\u00f6pfungsketten rheinische Unternehmen derzeit schon betreiben oder planen, stand im Mittelpunkt eines parlamentarischen Fr\u00fchst\u00fccks des Metropolregion Rheinland e.V., an dem auch Mona Neubaur, Ministerin f\u00fcr Wirtschaft, Industrie, Klimaschutz und Energie des Landes Nordrhein-Westfalen, teilnahm. Zu den ausstellenden Unternehmen z\u00e4hlten unter anderem die M\u00f6nchengladbacher AUNDE Achter und Ebels GmbH und die Neusser Speira GmbH.<\/p>\n\n\n\n<p>Die Politik zeigte sich beeindruckt davon, wie weit viele Unternehmen im Bereich Kreislaufwirtschaft schon sind. \u201eDamit dieser Weg weiter erfolgreich beschritten werden kann, m\u00fcssen die Voraussetzungen stimmen\u201c, erkl\u00e4rte J\u00fcrgen Steinmetz, Hauptgesch\u00e4ftsf\u00fchrer der Industrie- und Handelskammer (IHK) Mittlerer Niederrhein und Arbeitskreisleiter der Metropolregion Rheinland. \u201eDie Unternehmen brauchen einen klaren wirtschaftsfreundlichen Rahmen, wozu auch eine sichere Energieversorgung zu wettbewerbsf\u00e4higen Preisen z\u00e4hlt, sowie Vertrauen.\u201c<\/p>\n\n\n\n<p>Auf dem Weg zur Klimaneutralit\u00e4t spiele das Thema Carbon Management eine wichtige Rolle, so Steinmetz. Als eine wesentliche Voraussetzung f\u00fcr den industriellen Einsatz von Carbon-Capture-Utilization-and-Storage-Technologien, also der Abscheidung sowie Nutzung und Speicherung von CO2, hob Steinmetz den auch grenz\u00fcberschreitenden Aufbau einer geeigneten Transportinfrastruktur hervor: \u201eVor dem Hintergrund, dass wir in NRW und im Rheinland kaum M\u00f6glichkeiten haben, CO2 in gro\u00dfen Mengen einzulagern oder aufzubereiten, werden wir auch beim Thema Carbon Management auf eine gute Zusammenarbeit mit unseren Nachbarl\u00e4ndern angewiesen sein. Dass hier gro\u00dfe Kooperationsbereitschaft besteht, haben wir zuletzt bei unserem Besuch im Hafen Antwerpen-Br\u00fcgge feststellen k\u00f6nnen.\u201c<\/p>\n\n\n\n<p>Ministerin Neubaur zeigte sich beeindruckt von der Initiative der rheinischen Unternehmen: \u201eViele Unternehmen in der Metropolregion Rheinland arbeiten bereits jetzt vollzirkul\u00e4r und zeigen, wie Wirtschaft und Klimaschutz Hand in Hand gehen k\u00f6nnen. Davon brauchen wir mehr. Denn diese Innovationskraft st\u00e4rkt nicht nur NRW als Wirtschaftsstandort und sichert unsere Wettbewerbsf\u00e4higkeit, sondern macht uns zu echten Vorreitern f\u00fcr nachhaltigen Wohlstand.\u201c<\/p>\n\n\n\n<p>Quelle: <a href=\"https:\/\/mittlerer-niederrhein.ihk.de\/de\/oeffentlichkeitsarbeit\/pressemitteilungen\/2024\/parlamentarisches-fruehstueck-der-metropolregion-rheinland.html\">IHK Mittlerer Niederrhein<\/a><\/p>\n\n\n<figure class=\"wp-block-post-featured-image\"><img loading=\"lazy\" decoding=\"async\" width=\"987\" height=\"392\" src=\"https:\/\/standort-niederrhein.de\/wp-content\/uploads\/2024\/12\/parlamentarisches-fruehstueck-artikel2.jpg\" class=\"attachment-post-thumbnail size-post-thumbnail wp-post-image\" alt=\"\" style=\"object-fit:cover;\" srcset=\"https:\/\/standort-niederrhein.de\/wp-content\/uploads\/2024\/12\/parlamentarisches-fruehstueck-artikel2.jpg 987w, https:\/\/standort-niederrhein.de\/wp-content\/uploads\/2024\/12\/parlamentarisches-fruehstueck-artikel2-980x389.jpg 980w, https:\/\/standort-niederrhein.de\/wp-content\/uploads\/2024\/12\/parlamentarisches-fruehstueck-artikel2-480x191.jpg 480w\" sizes=\"(min-width: 0px) and (max-width: 480px) 480px, (min-width: 481px) and (max-width: 980px) 980px, (min-width: 981px) 987px, 100vw\" \/><\/figure>\n\n\n<p>Mona Neubaur, Ministerin f\u00fcr Wirtschaft, Industrie, Klimaschutz und Energie des Landes Nordrhein-Westfalen, und IHK-Hauptgesch\u00e4ftsf\u00fchrer J\u00fcrgen Steinmetz (l.) im Gespr\u00e4ch mit Peter Bolten, Gesch\u00e4ftsf\u00fchrer der M\u00f6nchengladbacher AUNDE Achter und Ebels GmbH. | Foto: Metropolregion Rheinland<\/p>\n","protected":false},"excerpt":{"rendered":"<p>Rheinland. Das Rheinland ist die Heimat einer Vielzahl ressourcen- und energieintensiver Industrien. Entsprechend gro\u00df ist das Potenzial der Kreislaufwirtschaft f\u00fcr die erfolgreiche Transformation zur Klimaneutralit\u00e4t. Die Frage, welche zirkul\u00e4ren Wertsch\u00f6pfungsketten rheinische Unternehmen derzeit schon betreiben oder planen, stand im Mittelpunkt eines parlamentarischen Fr\u00fchst\u00fccks des Metropolregion Rheinland e.V., an dem auch Mona Neubaur, Ministerin f\u00fcr Wirtschaft, [&hellip;]<\/p>\n","protected":false},"author":3,"featured_media":5344,"comment_status":"closed","ping_status":"closed","sticky":false,"template":"","format":"standard","meta":{"_et_pb_use_builder":"","_et_pb_old_content":"","_et_gb_content_width":"","footnotes":""},"categories":[1],"tags":[],"class_list":["post-5343","post","type-post","status-publish","format-standard","has-post-thumbnail","hentry","category-allgemein"],"_links":{"self":[{"href":"https:\/\/standort-niederrhein.de\/en\/wp-json\/wp\/v2\/posts\/5343","targetHints":{"allow":["GET"]}}],"collection":[{"href":"https:\/\/standort-niederrhein.de\/en\/wp-json\/wp\/v2\/posts"}],"about":[{"href":"https:\/\/standort-niederrhein.de\/en\/wp-json\/wp\/v2\/types\/post"}],"author":[{"embeddable":true,"href":"https:\/\/standort-niederrhein.de\/en\/wp-json\/wp\/v2\/users\/3"}],"replies":[{"embeddable":true,"href":"https:\/\/standort-niederrhein.de\/en\/wp-json\/wp\/v2\/comments?post=5343"}],"version-history":[{"count":1,"href":"https:\/\/standort-niederrhein.de\/en\/wp-json\/wp\/v2\/posts\/5343\/revisions"}],"predecessor-version":[{"id":5345,"href":"https:\/\/standort-niederrhein.de\/en\/wp-json\/wp\/v2\/posts\/5343\/revisions\/5345"}],"wp:featuredmedia":[{"embeddable":true,"href":"https:\/\/standort-niederrhein.de\/en\/wp-json\/wp\/v2\/media\/5344"}],"wp:attachment":[{"href":"https:\/\/standort-niederrhein.de\/en\/wp-json\/wp\/v2\/media?parent=5343"}],"wp:term":[{"taxonomy":"category","embeddable":true,"href":"https:\/\/standort-niederrhein.de\/en\/wp-json\/wp\/v2\/categories?post=5343"},{"taxonomy":"post_tag","embeddable":true,"href":"https:\/\/standort-niederrhein.de\/en\/wp-json\/wp\/v2\/tags?post=5343"}],"curies":[{"name":"wp","href":"https:\/\/api.w.org\/{rel}","templated":true}]}}