{"id":5337,"date":"2024-12-19T08:00:00","date_gmt":"2024-12-19T07:00:00","guid":{"rendered":"https:\/\/invest-in-niederrhein.de\/?p=5337"},"modified":"2024-12-19T08:47:21","modified_gmt":"2024-12-19T07:47:21","slug":"gutes-jahresergebnis-2023-durch-kreistag-festgestellt-landrat-entlastet","status":"publish","type":"post","link":"https:\/\/standort-niederrhein.de\/en\/2024\/12\/19\/gutes-jahresergebnis-2023-durch-kreistag-festgestellt-landrat-entlastet\/","title":{"rendered":"Gutes Jahresergebnis 2023 durch Kreistag festgestellt - Landrat entlastet"},"content":{"rendered":"\n<p><strong>Kreis Wesel.<\/strong> In seiner letzten Sitzung des Jahres stellte der Kreistag den Jahresabschluss 2023 fest und entlastete den Landrat einstimmig. In der Sitzung vom 21. Juni 2024 hatte die Kreisverwaltung einen entsprechenden Entwurf eingebracht, der dann von der Rechnungspr\u00fcfung mit einem uneingeschr\u00e4nkten Best\u00e4tigungsvermerk gepr\u00fcft und vom Rechnungspr\u00fcfungsausschuss einstimmig best\u00e4tigt wurde. Dieser schlug zudem einstimmig die Entlastung des Landrates f\u00fcr die Haushaltsf\u00fchrung vor.<\/p>\n\n\n\n<p>Der \u00dcberschuss des Jahres 2023 in H\u00f6he von rund 5,2 Millionen Euro wird der Ausgleichsr\u00fccklage des Kreises zugef\u00fchrt. Die Bilanzsumme des Jahres 2023 betrug rund 729,3 Millionen Euro. Die Haushalte 2024 und 2025 hatte der Kreistag bereits im Dezember 2023 als Doppelhaushalt beschlossen.<\/p>\n\n\n\n<p>Landrat Ingo Brohl: \u201eMein Ziel war und ist es, durch eine effiziente, konservative Haushaltsbewirtschaftung die Ergebnisse gegen\u00fcber dem Haushaltsplan zu verbessern. Das ist uns auch trotz der extrem schwierigen Gesamtlage von multiplen, gleichzeitigen Krisen mit beispielsweise einem v\u00f6lkerrechtswidrigen Angriffskrieg auf die Ukraine, Fluchtbewegungen, Inflation und Kostensteigerung sowie der gesamtwirtschaftlichen Lage in 2023 gut gelungen. Wir konnten erfreulicherweise eine schwarze Null erzielen. 2023 haben wir zudem die Kommunen mit 15,7 Mio. Euro unterj\u00e4hrig und au\u00dferplanm\u00e4\u00dfig zus\u00e4tzlich entlasten k\u00f6nnen, obwohl wir auf einem historisch niedrigen Kreisumlageniveau operieren und damit f\u00fcr unsere kreisangeh\u00f6rigen Kommunen in schwierigen Zeiten ein verl\u00e4sslicher, berechenbarer Partner sind. Unsere Stabilisierungsstrategie geht bislang trotz schwieriger Bedingungen weiterhin auf, auch wenn es mit Blick auf die aktuelle Haushaltsentwicklung in 2024 auch f\u00fcr die Kreisfinanzen immer schwieriger wird. Mein Dank gilt allen, die zu einer erfolgreichen Haushaltsbewirtschaftung 2023 beigetragen haben. Ebenso gilt mein Dank den ehrenamtlichen Mitgliedern des Kreistages, die insgesamt mit einer guten Grundhaltung in diesen Zeiten pflichtbewusst mit ihrer Verantwortung umgehen. Unser Niederrhein Kreis Wesel steht f\u00fcr solide Finanzen, effiziente Verwaltung und gute und wirtschaftliche Aufgabenerledigung sowie die konsequente Bearbeitung von Zukunftsthemen.\u201c<\/p>\n\n\n\n<p>Quelle: <a href=\"https:\/\/www.kreis-wesel.de\/aktuelles\/presse\/gutes-jahresergebnis-2023-durch-kreistag-festgestellt-landrat-entlastet\">Kreis Wesel<\/a><\/p>\n","protected":false},"excerpt":{"rendered":"<p>Kreis Wesel. In seiner letzten Sitzung des Jahres stellte der Kreistag den Jahresabschluss 2023 fest und entlastete den Landrat einstimmig. In der Sitzung vom 21. Juni 2024 hatte die Kreisverwaltung einen entsprechenden Entwurf eingebracht, der dann von der Rechnungspr\u00fcfung mit einem uneingeschr\u00e4nkten Best\u00e4tigungsvermerk gepr\u00fcft und vom Rechnungspr\u00fcfungsausschuss einstimmig best\u00e4tigt wurde. Dieser schlug zudem einstimmig die [&hellip;]<\/p>\n","protected":false},"author":3,"featured_media":0,"comment_status":"closed","ping_status":"closed","sticky":false,"template":"","format":"standard","meta":{"_et_pb_use_builder":"","_et_pb_old_content":"","_et_gb_content_width":"","footnotes":""},"categories":[1],"tags":[],"class_list":["post-5337","post","type-post","status-publish","format-standard","hentry","category-allgemein"],"_links":{"self":[{"href":"https:\/\/standort-niederrhein.de\/en\/wp-json\/wp\/v2\/posts\/5337","targetHints":{"allow":["GET"]}}],"collection":[{"href":"https:\/\/standort-niederrhein.de\/en\/wp-json\/wp\/v2\/posts"}],"about":[{"href":"https:\/\/standort-niederrhein.de\/en\/wp-json\/wp\/v2\/types\/post"}],"author":[{"embeddable":true,"href":"https:\/\/standort-niederrhein.de\/en\/wp-json\/wp\/v2\/users\/3"}],"replies":[{"embeddable":true,"href":"https:\/\/standort-niederrhein.de\/en\/wp-json\/wp\/v2\/comments?post=5337"}],"version-history":[{"count":1,"href":"https:\/\/standort-niederrhein.de\/en\/wp-json\/wp\/v2\/posts\/5337\/revisions"}],"predecessor-version":[{"id":5338,"href":"https:\/\/standort-niederrhein.de\/en\/wp-json\/wp\/v2\/posts\/5337\/revisions\/5338"}],"wp:attachment":[{"href":"https:\/\/standort-niederrhein.de\/en\/wp-json\/wp\/v2\/media?parent=5337"}],"wp:term":[{"taxonomy":"category","embeddable":true,"href":"https:\/\/standort-niederrhein.de\/en\/wp-json\/wp\/v2\/categories?post=5337"},{"taxonomy":"post_tag","embeddable":true,"href":"https:\/\/standort-niederrhein.de\/en\/wp-json\/wp\/v2\/tags?post=5337"}],"curies":[{"name":"wp","href":"https:\/\/api.w.org\/{rel}","templated":true}]}}