{"id":5328,"date":"2024-12-13T07:00:00","date_gmt":"2024-12-13T06:00:00","guid":{"rendered":"https:\/\/invest-in-niederrhein.de\/?p=5328"},"modified":"2024-12-13T15:40:08","modified_gmt":"2024-12-13T14:40:08","slug":"giessereimechaniker-ist-einer-der-besten-azubis-deutschland","status":"publish","type":"post","link":"https:\/\/standort-niederrhein.de\/en\/2024\/12\/13\/giessereimechaniker-ist-einer-der-besten-azubis-deutschland\/","title":{"rendered":"Gie\u00dfereimechaniker ist einer der besten Azubis Deutschland"},"content":{"rendered":"\n<p><strong>Mittlerer Niederrhein. <\/strong>Seine dreieinhalbj\u00e4hrige Ausbildung zum Gie\u00dfereimechaniker konnte er aufgrund seiner Leistungen verk\u00fcrzen. Und sein Abschluss war so gut, dass er nicht nur zu den besten Azubis der Industrie- und Handelskammer (IHK) Mittlerer Niederrhein und in Nordrhein-Westfalen geh\u00f6rt, sondern sogar zu den besten in ganz Deutschland. Gerade erst hat er in Berlin gemeinsam mit Roman Jakob, Beton- und Stahlbetonbauer bei der Voulli\u00e9 Bauunternehmung GmbH &amp; Co. KG in M\u00f6nchengladbach, an der Bundesbestenehrung der DIHK teilgenommen. Das allein ist schon eine Erfolgsgeschichte. Aber Seyedsajad Mortazavian ist erst vor dreieinhalb Jahren aus dem Iran nach Deutschland gekommen, ohne Deutschkenntnisse, aber mit jeder Menge Motivation und dem festen Willen, etwas aus seinem \u201eneuen\u201c Leben zu machen. Die Chance dazu hat ihm die Siempelkamp Giesserei GmbH \u2013 trotz anf\u00e4nglicher Skepsis \u2013 gegeben. Und Seyedsajad Mortazavian hat sie genutzt.\u00a0<\/p>\n\n\n\n<p>Im Iran hat der heute 33-J\u00e4hrige Metallurgie studiert. Dass sein Studium in Deutschland nicht anerkannt wird, hatte er bereits vom Iran aus recherchiert. Also googelte er Gie\u00dfereien in Nordrhein-Westfalen und wurde schnell f\u00fcndig. Seine Ehefrau studierte zu diesem Zeitpunkt bereits seit 2018 in D\u00fcsseldorf Informatik. Im Rahmen einer Familienzusammenf\u00fchrung folgte er ihr nach Deutschland und begann schon bald darauf seine Ausbildung in dem Krefelder Traditionsunternehmen. \u201eSeine Einstellung und sein Wille, sich zu beweisen, haben uns von Anfang an begeistert. Man merkte ihm direkt an, dass er einen ganz anderen Zugang zum Lernen hatte\u201c, sagt Ausbildungsleiter und Betriebsingenieur Eugen M\u00fcller. Sein Kollege David D\u00e4hler erg\u00e4nzt: \u201eEr hat schon so viel mitgebracht wie Lernf\u00e4higkeit, Tugenden, soziale Kompetenz und Pers\u00f6nlichkeit. Da fiel das sprachliche Defizit nicht so ins Gewicht.\u201c Das hatte sich ohnehin schon bald erledigt \u2013 denn auch beim Spracherwerb legte Seyedsajad Mortazavian ein beachtliches Tempo vor.<\/p>\n\n\n\n<p>\u201eDieses tolle Beispiel zeigt: Erfolgreiche Integration gelingt nur \u00fcber Ausbildung und Besch\u00e4ftigung\u201c, sagt IHK-Gesch\u00e4ftsf\u00fchrerin Daniela Perner. \u201eUnd f\u00fcr Unternehmen ist Integration eine gro\u00dfe Chance, einen Beitrag zur Fachkr\u00e4ftesicherung zu leisten.\u201c Die IHK engagiert sich seit Jahren mit Informationsangeboten, Beratungen, Projekten und Veranstaltungen, so zum Beispiel mit dem Projekt \u201eWillkommenslotsen\u201c zur betrieblichen Integration von Gefl\u00fcchteten. \u201eWir k\u00f6nnen Unternehmen nur motivieren und ihnen Mut machen, die Integration in den Ausbildungs- und Arbeitsmarkt anzugehen. Es lohnt sich!\u201c<\/p>\n\n\n\n<p>Der frischgebackene Gie\u00dfereimechaniker m\u00f6chte auch Mut machen, n\u00e4mlich anderen Menschen in seiner Situation \u2013 \u201eauch wenn die Sprache erst einmal nicht so gut ist\u201c. Geholfen habe ihm nicht nur seine Frau, sondern auch der Kontakt zu den vielen Kollegen, die ihn von Anfang an unterst\u00fctzt haben. \u201eWir sind ein sehr internationales Team, hier bleibt keiner alleine\u201c, best\u00e4tigt Eugen M\u00fcller. Der Ausbildungsleiter freut sich \u00fcber das gute Abschneiden seines Z\u00f6glings, wei\u00df aber auch, dass das noch l\u00e4ngst nicht das Ende seiner beruflichen Reise ist. Denn Seyedsajad Mortazavian hat noch weitere Pl\u00e4ne: \u201eIch m\u00f6chte berufsbegleitend auf jeden Fall noch den Meister oder Techniker machen.\u201c Seine Kollegen und Vorgesetzten werden ihn auch dabei sicher unterst\u00fctzen.<\/p>\n\n\n\n<p>An der Preisverleihung in Berlin nahmen rund 900 G\u00e4ste teil \u2013 neben den Eltern und Angeh\u00f6rigen der Besten vor allem Vertreterinnen und Vertreter der Ausbildungsbetriebe, Bundestagsabgeordnete sowie Pr\u00e4sidenten und Hauptgesch\u00e4ftsf\u00fchrer der Industrie- und Handelskammern. Peter Adrian, Pr\u00e4sident der Deutschen Industrie- und Handelskammer, und Vizekanzler und Bundeswirtschaftsminister Robert Habeck gratulierten den Preistr\u00e4gerinnen und Preistr\u00e4gern, die mit Pokalen und Urkunden ausgezeichnet wurden. Moderator Thore Sch\u00f6lermann f\u00fchrte zum dritten Mal durch die Veranstaltung, die live im Internet \u00fcbertragen wurde. Die Preistr\u00e4gerinnen und -tr\u00e4ger erhielten neben Pokalen und Urkunden auch einen \u201eOpen Badge\u201c, mit dem sie ihre Leistungen auch in den sozialen Medien pr\u00e4sentieren k\u00f6nnen. Insgesamt gab es 207 Bundesbeste, die sich damit unter knapp 250.000 Pr\u00fcfungsteilnehmerinnen und -teilnehmern durchgesetzt haben. Zweimal erreichten zwei Beste im gleichen Beruf die exakt gleiche Punktzahl bei ihren Pr\u00fcfungsergebnissen. Die Bundesl\u00e4nder mit den meisten Besten sind Bayern und Nordrhein-Westfalen mit jeweils 37 Super-Azubis. Es folgt Baden-W\u00fcrttemberg mit 35 Besten. Zwei Bundesbeste erreichten in ihren Pr\u00fcfungen unschlagbare 100,00 Punkte: Beide haben den Beruf Verk\u00e4ufer\/Verk\u00e4uferin erlernt.<\/p>\n\n\n\n<p>\u201eF\u00fcr die Auszubildenden ist es etwas Besonderes, in so einem festlichen Rahmen f\u00fcr ihre Leistung ausgezeichnet zu werden \u2013 und das haben sie sich auch wirklich verdient\u201c, so Perner, die Seyedsajad Mortazavian und Roman Jakob nach Berlin begleitet hat. \u201eWir sind sehr stolz, dass auch zwei Azubis vom Mittleren Niederrhein zu den Geehrten auf Bundesebene geh\u00f6ren. Das zeigt, wie talentiert unser Nachwuchs ist und wie stark unsere Ausbildungsbetriebe und Berufskollegs sind. Darauf k\u00f6nnen wir alle richtig stolz sein!\u201c<\/p>\n\n\n\n<p>Quelle: <a href=\"https:\/\/mittlerer-niederrhein.ihk.de\/de\/oeffentlichkeitsarbeit\/pressemitteilungen\/2024\/vom-gefluechteten-zu-einem-der-besten-azubis-deutschlands.html\">IHK Mittlerer Niederrhein<\/a><\/p>\n\n\n<figure class=\"wp-block-post-featured-image\"><img loading=\"lazy\" decoding=\"async\" width=\"987\" height=\"392\" src=\"https:\/\/standort-niederrhein.de\/wp-content\/uploads\/2024\/12\/pm288_bundesbestenehrung_kr_siempelkamp-artikel2.jpg\" class=\"attachment-post-thumbnail size-post-thumbnail wp-post-image\" alt=\"\" style=\"object-fit:cover;\" srcset=\"https:\/\/standort-niederrhein.de\/wp-content\/uploads\/2024\/12\/pm288_bundesbestenehrung_kr_siempelkamp-artikel2.jpg 987w, https:\/\/standort-niederrhein.de\/wp-content\/uploads\/2024\/12\/pm288_bundesbestenehrung_kr_siempelkamp-artikel2-980x389.jpg 980w, https:\/\/standort-niederrhein.de\/wp-content\/uploads\/2024\/12\/pm288_bundesbestenehrung_kr_siempelkamp-artikel2-480x191.jpg 480w\" sizes=\"(min-width: 0px) and (max-width: 480px) 480px, (min-width: 481px) and (max-width: 980px) 980px, (min-width: 981px) 987px, 100vw\" \/><\/figure>\n\n\n<p>Seyedsajad Mortazavian (M.) mit den Siempelkamp-Ausbildungsleitern Eugen M\u00fcller (r.) und David D\u00e4hler. Beide sind stolz auf ihren \u201eZ\u00f6gling\u201c, der in diesem Jahr zu den bundesbesten Azubis geh\u00f6rt.\u00a0| Foto: IHK Mittlerer Niederrhein<\/p>\n","protected":false},"excerpt":{"rendered":"<p>Mittlerer Niederrhein. Seine dreieinhalbj\u00e4hrige Ausbildung zum Gie\u00dfereimechaniker konnte er aufgrund seiner Leistungen verk\u00fcrzen. Und sein Abschluss war so gut, dass er nicht nur zu den besten Azubis der Industrie- und Handelskammer (IHK) Mittlerer Niederrhein und in Nordrhein-Westfalen geh\u00f6rt, sondern sogar zu den besten in ganz Deutschland. Gerade erst hat er in Berlin gemeinsam mit Roman [&hellip;]<\/p>\n","protected":false},"author":3,"featured_media":5329,"comment_status":"closed","ping_status":"closed","sticky":false,"template":"","format":"standard","meta":{"_et_pb_use_builder":"","_et_pb_old_content":"","_et_gb_content_width":"","footnotes":""},"categories":[1],"tags":[],"class_list":["post-5328","post","type-post","status-publish","format-standard","has-post-thumbnail","hentry","category-allgemein"],"_links":{"self":[{"href":"https:\/\/standort-niederrhein.de\/en\/wp-json\/wp\/v2\/posts\/5328","targetHints":{"allow":["GET"]}}],"collection":[{"href":"https:\/\/standort-niederrhein.de\/en\/wp-json\/wp\/v2\/posts"}],"about":[{"href":"https:\/\/standort-niederrhein.de\/en\/wp-json\/wp\/v2\/types\/post"}],"author":[{"embeddable":true,"href":"https:\/\/standort-niederrhein.de\/en\/wp-json\/wp\/v2\/users\/3"}],"replies":[{"embeddable":true,"href":"https:\/\/standort-niederrhein.de\/en\/wp-json\/wp\/v2\/comments?post=5328"}],"version-history":[{"count":1,"href":"https:\/\/standort-niederrhein.de\/en\/wp-json\/wp\/v2\/posts\/5328\/revisions"}],"predecessor-version":[{"id":5330,"href":"https:\/\/standort-niederrhein.de\/en\/wp-json\/wp\/v2\/posts\/5328\/revisions\/5330"}],"wp:featuredmedia":[{"embeddable":true,"href":"https:\/\/standort-niederrhein.de\/en\/wp-json\/wp\/v2\/media\/5329"}],"wp:attachment":[{"href":"https:\/\/standort-niederrhein.de\/en\/wp-json\/wp\/v2\/media?parent=5328"}],"wp:term":[{"taxonomy":"category","embeddable":true,"href":"https:\/\/standort-niederrhein.de\/en\/wp-json\/wp\/v2\/categories?post=5328"},{"taxonomy":"post_tag","embeddable":true,"href":"https:\/\/standort-niederrhein.de\/en\/wp-json\/wp\/v2\/tags?post=5328"}],"curies":[{"name":"wp","href":"https:\/\/api.w.org\/{rel}","templated":true}]}}