{"id":5321,"date":"2024-12-19T06:00:00","date_gmt":"2024-12-19T05:00:00","guid":{"rendered":"https:\/\/invest-in-niederrhein.de\/?p=5321"},"modified":"2024-12-13T12:35:24","modified_gmt":"2024-12-13T11:35:24","slug":"studierende-besuchen-nrw-landtag","status":"publish","type":"post","link":"https:\/\/standort-niederrhein.de\/en\/2024\/12\/19\/studierende-besuchen-nrw-landtag\/","title":{"rendered":"Studierende besuchen NRW-Landtag\u00a0"},"content":{"rendered":"\n<p><strong>M\u00f6nchengladbach\/ D\u00fcsseldorf.<\/strong> Der Kurs Cultural Governance unter der Leitung von Professor Dr. Timo Schwarzw\u00e4lder aus dem Master-Studiengang Kulturmanagement und Kulturp\u00e4dagogik der Hochschule Niederrhein hatte Anfang Dezember die Gelegenheit, den nordrhein-westf\u00e4lischen Landtag in D\u00fcsseldorf zu besuchen. Die Exkursion bot den Studierenden einen praxisnahen Einblick in die politischen Prozesse und die kulturpolitische Arbeit des Landes.<\/p>\n\n\n\n<p>Zu Beginn des Besuchs erhielten die Teilnehmerinnen und Teilnehmer eine Einf\u00fchrung in die Arbeitsweise und die Strukturen des Landtags. Anschlie\u00dfend nahmen sie eine Stunde lang an einer Plenarsitzung teil, in der aktuelle Haushaltsfragen des Landes diskutiert wurden. Besonders spannend war hierbei eine Debatte rund um die Gesellschaft f\u00fcr musikalische Auff\u00fchrungs- und mechanische Vervielf\u00e4ltigungsrechte (GEMA), die f\u00fcr den Kurs mit seinem Fokus auf Cultural Governance von besonderem Interesse war.<\/p>\n\n\n\n<p>Ein weiteres Highlight des Besuchs war eine Diskussionsrunde mit den Kulturpolitikern Klaus Kaiser (CDU) und Andreas Bialas (SPD). In der rund einst\u00fcndigen Gespr\u00e4chsrunde tauschten sich die Studierenden mit den Abgeordneten \u00fcber die aktuellen Herausforderungen der Kultur in Nordrhein-Westfalen aus.&nbsp;<\/p>\n\n\n\n<p>Themen wie aktuelle K\u00fcrzungen und die Finanzierung von Kulturprojekten, die demokratisierende Rolle der Kulturvermittlung und prek\u00e4re Arbeitsbedingungen in der Kultur wurden dabei intensiv diskutiert. Die praxisnahen Einblicke der Politiker boten den Studierenden wertvolle Ankn\u00fcpfungspunkte f\u00fcr ihre eigene akademische und berufliche Entwicklung.<\/p>\n\n\n\n<p>Zum Abschluss bot sich die Gelegenheit f\u00fcr informelle Gespr\u00e4che und Nachfragen. Die Politiker betonten dabei die besondere Aufgabe von Kulturp\u00e4dagog:innen und Kulturmanager:innen, R\u00e4ume f\u00fcr Dialog und kulturellen Austausch zu schaffen. Dabei hoben sie hervor, dass die Kultur eine essenzielle Rolle f\u00fcr eine lebendige Demokratie spiele und junge Kulturschaffende dabei eine zentrale Verantwortung tragen.<\/p>\n\n\n\n<p>Der Kurs Cultural Governance ist Teil des interdisziplin\u00e4ren Studiengangs Master Kulturmanagement und Kulturp\u00e4dagogik der Hochschule Niederrhein, der Studierende darauf vorbereitet, kulturelle Projekte und Institutionen zu managen sowie die kulturelle Bildung voranzutreiben.&nbsp;<\/p>\n\n\n\n<p>Quelle: <a href=\"http:\/\/www.hs-niederrhein.de\">Hochschule Niederrhein<\/a><\/p>\n\n\n<figure class=\"wp-block-post-featured-image\"><img loading=\"lazy\" decoding=\"async\" width=\"2560\" height=\"2228\" src=\"https:\/\/standort-niederrhein.de\/wp-content\/uploads\/2024\/12\/2024-12-13-Landtag_Kulturpaedagogik-1-scaled.jpeg\" class=\"attachment-post-thumbnail size-post-thumbnail wp-post-image\" alt=\"\" style=\"object-fit:cover;\" srcset=\"https:\/\/standort-niederrhein.de\/wp-content\/uploads\/2024\/12\/2024-12-13-Landtag_Kulturpaedagogik-1-scaled.jpeg 2560w, https:\/\/standort-niederrhein.de\/wp-content\/uploads\/2024\/12\/2024-12-13-Landtag_Kulturpaedagogik-1-1280x1114.jpeg 1280w, https:\/\/standort-niederrhein.de\/wp-content\/uploads\/2024\/12\/2024-12-13-Landtag_Kulturpaedagogik-1-980x853.jpeg 980w, https:\/\/standort-niederrhein.de\/wp-content\/uploads\/2024\/12\/2024-12-13-Landtag_Kulturpaedagogik-1-480x418.jpeg 480w\" sizes=\"(min-width: 0px) and (max-width: 480px) 480px, (min-width: 481px) and (max-width: 980px) 980px, (min-width: 981px) and (max-width: 1280px) 1280px, (min-width: 1281px) 2560px, 100vw\" \/><\/figure>\n\n\n<p>Gruppenfoto im NRW-Landtag | Foto: HSNR<\/p>\n","protected":false},"excerpt":{"rendered":"<p>M\u00f6nchengladbach\/ D\u00fcsseldorf. Der Kurs Cultural Governance unter der Leitung von Professor Dr. Timo Schwarzw\u00e4lder aus dem Master-Studiengang Kulturmanagement und Kulturp\u00e4dagogik der Hochschule Niederrhein hatte Anfang Dezember die Gelegenheit, den nordrhein-westf\u00e4lischen Landtag in D\u00fcsseldorf zu besuchen. Die Exkursion bot den Studierenden einen praxisnahen Einblick in die politischen Prozesse und die kulturpolitische Arbeit des Landes. Zu Beginn [&hellip;]<\/p>\n","protected":false},"author":3,"featured_media":5323,"comment_status":"closed","ping_status":"closed","sticky":false,"template":"","format":"standard","meta":{"_et_pb_use_builder":"","_et_pb_old_content":"","_et_gb_content_width":"","footnotes":""},"categories":[1],"tags":[],"class_list":["post-5321","post","type-post","status-publish","format-standard","has-post-thumbnail","hentry","category-allgemein"],"_links":{"self":[{"href":"https:\/\/standort-niederrhein.de\/en\/wp-json\/wp\/v2\/posts\/5321","targetHints":{"allow":["GET"]}}],"collection":[{"href":"https:\/\/standort-niederrhein.de\/en\/wp-json\/wp\/v2\/posts"}],"about":[{"href":"https:\/\/standort-niederrhein.de\/en\/wp-json\/wp\/v2\/types\/post"}],"author":[{"embeddable":true,"href":"https:\/\/standort-niederrhein.de\/en\/wp-json\/wp\/v2\/users\/3"}],"replies":[{"embeddable":true,"href":"https:\/\/standort-niederrhein.de\/en\/wp-json\/wp\/v2\/comments?post=5321"}],"version-history":[{"count":1,"href":"https:\/\/standort-niederrhein.de\/en\/wp-json\/wp\/v2\/posts\/5321\/revisions"}],"predecessor-version":[{"id":5324,"href":"https:\/\/standort-niederrhein.de\/en\/wp-json\/wp\/v2\/posts\/5321\/revisions\/5324"}],"wp:featuredmedia":[{"embeddable":true,"href":"https:\/\/standort-niederrhein.de\/en\/wp-json\/wp\/v2\/media\/5323"}],"wp:attachment":[{"href":"https:\/\/standort-niederrhein.de\/en\/wp-json\/wp\/v2\/media?parent=5321"}],"wp:term":[{"taxonomy":"category","embeddable":true,"href":"https:\/\/standort-niederrhein.de\/en\/wp-json\/wp\/v2\/categories?post=5321"},{"taxonomy":"post_tag","embeddable":true,"href":"https:\/\/standort-niederrhein.de\/en\/wp-json\/wp\/v2\/tags?post=5321"}],"curies":[{"name":"wp","href":"https:\/\/api.w.org\/{rel}","templated":true}]}}