{"id":5319,"date":"2024-12-12T08:00:00","date_gmt":"2024-12-12T07:00:00","guid":{"rendered":"https:\/\/invest-in-niederrhein.de\/?p=5319"},"modified":"2024-12-13T09:40:04","modified_gmt":"2024-12-13T08:40:04","slug":"start-fuer-den-masterplan-drei-bewegungsflaechen-am-elfrather-see","status":"publish","type":"post","link":"https:\/\/standort-niederrhein.de\/en\/2024\/12\/12\/start-fuer-den-masterplan-drei-bewegungsflaechen-am-elfrather-see\/","title":{"rendered":"Start f\u00fcr den \u201eMasterplan\u201c: Drei Bewegungsfl\u00e4chen am Elfrather See"},"content":{"rendered":"\n<p>Krefeld. Mit drei Bewegungsfl\u00e4chen am Ufer des Elfrather Sees geht der Masterplan zur Umgestaltung des Areals in die Umsetzung. Im Stadtrat wird eine entsprechende Vorlage beraten. Konkret geht es um einen inklusiven Sporttreff mit Fitnessger\u00e4ten f\u00fcr Senioren und Rollstuhlsportler am Ostufer des Sees zwischen den Parkpl\u00e4tzen P4 und P5, eine \u201eFitnessstra\u00dfe\u201c f\u00fcr Ganzk\u00f6rpertraining in der N\u00e4he des P6 am Westufer und einen Vereinstreffpunkt mit Mini-Spielfeld und Fitnesscontainer am s\u00fcdlich gelegenen Ruderclub. In der gleichen Ratssitzung wird auch ein neues Projekt am E-See beraten: der Bau einer Zuschauertrib\u00fcne an der Regattabahn. <\/p>\n\n\n\n<p>\u201eWir haben mit dem Elfrather See ein Wassersportareal, das weit und breit einzigartig ist und Raum f\u00fcr fast ein Dutzend olympischer Sportarten bietet\u201c, sagt Stadtdirektor und Sportdezernent Markus Sch\u00f6n. \u201eWas derzeit noch fehlt, sind<br>Angebote f\u00fcr die breite \u00d6ffentlichkeit. Mit dem Masterplan m\u00f6chten wir erreichen, dass Menschen aus Krefeld und Umgebung, die an der frischen Luft sportlich aktiv sein m\u00f6chten, so gerne und so oft wie m\u00f6glich den E-See ansteuern.\u201c Dazu bieten die drei Bewegungsparks einen ersten Anlass. Sie bieten Raum f\u00fcr Fitness unter freiem Himmel und setzen mit dem Angebot f\u00fcr Rollstuhlsportler bewusst auch einen Schwerpunkt auf Inklusion. Die Kosten f\u00fcr das Gesamtprojekt haben sich seit einer ersten Grobsch\u00e4tzung aus dem Jahr 2019 deutlich erh\u00f6ht und liegen nach Sch\u00e4tzung der beauftragten Landschaftsarchitekten bei rund 1,6 Millionen Euro.<\/p>\n\n\n\n<p>Neben der \u00fcblichen Baukostensteigerung wurden Aspekte wie die Versickerung, das Anlegen von Wegen und die Baustellenlogistik erst jetzt ber\u00fccksichtigt. Die notwendigen Mittel sind im Haushalt bereits f\u00fcr das Gesamtpaket Masterplan<br>vorgesehen. <\/p>\n\n\n\n<p>Als neues Projekt soll an der Regattastrecke eine Trib\u00fcne f\u00fcr rund 1000 Zuschauer gebaut und in das Seeufer integriert werden. \u201eDie U23-Europameisterschaft im Rudern im vergangenen Sommer hat gezeigt, dass die Menschen solche Veranstaltungen gut annehmen und sich gerne am See aufhalten\u201c, sagt Oliver Klostermann, Leiter des Fachbereichs Sport und Sportf\u00f6rderung. \u201eWenn sich Krefeld als anerkannter Austragungsort f\u00fcr nationale und internationale Wettbewerbe weiter etablieren m\u00f6chte, m\u00fcssen die Sportst\u00e4tten attraktiver werden \u2013 auch f\u00fcr die Zuschauer.\u201c Die Sitzfl\u00e4chen auf der Trib\u00fcne w\u00e4ren auch au\u00dferhalb von Wassersport-Wettbewerben nutzbar und laden ganzj\u00e4hrig zum Verweilen am Seeufer ein. Die Kosten f\u00fcr den Bau werden auf 900.000 Euro gesch\u00e4tzt.<\/p>\n\n\n\n<p>Weitere Projektschritte des Masterplans Elfrather See sind bereits in Vorbereitung, unter anderem der Bau von zwei weiteren Bewegungsr\u00e4umen und die Reaktivierung des Badesees. Hier wurde ein externes Planungsb\u00fcro beauftragt, das die unterschiedlichen Str\u00e4nge der Ma\u00dfnahme bearbeiten und abstimmen soll: die Ert\u00fcchtigung des Gew\u00e4ssers, die Planung des Freigel\u00e4ndes mit Kinderspielplatz und Sportanlagen sowie der Neubau eines Eingangsgeb\u00e4udes mit Gastronomie. Die Pl\u00e4ne sollen in K\u00fcrze vorgestellt werden.<\/p>\n\n\n\n<p>Quelle: <a href=\"http:\/\/www.krefeld.de\">Stadt Krefeld<\/a><\/p>\n","protected":false},"excerpt":{"rendered":"<p>Krefeld. Mit drei Bewegungsfl\u00e4chen am Ufer des Elfrather Sees geht der Masterplan zur Umgestaltung des Areals in die Umsetzung. Im Stadtrat wird eine entsprechende Vorlage beraten. Konkret geht es um einen inklusiven Sporttreff mit Fitnessger\u00e4ten f\u00fcr Senioren und Rollstuhlsportler am Ostufer des Sees zwischen den Parkpl\u00e4tzen P4 und P5, eine \u201eFitnessstra\u00dfe\u201c f\u00fcr Ganzk\u00f6rpertraining in der [&hellip;]<\/p>\n","protected":false},"author":3,"featured_media":0,"comment_status":"closed","ping_status":"closed","sticky":false,"template":"","format":"standard","meta":{"_et_pb_use_builder":"","_et_pb_old_content":"","_et_gb_content_width":"","footnotes":""},"categories":[1],"tags":[],"class_list":["post-5319","post","type-post","status-publish","format-standard","hentry","category-allgemein"],"_links":{"self":[{"href":"https:\/\/standort-niederrhein.de\/en\/wp-json\/wp\/v2\/posts\/5319","targetHints":{"allow":["GET"]}}],"collection":[{"href":"https:\/\/standort-niederrhein.de\/en\/wp-json\/wp\/v2\/posts"}],"about":[{"href":"https:\/\/standort-niederrhein.de\/en\/wp-json\/wp\/v2\/types\/post"}],"author":[{"embeddable":true,"href":"https:\/\/standort-niederrhein.de\/en\/wp-json\/wp\/v2\/users\/3"}],"replies":[{"embeddable":true,"href":"https:\/\/standort-niederrhein.de\/en\/wp-json\/wp\/v2\/comments?post=5319"}],"version-history":[{"count":1,"href":"https:\/\/standort-niederrhein.de\/en\/wp-json\/wp\/v2\/posts\/5319\/revisions"}],"predecessor-version":[{"id":5320,"href":"https:\/\/standort-niederrhein.de\/en\/wp-json\/wp\/v2\/posts\/5319\/revisions\/5320"}],"wp:attachment":[{"href":"https:\/\/standort-niederrhein.de\/en\/wp-json\/wp\/v2\/media?parent=5319"}],"wp:term":[{"taxonomy":"category","embeddable":true,"href":"https:\/\/standort-niederrhein.de\/en\/wp-json\/wp\/v2\/categories?post=5319"},{"taxonomy":"post_tag","embeddable":true,"href":"https:\/\/standort-niederrhein.de\/en\/wp-json\/wp\/v2\/tags?post=5319"}],"curies":[{"name":"wp","href":"https:\/\/api.w.org\/{rel}","templated":true}]}}